{"id":19522,"date":"2024-05-13T20:43:45","date_gmt":"2024-05-13T23:43:45","guid":{"rendered":"https:\/\/dgospel.com.br\/portal\/?p=19522"},"modified":"2024-05-13T20:43:47","modified_gmt":"2024-05-13T23:43:47","slug":"genial-quaest-para-55-lula-nao-merece-chance-em-2026","status":"publish","type":"post","link":"https:\/\/dgospel.com.br\/portal\/index.php\/2024\/05\/13\/genial-quaest-para-55-lula-nao-merece-chance-em-2026\/","title":{"rendered":"Genial\/Quaest: Para 55%, Lula n\u00e3o merece chance em 2026"},"content":{"rendered":"\n<p>Para 55% da popula\u00e7\u00e3o, o presidente&nbsp;<a href=\"http:\/\/pleno.news\/tag\/lula\" target=\"_blank\" rel=\"noreferrer noopener\">Lula<\/a>&nbsp;(PT) n\u00e3o merece mais uma chance como presidente em 2026. O resultado est\u00e1 presente na primeira pesquisa Genial\/Quaest sobre a pr\u00f3xima elei\u00e7\u00e3o presidencial, divulgada nesta segunda-feira (13). A opini\u00e3o \u00e9 maioria tanto entre os homens (59%) quanto entre as mulheres (52%). Em contrapartida, s\u00e3o 42% aqueles que aprovam uma nova chance para o petista.<\/p>\n\n\n\n<p>No crit\u00e9rio por idade, a avalia\u00e7\u00e3o de que o presidente n\u00e3o merece um novo mandato \u00e9 majorit\u00e1ria entre os grupos de 16 a 34 anos (57%) e de 35 a 59 anos (57%). No intervalo de 60 anos ou mais, a opini\u00e3o foi expressa por 48% dos consultados, mesma porcentagem dos que apoiam uma nova chance.<\/p>\n\n\n\n<p>O Sudeste \u00e9 a regi\u00e3o com maior rejei\u00e7\u00e3o a um novo mandato do presidente, 63%, seguido pelo Sul (59%) e Centro-Oeste\/Norte (58%). Na an\u00e1lise por escolaridade, a opini\u00e3o contr\u00e1ria a uma nova chance \u00e9 majorit\u00e1ria entre os que t\u00eam ensino m\u00e9dio completo ou incompleto (61%) e ensino superior incompleto ou mais (63%). A maior oposi\u00e7\u00e3o na divis\u00e3o por renda foi registrada entre os que receberam mais de cinco sal\u00e1rios m\u00ednimos, 66%.<\/p>\n\n\n\n<p>No grupo que considera dar mais um mandato para o presidente Lula, 86% avaliam o atual governo como positivo. J\u00e1 naqueles que s\u00e3o contra uma reelei\u00e7\u00e3o do petista, apenas 11% avaliam a atual gest\u00e3o como positiva.<\/p>\n\n\n\n<p>O presidente tem apoio para um novo mandato no Nordeste (60%), entre os que estudaram at\u00e9 o ensino fundamental (54%) e os que recebem at\u00e9 dois sal\u00e1rios m\u00ednimos (54%). Entre os que votaram em Lula no segundo turno da elei\u00e7\u00e3o de 2022, essa tamb\u00e9m \u00e9 a opini\u00e3o majorit\u00e1ria (74%).<\/p>\n\n\n\n<p>A pesquisa Genial\/Quaest realizou 2.045 entrevistas presenciais e tem margem de erro estimada de 2,2 pontos percentuais. A coleta ocorreu entre os dias 2 e 6 de maio, com brasileiros com 16 anos ou mais, em todos os estados.<\/p>\n\n\n\n<p><a href=\"https:\/\/www.instagram.com\/reel\/C66X2ZgIUK6\/?utm_source=ig_embed&amp;utm_campaign=loading\" target=\"_blank\" rel=\"noreferrer noopener\"><\/a><a href=\"https:\/\/www.instagram.com\/reel\/C66X2ZgIUK6\/?utm_source=ig_embed&amp;utm_campaign=loading\" target=\"_blank\" rel=\"noreferrer noopener\">&nbsp;Ver essa foto no Instagram<\/a><\/p>\n\n\n\n<p><a href=\"https:\/\/www.instagram.com\/reel\/C66X2ZgIUK6\/?utm_source=ig_embed&amp;utm_campaign=loading\" target=\"_blank\" rel=\"noreferrer noopener\"><\/a><\/p>\n\n\n\n<p><a href=\"https:\/\/www.instagram.com\/reel\/C66X2ZgIUK6\/?utm_source=ig_embed&amp;utm_campaign=loading\" target=\"_blank\" rel=\"noreferrer noopener\">Uma publica\u00e7\u00e3o compartilhada por Pleno.News (@plenonews)<\/a><\/p>\n\n\n\n<p><br>*AE<\/p>\n","protected":false},"excerpt":{"rendered":"<p>Para 55% da popula\u00e7\u00e3o, o presidente&nbsp;Lula&nbsp;(PT) n\u00e3o merece mais uma chance como presidente em 2026. O resultado est\u00e1 presente na primeira pesquisa Genial\/Quaest sobre a pr\u00f3xima elei\u00e7\u00e3o presidencial, divulgada nesta segunda-feira (13). A opini\u00e3o \u00e9 maioria tanto entre os homens (59%) quanto entre as mulheres (52%). Em contrapartida, s\u00e3o 42% aqueles que aprovam uma nova [&hellip;]<\/p>\n","protected":false},"author":2,"featured_media":19372,"comment_status":"open","ping_status":"open","sticky":false,"template":"","format":"standard","meta":[],"categories":[4],"tags":[],"_links":{"self":[{"href":"https:\/\/dgospel.com.br\/portal\/index.php\/wp-json\/wp\/v2\/posts\/19522"}],"collection":[{"href":"https:\/\/dgospel.com.br\/portal\/index.php\/wp-json\/wp\/v2\/posts"}],"about":[{"href":"https:\/\/dgospel.com.br\/portal\/index.php\/wp-json\/wp\/v2\/types\/post"}],"author":[{"embeddable":true,"href":"https:\/\/dgospel.com.br\/portal\/index.php\/wp-json\/wp\/v2\/users\/2"}],"replies":[{"embeddable":true,"href":"https:\/\/dgospel.com.br\/portal\/index.php\/wp-json\/wp\/v2\/comments?post=19522"}],"version-history":[{"count":1,"href":"https:\/\/dgospel.com.br\/portal\/index.php\/wp-json\/wp\/v2\/posts\/19522\/revisions"}],"predecessor-version":[{"id":19523,"href":"https:\/\/dgospel.com.br\/portal\/index.php\/wp-json\/wp\/v2\/posts\/19522\/revisions\/19523"}],"wp:featuredmedia":[{"embeddable":true,"href":"https:\/\/dgospel.com.br\/portal\/index.php\/wp-json\/wp\/v2\/media\/19372"}],"wp:attachment":[{"href":"https:\/\/dgospel.com.br\/portal\/index.php\/wp-json\/wp\/v2\/media?parent=19522"}],"wp:term":[{"taxonomy":"category","embeddable":true,"href":"https:\/\/dgospel.com.br\/portal\/index.php\/wp-json\/wp\/v2\/categories?post=19522"},{"taxonomy":"post_tag","embeddable":true,"href":"https:\/\/dgospel.com.br\/portal\/index.php\/wp-json\/wp\/v2\/tags?post=19522"}],"curies":[{"name":"wp","href":"https:\/\/api.w.org\/{rel}","templated":true}]}}