{"id":19530,"date":"2024-05-13T21:37:47","date_gmt":"2024-05-14T00:37:47","guid":{"rendered":"https:\/\/dgospel.com.br\/portal\/?p=19530"},"modified":"2024-05-13T21:37:48","modified_gmt":"2024-05-14T00:37:48","slug":"governo-lula-cheira-a-mofo-afirma-acm-neto","status":"publish","type":"post","link":"https:\/\/dgospel.com.br\/portal\/index.php\/2024\/05\/13\/governo-lula-cheira-a-mofo-afirma-acm-neto\/","title":{"rendered":"\u201cGoverno Lula cheira a mofo\u201d, afirma ACM Neto"},"content":{"rendered":"\n<p>O vice-presidente eleito do Uni\u00e3o Brasil e ex-prefeito de Salvador, ACM Neto, disse que o governo Lula (PT) est\u00e1 preso ao passado. A declara\u00e7\u00e3o foi dada em entrevista ao jornal Correio, da Bahia.<\/p>\n\n\n\n<p>ACM Neto afirmou que a gest\u00e3o petista cheira a mofo em rela\u00e7\u00e3o \u00e0 pr\u00e1tica pol\u00edtica e \u00e0s a\u00e7\u00f5es de governo.<\/p>\n\n\n\n<p>\u2013 [Esse] \u00c9 um governo que cheira a mofo em rela\u00e7\u00e3o \u00e0 pr\u00e1tica pol\u00edtica. E tamb\u00e9m cheira a mofo em rela\u00e7\u00e3o \u00e0s a\u00e7\u00f5es de governo, aos projetos para o pa\u00eds \u2013 falou.<\/p>\n\n\n\n<p>E acrescentou:<\/p>\n\n\n\n<p>\u2013 A gente v\u00ea um governo envelhecido. Um governo que continua preso ao passado, seja na pr\u00e1tica pol\u00edtica, seja nas a\u00e7\u00f5es e planos de trabalho e de governo em si. Nas pr\u00e1ticas pol\u00edticas, porque n\u00e3o souberam fazer uma constru\u00e7\u00e3o pol\u00edtica mais ampla, reeditaram a l\u00f3gica do passado, do pr\u00f3prio PT, do toma l\u00e1 d\u00e1 c\u00e1. [\u00c9] Um governo extremamente dominado por quadros petistas. Ent\u00e3o, n\u00e3o \u00e9 um governo plural. Outros partidos ocupam espa\u00e7os perif\u00e9ricos, menos relevantes. E quando se trata de discutir a agenda do pa\u00eds, quando se trata de discutir pol\u00edticas p\u00fablicas, prioridades, rumos e caminhos, essas discuss\u00f5es acontecem intramuros, exclusivamente, entre os petistas.<\/p>\n","protected":false},"excerpt":{"rendered":"<p>O vice-presidente eleito do Uni\u00e3o Brasil e ex-prefeito de Salvador, ACM Neto, disse que o governo Lula (PT) est\u00e1 preso ao passado. A declara\u00e7\u00e3o foi dada em entrevista ao jornal Correio, da Bahia. ACM Neto afirmou que a gest\u00e3o petista cheira a mofo em rela\u00e7\u00e3o \u00e0 pr\u00e1tica pol\u00edtica e \u00e0s a\u00e7\u00f5es de governo. \u2013 [Esse] [&hellip;]<\/p>\n","protected":false},"author":2,"featured_media":19532,"comment_status":"open","ping_status":"open","sticky":false,"template":"","format":"standard","meta":[],"categories":[4],"tags":[],"_links":{"self":[{"href":"https:\/\/dgospel.com.br\/portal\/index.php\/wp-json\/wp\/v2\/posts\/19530"}],"collection":[{"href":"https:\/\/dgospel.com.br\/portal\/index.php\/wp-json\/wp\/v2\/posts"}],"about":[{"href":"https:\/\/dgospel.com.br\/portal\/index.php\/wp-json\/wp\/v2\/types\/post"}],"author":[{"embeddable":true,"href":"https:\/\/dgospel.com.br\/portal\/index.php\/wp-json\/wp\/v2\/users\/2"}],"replies":[{"embeddable":true,"href":"https:\/\/dgospel.com.br\/portal\/index.php\/wp-json\/wp\/v2\/comments?post=19530"}],"version-history":[{"count":1,"href":"https:\/\/dgospel.com.br\/portal\/index.php\/wp-json\/wp\/v2\/posts\/19530\/revisions"}],"predecessor-version":[{"id":19533,"href":"https:\/\/dgospel.com.br\/portal\/index.php\/wp-json\/wp\/v2\/posts\/19530\/revisions\/19533"}],"wp:featuredmedia":[{"embeddable":true,"href":"https:\/\/dgospel.com.br\/portal\/index.php\/wp-json\/wp\/v2\/media\/19532"}],"wp:attachment":[{"href":"https:\/\/dgospel.com.br\/portal\/index.php\/wp-json\/wp\/v2\/media?parent=19530"}],"wp:term":[{"taxonomy":"category","embeddable":true,"href":"https:\/\/dgospel.com.br\/portal\/index.php\/wp-json\/wp\/v2\/categories?post=19530"},{"taxonomy":"post_tag","embeddable":true,"href":"https:\/\/dgospel.com.br\/portal\/index.php\/wp-json\/wp\/v2\/tags?post=19530"}],"curies":[{"name":"wp","href":"https:\/\/api.w.org\/{rel}","templated":true}]}}