{"id":19534,"date":"2024-05-14T16:04:57","date_gmt":"2024-05-14T19:04:57","guid":{"rendered":"https:\/\/dgospel.com.br\/portal\/?p=19534"},"modified":"2024-05-14T16:04:58","modified_gmt":"2024-05-14T19:04:58","slug":"produtores-do-rs-alertam-para-importacao-milionaria-e-desnecessaria-de-arroz-nao-ha-motivo-para-alerta","status":"publish","type":"post","link":"https:\/\/dgospel.com.br\/portal\/index.php\/2024\/05\/14\/produtores-do-rs-alertam-para-importacao-milionaria-e-desnecessaria-de-arroz-nao-ha-motivo-para-alerta\/","title":{"rendered":"Produtores do RS alertam para importa\u00e7\u00e3o milion\u00e1ria e desnecess\u00e1ria de arroz: \u2018N\u00e3o h\u00e1 motivo para alerta\u2019"},"content":{"rendered":"\n<p>A recente medida provis\u00f3ria do presidente Lula, que autoriza a importa\u00e7\u00e3o de 1 milh\u00e3o de toneladas de arroz, provocou rea\u00e7\u00f5es mistas entre os produtores nacionais. A decis\u00e3o surpreendeu a Federarroz (Federa\u00e7\u00e3o das Associa\u00e7\u00f5es de Arrozeiros do Rio Grande do Sul), que enfatizou a aus\u00eancia de risco de desabastecimento, apontando para uma safra 2023\/2024 projetada em 7.150 toneladas, suficientes para atender a demanda.<\/p>\n\n\n\n<p>Mesmo com as dificuldades log\u00edsticas de escoamento devido a estradas interditadas, a Federarroz assegura que a situa\u00e7\u00e3o \u201cser\u00e1 brevemente superada\u201d. A medida, dirigida pela Conab sob a gest\u00e3o de Edegar Pretto, destinou R$416 milh\u00f5es para as primeiras 104 mil toneladas de arroz importado, gerando contentamento entre os importadores, mas frustra\u00e7\u00e3o entre os produtores locais.<\/p>\n\n\n\n<p>O deputado Rodolfo Nogueira (PL-MS), vice-presidente da Comiss\u00e3o de Agricultura, criticou a a\u00e7\u00e3o governamental como \u201cintempestiva e desnecess\u00e1ria\u201d, urgindo o governo a focar no escoamento do produto e na emiss\u00e3o de notas fiscais para transporte.<\/p>\n\n\n\n<p>Enquanto isso, o Brasil se prepara para receber arroz da Tail\u00e2ndia, medida anunciada pelo Ministro da Agricultura, Carlos F\u00e1varo, que justificou a importa\u00e7\u00e3o como uma forma de regular a oferta e estabilizar os pre\u00e7os, face \u00e0s perdas de lavoura e armazenamento em fun\u00e7\u00e3o de enchentes no Rio Grande do Sul e problemas log\u00edsticos.<\/p>\n\n\n\n<p>Alexandre Velho, presidente da Federarroz, contradiz a necessidade da importa\u00e7\u00e3o, declarando que \u201ctemos bastante arroz para deslocar para as regi\u00f5es centrais do Brasil. Ent\u00e3o n\u00e3o existe qualquer problema com rela\u00e7\u00e3o ao abastecimento ou uma necessidade urgente de importa\u00e7\u00e3o\u201d. O Rio Grande do Sul, respons\u00e1vel por 70% da produ\u00e7\u00e3o nacional, e outros estados produtores t\u00eam capacidade destacada de fornecimento, segundo Velho.<\/p>\n\n\n\n<p>A medida, embora visando estabilidade, n\u00e3o foi bem-recebida por muitos no setor agr\u00edcola, que veem nela uma poss\u00edvel desvaloriza\u00e7\u00e3o do esfor\u00e7o e produ\u00e7\u00e3o nacional em um dos principais insumos do pa\u00eds.<\/p>\n","protected":false},"excerpt":{"rendered":"<p>A recente medida provis\u00f3ria do presidente Lula, que autoriza a importa\u00e7\u00e3o de 1 milh\u00e3o de toneladas de arroz, provocou rea\u00e7\u00f5es mistas entre os produtores nacionais. A decis\u00e3o surpreendeu a Federarroz (Federa\u00e7\u00e3o das Associa\u00e7\u00f5es de Arrozeiros do Rio Grande do Sul), que enfatizou a aus\u00eancia de risco de desabastecimento, apontando para uma safra 2023\/2024 projetada em [&hellip;]<\/p>\n","protected":false},"author":2,"featured_media":19535,"comment_status":"open","ping_status":"open","sticky":false,"template":"","format":"standard","meta":[],"categories":[10],"tags":[],"_links":{"self":[{"href":"https:\/\/dgospel.com.br\/portal\/index.php\/wp-json\/wp\/v2\/posts\/19534"}],"collection":[{"href":"https:\/\/dgospel.com.br\/portal\/index.php\/wp-json\/wp\/v2\/posts"}],"about":[{"href":"https:\/\/dgospel.com.br\/portal\/index.php\/wp-json\/wp\/v2\/types\/post"}],"author":[{"embeddable":true,"href":"https:\/\/dgospel.com.br\/portal\/index.php\/wp-json\/wp\/v2\/users\/2"}],"replies":[{"embeddable":true,"href":"https:\/\/dgospel.com.br\/portal\/index.php\/wp-json\/wp\/v2\/comments?post=19534"}],"version-history":[{"count":1,"href":"https:\/\/dgospel.com.br\/portal\/index.php\/wp-json\/wp\/v2\/posts\/19534\/revisions"}],"predecessor-version":[{"id":19536,"href":"https:\/\/dgospel.com.br\/portal\/index.php\/wp-json\/wp\/v2\/posts\/19534\/revisions\/19536"}],"wp:featuredmedia":[{"embeddable":true,"href":"https:\/\/dgospel.com.br\/portal\/index.php\/wp-json\/wp\/v2\/media\/19535"}],"wp:attachment":[{"href":"https:\/\/dgospel.com.br\/portal\/index.php\/wp-json\/wp\/v2\/media?parent=19534"}],"wp:term":[{"taxonomy":"category","embeddable":true,"href":"https:\/\/dgospel.com.br\/portal\/index.php\/wp-json\/wp\/v2\/categories?post=19534"},{"taxonomy":"post_tag","embeddable":true,"href":"https:\/\/dgospel.com.br\/portal\/index.php\/wp-json\/wp\/v2\/tags?post=19534"}],"curies":[{"name":"wp","href":"https:\/\/api.w.org\/{rel}","templated":true}]}}