{"id":19540,"date":"2024-05-14T16:43:16","date_gmt":"2024-05-14T19:43:16","guid":{"rendered":"https:\/\/dgospel.com.br\/portal\/?p=19540"},"modified":"2024-05-14T16:43:18","modified_gmt":"2024-05-14T19:43:18","slug":"deputado-do-pt-participa-de-evento-com-porta-voz-do-hamas","status":"publish","type":"post","link":"https:\/\/dgospel.com.br\/portal\/index.php\/2024\/05\/14\/deputado-do-pt-participa-de-evento-com-porta-voz-do-hamas\/","title":{"rendered":"Deputado do PT participa de evento com porta-voz do Hamas"},"content":{"rendered":"\n<p>O deputado federal Jo\u00e3o Daniel (PT-SE) esteve na 1\u00aa Confer\u00eancia Global Antiapartheid pela Palestina, na \u00c1frica do Sul, durante este fim de semana. Na ocasi\u00e3o, ele disse estar no evento como representante da bancada petista na C\u00e2mara dos Deputados e chegou a publicar foto ao lado do l\u00edder do grupo terrorista Hamas, Basem Naim.<\/p>\n\n\n\n<p>\u2013 Queria saudar e trazer o nosso abra\u00e7o em nome da bancada federal do Partido dos Trabalhadores na C\u00e2mara Federal, a qual aqui represento, e tamb\u00e9m da luta do nosso querido presidente Lula (\u2026). Queremos aqui dizer que no Brasil n\u00f3s estamos organizando comit\u00eas, estamos na luta a n\u00edvel internacional e n\u00e3o podemos jamais deixar esse tema da Palestina fora de qualquer atividade \u2013 discursou ele.<\/p>\n\n\n\n<p>Jo\u00e3o Daniel ainda afirmou que Israel comete um \u201cgenoc\u00eddio\u201d e um \u201cmassacre\u201d contra os palestinos, na ofensiva em Gaza declarada ap\u00f3s o atentado terrorista de 7 de outubro do \u00faltimo ano.<\/p>\n\n\n\n<p>\u2013 A luta contra esse massacre, contra esse genoc\u00eddio cometido por Israel, financiado pelos Estados Unidos, precisa ser acabado (\u2026). Estamos articulando para que a gente possa apoiar com o governo brasileiro, com todos os nossos parlamentares, pela condena\u00e7\u00e3o imediata do governo de Israel para que n\u00f3s possamos organizar essa grande frente a n\u00edvel internacional (\u2026). N\u00f3s precisamos organizar essa luta da Palestina sempre como uma luta pela liberta\u00e7\u00e3o pela democracia da humanidade \u2013 acrescentou.<\/p>\n\n\n\n<p>Ao comentar sua ida ao evento, Jo\u00e3o Daniel disse, nas redes sociais, que o Brasil cumpre \u201cimportante papel nessa luta contra as atrocidades que o Estado de Israel tem cometido contra a Palestina com essa guerra injusta que o mundo todo est\u00e1 assistindo\u201d.<\/p>\n\n\n\n<p>Na foto em que o parlamentar aparece junto do l\u00edder do Hamas, tamb\u00e9m est\u00e1 o vice-presidente do Instituto Brasil-Palestina Sayid Ten\u00f3rio, que chegou a ser demitido da assessoria do deputado M\u00e1rcio Jerry (PCdoB-MA) por ter debochado de uma das jovens sequestradas pelo Hamas no \u00faltimo dia 7 de outubro.<\/p>\n\n\n\n<p><\/p>\n\n\n\n<figure class=\"wp-block-image size-full\"><img loading=\"lazy\" width=\"542\" height=\"542\" src=\"https:\/\/dgospel.com.br\/portal\/wp-content\/uploads\/2024\/05\/0000-2.jpg\" alt=\"\" class=\"wp-image-19541\" srcset=\"https:\/\/dgospel.com.br\/portal\/wp-content\/uploads\/2024\/05\/0000-2.jpg 542w, https:\/\/dgospel.com.br\/portal\/wp-content\/uploads\/2024\/05\/0000-2-300x300.jpg 300w, https:\/\/dgospel.com.br\/portal\/wp-content\/uploads\/2024\/05\/0000-2-150x150.jpg 150w\" sizes=\"(max-width: 542px) 100vw, 542px\" \/><\/figure>\n","protected":false},"excerpt":{"rendered":"<p>O deputado federal Jo\u00e3o Daniel (PT-SE) esteve na 1\u00aa Confer\u00eancia Global Antiapartheid pela Palestina, na \u00c1frica do Sul, durante este fim de semana. Na ocasi\u00e3o, ele disse estar no evento como representante da bancada petista na C\u00e2mara dos Deputados e chegou a publicar foto ao lado do l\u00edder do grupo terrorista Hamas, Basem Naim. \u2013 [&hellip;]<\/p>\n","protected":false},"author":2,"featured_media":19542,"comment_status":"open","ping_status":"open","sticky":false,"template":"","format":"standard","meta":[],"categories":[4],"tags":[],"_links":{"self":[{"href":"https:\/\/dgospel.com.br\/portal\/index.php\/wp-json\/wp\/v2\/posts\/19540"}],"collection":[{"href":"https:\/\/dgospel.com.br\/portal\/index.php\/wp-json\/wp\/v2\/posts"}],"about":[{"href":"https:\/\/dgospel.com.br\/portal\/index.php\/wp-json\/wp\/v2\/types\/post"}],"author":[{"embeddable":true,"href":"https:\/\/dgospel.com.br\/portal\/index.php\/wp-json\/wp\/v2\/users\/2"}],"replies":[{"embeddable":true,"href":"https:\/\/dgospel.com.br\/portal\/index.php\/wp-json\/wp\/v2\/comments?post=19540"}],"version-history":[{"count":1,"href":"https:\/\/dgospel.com.br\/portal\/index.php\/wp-json\/wp\/v2\/posts\/19540\/revisions"}],"predecessor-version":[{"id":19543,"href":"https:\/\/dgospel.com.br\/portal\/index.php\/wp-json\/wp\/v2\/posts\/19540\/revisions\/19543"}],"wp:featuredmedia":[{"embeddable":true,"href":"https:\/\/dgospel.com.br\/portal\/index.php\/wp-json\/wp\/v2\/media\/19542"}],"wp:attachment":[{"href":"https:\/\/dgospel.com.br\/portal\/index.php\/wp-json\/wp\/v2\/media?parent=19540"}],"wp:term":[{"taxonomy":"category","embeddable":true,"href":"https:\/\/dgospel.com.br\/portal\/index.php\/wp-json\/wp\/v2\/categories?post=19540"},{"taxonomy":"post_tag","embeddable":true,"href":"https:\/\/dgospel.com.br\/portal\/index.php\/wp-json\/wp\/v2\/tags?post=19540"}],"curies":[{"name":"wp","href":"https:\/\/api.w.org\/{rel}","templated":true}]}}