{"id":19547,"date":"2024-05-14T17:00:34","date_gmt":"2024-05-14T20:00:34","guid":{"rendered":"https:\/\/dgospel.com.br\/portal\/?p=19547"},"modified":"2024-05-14T17:00:35","modified_gmt":"2024-05-14T20:00:35","slug":"israel-celebra-76-anos-de-independencia-em-meio-a-guerra-contra-o-hamas","status":"publish","type":"post","link":"https:\/\/dgospel.com.br\/portal\/index.php\/2024\/05\/14\/israel-celebra-76-anos-de-independencia-em-meio-a-guerra-contra-o-hamas\/","title":{"rendered":"Israel celebra 76 anos de independ\u00eancia em meio \u00e0 guerra contra o Hamas"},"content":{"rendered":"\n<p>A tradicional cerim\u00f4nia de acendimento da tocha marcou o in\u00edcio do Dia da Independ\u00eancia e o t\u00e9rmino do Yom Hazikaron, o Dia da Mem\u00f3ria de Israel para os Soldados Ca\u00eddos e V\u00edtimas do Terrorismo.<\/p>\n\n\n\n<p>Durante&nbsp;<strong><a href=\"https:\/\/guiame.com.br\/colunistas\/getulio-cidade\/profecias-cumpridas-na-independencia-de-israel.html\">Yom HaAtzmaut<\/a><\/strong>&nbsp;\u2013 dia da Independ\u00eancia de Israel \u2013 os israelenses participam de uma s\u00e9rie de eventos comemorativos, incluindo desfiles, fogos de artif\u00edcio e cerim\u00f4nias oficiais.<\/p>\n\n\n\n<p>A data tamb\u00e9m uma oportunidade para refletir sobre os desafios e conquistas da na\u00e7\u00e3o desde a sua funda\u00e7\u00e3o, em 14 de maio de 1948, quando David Ben-Gurion leu a declara\u00e7\u00e3o de independ\u00eancia do pa\u00eds.<\/p>\n\n\n\n<p><img src=\"https:\/\/thumbor.guiame.com.br\/unsafe\/smart\/https:\/\/media.guiame.com.br\/archives\/2024\/05\/14\/2334771894-david-ben-gurion.jpg\" alt=\"\" width=\"600\"><sup>David Ben-Gurion declarando independ\u00eancia sob um grande retrato de Theodor Herzl, fundador do sionismo moderno. (Foto: Wikipedia)<\/sup><\/p>\n\n\n\n<p><strong>Lembrando 7 de outubro<\/strong><\/p>\n\n\n\n<p>Tochas foram acesas em Zikim, Sderot e outras cidades do sul, bem como perto do Kibutz Re&#8217;im, onde 364 participantes do<strong>&nbsp;<a href=\"https:\/\/guiame.com.br\/gospel\/israel\/guerra-em-israel-itamaraty-confirma-morte-de-brasileiro-pelo-hamas.html\">festival de m\u00fasica<\/a><\/strong>&nbsp;Supernova foram assassinados pelo Hamas em 7 de outubro.<\/p>\n\n\n\n<p>Quarenta e quatro pessoas foram escolhidas para acender as 12 tochas: a tocha das for\u00e7as de seguran\u00e7a, a tocha dos servi\u00e7os de emerg\u00eancia, a tocha dos socorristas, a tocha dos esquadr\u00f5es de resposta imediata, a tocha da frente de diplomacia p\u00fablica, a tocha do escudo, a tocha da esperan\u00e7a, a tocha da medicina e reabilita\u00e7\u00e3o, a tocha da vit\u00f3ria do esp\u00edrito, a tocha da doa\u00e7\u00e3o, a tocha da Di\u00e1spora e a 12\u00aa tocha, que arder\u00e1 sem portadores para simbolizar os&nbsp;<strong><a href=\"https:\/\/guiame.com.br\/gospel\/israel\/irmao-de-refem-em-gaza-relata-angustia-estamos-vivendo-um-pesadelo.html\">ref\u00e9ns em Gaza<\/a><\/strong>.<\/p>\n\n\n\n<p>Como parte da cerim\u00f4nia, que foi ajustada para refletir &#8220;a atmosfera p\u00fablica de luto, perda e profunda dor do povo de Israel&#8221;, foi transmitido um discurso em v\u00eddeo do primeiro-ministro israelense,&nbsp;<strong><a href=\"https:\/\/guiame.com.br\/gospel\/noticias\/antissemitismo-engolira-o-mundo-inteiro-se-nao-contido-diz-netanyahu.html\">Benjamin Netanyahu<\/a><\/strong>.<\/p>\n\n\n\n<p>Pela primeira vez, o primeiro-ministro foi fotografado envolto em tefilin, pequenos cubos de couro que cont\u00eam pergaminhos com passagens da Tor\u00e1. Eles s\u00e3o usados por judeus durante as ora\u00e7\u00f5es matinais em dias \u00fateis.<\/p>\n\n\n\n<p>Em seu Instagram, escreveu: \u201cQue todo o povo da terra veja que o nome do Senhor \u00e9 invocado sobre ti e ver\u00e3o de ti. &#8230; Que a mem\u00f3ria dos nossos ca\u00eddos seja aben\u00e7oada e guardada em nossos cora\u00e7\u00f5es para sempre.\u201d<\/p>\n\n\n\n<p><img src=\"https:\/\/thumbor.guiame.com.br\/unsafe\/smart\/https:\/\/media.guiame.com.br\/archives\/2024\/05\/14\/1017381060-benjamin-netanyahu-tefilin.jpg\" alt=\"\" width=\"600\"><sup>O primeiro-ministro de Israel, Benjamin Netanyahu, usando tefilin. (Foto: Instagram\/b.netanyahu)<\/sup><br><\/p>\n\n\n\n<p>A natureza comemorativa do principal evento do Dia da Independ\u00eancia foi atenuada a pedido de familiares de parte dos 132 ref\u00e9ns ainda mantidos em cativeiro pelo Hamas na Faixa de Gaza.<\/p>\n\n\n\n<p>Este ano, por motivo de seguran\u00e7a, a cerim\u00f4nia foi gravada antecipadamente sem a presen\u00e7a de p\u00fablico.<\/p>\n\n\n\n<p>O sobrevoo da For\u00e7a A\u00e9rea Israelense, que tradicionalmente ocorre no dia de Yom Haatzmaut, foi cancelado devido ao foco das for\u00e7as militares na guerra.<\/p>\n\n\n\n<p><strong>Sentido espiritual<\/strong><\/p>\n\n\n\n<p>A celebra\u00e7\u00e3o do Yom HaAtzmaut n\u00e3o \u00e9 apenas um feriado nacional, mas um dia de profundo significado espiritual, lembrando os judeus em todo o mundo do cumprimento das promessas e&nbsp;<strong><a href=\"https:\/\/guiame.com.br\/colunistas\/getulio-cidade\/profecias-cumpridas-na-independencia-de-israel.html\">profecias b\u00edblicas<\/a><\/strong>&nbsp;sobre a continuidade de sua hist\u00f3ria e identidade.<\/p>\n\n\n\n<p>Diversas profecias no Antigo Testamento referem-se ao retorno dos judeus \u00e0 sua terra e \u00e0 restaura\u00e7\u00e3o de Israel como na\u00e7\u00e3o. Entre elas, destacam-se:<\/p>\n\n\n\n<p><strong>Ezequiel 37:21-22:<\/strong>&nbsp;&#8220;Dize-lhes pois: Assim diz o Senhor Deus: Eis que eu tomarei os filhos de Israel dentre os gentios, para onde foram, e os congregarei de todos os lados, e os levarei \u00e0 sua pr\u00f3pria terra. E farei deles uma na\u00e7\u00e3o na terra, nos montes de Israel, e um rei ser\u00e1 rei de todos eles; e nunca mais ser\u00e3o duas na\u00e7\u00f5es, nunca mais para sempre se dividir\u00e3o em dois reinos.&#8221;<\/p>\n\n\n\n<p><strong>Isa\u00edas 11:11-12:<\/strong>&nbsp;&#8220;Naquele dia o Senhor estender\u00e1 outra vez a sua m\u00e3o para resgatar o remanescente do seu povo que restar da Ass\u00edria, do Egito, de Patros, da Eti\u00f3pia, de El\u00e3o, de Sinar, de Hamate e das ilhas do mar. Ele levantar\u00e1 um estandarte para as na\u00e7\u00f5es e ajuntar\u00e1 os desterrados de Israel; e os dispersos de Jud\u00e1 reunir\u00e1 desde os quatro cantos da terra.&#8221;<\/p>\n\n\n\n<p><strong>Jeremias 30:3:<\/strong>&nbsp;&#8220;Porque, eis que v\u00eam dias, diz o Senhor, em que farei voltar do cativeiro o meu povo de Israel e de Jud\u00e1, diz o Senhor; e torn\u00e1-los-ei a trazer \u00e0 terra que dei a seus pais, e a possuir\u00e3o.&#8221;<\/p>\n\n\n\n<p>A restaura\u00e7\u00e3o de Israel em 1948 \u00e9 vista por muitos como um cumprimento dessas promessas antigas, marcando o in\u00edcio de uma nova era para o povo judeu e sua terra ancestral.<\/p>\n\n\n\n<p><strong>\u2018Esp\u00edrito do povo\u2019<\/strong><\/p>\n\n\n\n<p>A popula\u00e7\u00e3o de Israel atingiu 9,9 milh\u00f5es, um aumento de 189.000 pessoas (1,9%) em rela\u00e7\u00e3o a 2023, segundo dados divulgados pelo Gabinete Central de Estat\u00edsticas na semana passada, antes do Dia da Independ\u00eancia. At\u00e9 o final do ano, a popula\u00e7\u00e3o deve atingir a marca de 10 milh\u00f5es.<\/p>\n\n\n\n<p>Netanyahu esteve com os portadores da tocha no domingo (12) e disse que, assim como Israel enfrenta atualmente um embargo de armas dos EUA no meio da guerra contra o Hamas, o mesmo ocorreu quando os ex\u00e9rcitos \u00e1rabes tentaram destruir o rec\u00e9m-formado Estado de Israel em 1948.<\/p>\n\n\n\n<p><img src=\"https:\/\/thumbor.guiame.com.br\/unsafe\/smart\/https:\/\/media.guiame.com.br\/archives\/2024\/05\/14\/719357916-benjamin-netanyahu.jpeg\" alt=\"\" width=\"600\"><sup>Benjamin Netanyahu, primeiro-ministro, fala no Dia da Independ\u00eancia de Israel. (Captura de tela\/YouTube\/CBN News)<\/sup><\/p>\n\n\n\n<p>\u201cVoc\u00eas representam os her\u00f3is do esp\u00edrito e da a\u00e7\u00e3o entre o nosso povo. &#8230; Na Guerra da Independ\u00eancia [em 1948], \u00e9ramos do tamanho de um gr\u00e3o de areia \u2013 600.000 pessoas ao longo da orla, com as costas voltadas para o mar, sem armas\u201d, disse Netanyahu aos homenageados.<\/p>\n\n\n\n<p>&#8220;Ali\u00e1s, havia um embargo dos EUA naquela \u00e9poca, [est\u00e1vamos] sem recursos, e enfrent\u00e1vamos cinco ex\u00e9rcitos \u00e1rabes \u2013 e vencemos. Como vencemos? Com her\u00f3is do esp\u00edrito e da a\u00e7\u00e3o. Com o esp\u00edrito do nosso povo. Essa foi a nossa arma secreta, n\u00e3o temos outra arma. Existem outras, mas sem essa, n\u00e3o somos nada. Isso \u00e9 o que voc\u00eas representam hoje&#8221;, acrescentou o primeiro-ministro.<\/p>\n","protected":false},"excerpt":{"rendered":"<p>A tradicional cerim\u00f4nia de acendimento da tocha marcou o in\u00edcio do Dia da Independ\u00eancia e o t\u00e9rmino do Yom Hazikaron, o Dia da Mem\u00f3ria de Israel para os Soldados Ca\u00eddos e V\u00edtimas do Terrorismo. Durante&nbsp;Yom HaAtzmaut&nbsp;\u2013 dia da Independ\u00eancia de Israel \u2013 os israelenses participam de uma s\u00e9rie de eventos comemorativos, incluindo desfiles, fogos de [&hellip;]<\/p>\n","protected":false},"author":2,"featured_media":19548,"comment_status":"open","ping_status":"open","sticky":false,"template":"","format":"standard","meta":[],"categories":[12,16],"tags":[],"_links":{"self":[{"href":"https:\/\/dgospel.com.br\/portal\/index.php\/wp-json\/wp\/v2\/posts\/19547"}],"collection":[{"href":"https:\/\/dgospel.com.br\/portal\/index.php\/wp-json\/wp\/v2\/posts"}],"about":[{"href":"https:\/\/dgospel.com.br\/portal\/index.php\/wp-json\/wp\/v2\/types\/post"}],"author":[{"embeddable":true,"href":"https:\/\/dgospel.com.br\/portal\/index.php\/wp-json\/wp\/v2\/users\/2"}],"replies":[{"embeddable":true,"href":"https:\/\/dgospel.com.br\/portal\/index.php\/wp-json\/wp\/v2\/comments?post=19547"}],"version-history":[{"count":1,"href":"https:\/\/dgospel.com.br\/portal\/index.php\/wp-json\/wp\/v2\/posts\/19547\/revisions"}],"predecessor-version":[{"id":19549,"href":"https:\/\/dgospel.com.br\/portal\/index.php\/wp-json\/wp\/v2\/posts\/19547\/revisions\/19549"}],"wp:featuredmedia":[{"embeddable":true,"href":"https:\/\/dgospel.com.br\/portal\/index.php\/wp-json\/wp\/v2\/media\/19548"}],"wp:attachment":[{"href":"https:\/\/dgospel.com.br\/portal\/index.php\/wp-json\/wp\/v2\/media?parent=19547"}],"wp:term":[{"taxonomy":"category","embeddable":true,"href":"https:\/\/dgospel.com.br\/portal\/index.php\/wp-json\/wp\/v2\/categories?post=19547"},{"taxonomy":"post_tag","embeddable":true,"href":"https:\/\/dgospel.com.br\/portal\/index.php\/wp-json\/wp\/v2\/tags?post=19547"}],"curies":[{"name":"wp","href":"https:\/\/api.w.org\/{rel}","templated":true}]}}