{"id":19559,"date":"2024-05-14T18:43:25","date_gmt":"2024-05-14T21:43:25","guid":{"rendered":"https:\/\/dgospel.com.br\/portal\/?p=19559"},"modified":"2024-05-14T18:43:26","modified_gmt":"2024-05-14T21:43:26","slug":"governo-do-tocantins-abre-leitos-de-uti-em-paraiso","status":"publish","type":"post","link":"https:\/\/dgospel.com.br\/portal\/index.php\/2024\/05\/14\/governo-do-tocantins-abre-leitos-de-uti-em-paraiso\/","title":{"rendered":"Governo do Tocantins abre leitos de UTI em Para\u00edso"},"content":{"rendered":"\n<p>O Governo do Tocantins abriu cinco leitos de Unidade de Terapia Intensiva (UTI) nesta ter\u00e7a-feira, 14, em Para\u00edso, e as unidades j\u00e1 est\u00e3o em funcionamento. O servi\u00e7o, que beneficiar\u00e1 mais de 100 mil habitantes residentes na Regi\u00e3o de Sa\u00fade Cant\u00e3o, \u00e9 resultado da contratualiza\u00e7\u00e3o que a Secretaria de Estado da Sa\u00fade (SES-TO) realizou com o&nbsp;Hospital do Cora\u00e7\u00e3o do Tocantins.<\/p>\n\n\n\n<p>\u201cA sa\u00fade \u00e9 nossa prioridade e estamos sempre empenhando todos os nossos esfor\u00e7os para garantir um atendimento de qualidade \u00e0 nossa popula\u00e7\u00e3o\u201d, destacou o governador Wanderlei Barbosa.&nbsp;<\/p>\n\n\n\n<p>O secret\u00e1rio de Estado da Sa\u00fade, Carlos Felinto, visitou o Hospital do Cora\u00e7\u00e3o na sexta-feira, 10, para verificar a estrutura e a capacidade t\u00e9cnica da unidade. \u201cPara que assim possamos firmar uma parceria que atenda os anseios da popula\u00e7\u00e3o do Vale do Araguaia, pois \u00e9 uma determina\u00e7\u00e3o do governador Wanderlei Barbosa, que os leitos de UTI sejam disponibilizados o mais breve poss\u00edvel aos usu\u00e1rios do SUS\u201d, pontuou.&nbsp;<\/p>\n\n\n\n<p>O secret\u00e1rio tamb\u00e9m esteve no Hospital Regional de Para\u00edso do Tocantins (HRPT), onde acompanhou a rotina da unidade e verificou as necessidades locais. \u201cTemos andado em nossos hospitais para acompanhar de perto a assist\u00eancia prestada \u00e0 comunidade, ouvir os nossos servidores e atender as demandas existentes em cada localidade. Assim, temos conseguido atender melhor nossa popula\u00e7\u00e3o, bater recordes de cirurgias, ampliar servi\u00e7os e melhorar a cada dia a sa\u00fade p\u00fablica do nosso Estado\u201d, finalizou.<\/p>\n\n\n\n<p>Durante as visitas, o gestor da SES-TO esteve acompanhado do secret\u00e1rio-executivo da Governadoria, Osires Damaso; e do diretor-geral do HRPT, Diego Segger. \u201c\u00c9 sempre bom quando o gestor vem pessoalmente ver a realidade da unidade. Isso deu um suporte maior e, agora, tivemos a sinaliza\u00e7\u00e3o, por parte do secret\u00e1rio Carlos Felinto, de que as obras estruturais ser\u00e3o retomadas e que teremos suporte de UTI aqui mesmo na cidade de Para\u00edso. Sem d\u00favidas, s\u00e3o avan\u00e7os significativos para a popula\u00e7\u00e3o\u201d, ressaltou o secret\u00e1rio-executivo da Governadoria, Osires Damaso.&nbsp;<\/p>\n\n\n\n<p><strong>Parcerias na regi\u00e3o<\/strong><\/p>\n\n\n\n<p>Desde 2021, a Secretaria de Estado da Sa\u00fade tem trabalhado na amplia\u00e7\u00e3o dos servi\u00e7os \u00e0 popula\u00e7\u00e3o do Vale do Araguaia, com a disponibiliza\u00e7\u00e3o de UTI m\u00f3vel no Hospital Regional de Para\u00edso e conv\u00eanio com os munic\u00edpios para a realiza\u00e7\u00e3o de cirurgias eletivas nos Hospitais de Pequeno Porte (HPPs) das cidades daquela regi\u00e3o. Mais de 4 mil pessoas j\u00e1 foram beneficiadas com os conv\u00eanios.<\/p>\n\n\n\n<p><strong>Oferta de UTIs<\/strong><\/p>\n\n\n\n<p>O Governo do Tocantins tem trabalhado para ampliar a assist\u00eancia em alta complexidade \u00e0 popula\u00e7\u00e3o usu\u00e1ria do Sistema \u00danico de Sa\u00fade (SUS). Entre as principais a\u00e7\u00f5es est\u00e1 a amplia\u00e7\u00e3o em 131% nos n\u00fameros de leitos de Unidade de Terapia Intensiva (UTI) adultos, saindo de 80 para 185; e em 43% os leitos de UTIs infantis, que foram de 72 para 103.\u00a0<\/p>\n\n\n\n<p><img src=\"https:\/\/central.to.gov.br\/image\/377005?w=670&amp;h=383\"><\/p>\n\n\n\n<p>Governador Wanderlei Barbosa destacou que a sa\u00fade \u00e9 prioridade da gest\u00e3o e sempre estar\u00e3o empenhando todos os esfor\u00e7os para garantir um atendimento de qualidade \u00e0 popula\u00e7\u00e3o &#8211; Esequias Ara\u00fajo\/Governo do Tocantins<\/p>\n\n\n\n<p><img src=\"https:\/\/central.to.gov.br\/image\/377004?w=670&amp;h=383\"><\/p>\n\n\n\n<p>Durante a visita ao Hospital Regional de Para\u00edso, o secret\u00e1rio de Estado da Sa\u00fade, Carlos Felinto, esteve acompanhado do secret\u00e1rio-executivo da Governadoria, Osires Damaso; e do diretor-geral da unidade hospitalar, Diego Segger &#8211; SES\/Governo do Tocantins\u00a0<\/p>\n\n\n\n<p><img src=\"https:\/\/central.to.gov.br\/image\/377003?w=670&amp;h=383\"><\/p>\n\n\n\n<p>No Hospital Regional de Para\u00edso, o secret\u00e1rio Carlos Felinto acompanhou a rotina da unidade e verificou as necessidades locais &#8211; SES\/Governo do Tocantins\u00a0<\/p>\n","protected":false},"excerpt":{"rendered":"<p>O Governo do Tocantins abriu cinco leitos de Unidade de Terapia Intensiva (UTI) nesta ter\u00e7a-feira, 14, em Para\u00edso, e as unidades j\u00e1 est\u00e3o em funcionamento. O servi\u00e7o, que beneficiar\u00e1 mais de 100 mil habitantes residentes na Regi\u00e3o de Sa\u00fade Cant\u00e3o, \u00e9 resultado da contratualiza\u00e7\u00e3o que a Secretaria de Estado da Sa\u00fade (SES-TO) realizou com o&nbsp;Hospital [&hellip;]<\/p>\n","protected":false},"author":2,"featured_media":19560,"comment_status":"open","ping_status":"open","sticky":false,"template":"","format":"standard","meta":[],"categories":[3],"tags":[13],"_links":{"self":[{"href":"https:\/\/dgospel.com.br\/portal\/index.php\/wp-json\/wp\/v2\/posts\/19559"}],"collection":[{"href":"https:\/\/dgospel.com.br\/portal\/index.php\/wp-json\/wp\/v2\/posts"}],"about":[{"href":"https:\/\/dgospel.com.br\/portal\/index.php\/wp-json\/wp\/v2\/types\/post"}],"author":[{"embeddable":true,"href":"https:\/\/dgospel.com.br\/portal\/index.php\/wp-json\/wp\/v2\/users\/2"}],"replies":[{"embeddable":true,"href":"https:\/\/dgospel.com.br\/portal\/index.php\/wp-json\/wp\/v2\/comments?post=19559"}],"version-history":[{"count":1,"href":"https:\/\/dgospel.com.br\/portal\/index.php\/wp-json\/wp\/v2\/posts\/19559\/revisions"}],"predecessor-version":[{"id":19561,"href":"https:\/\/dgospel.com.br\/portal\/index.php\/wp-json\/wp\/v2\/posts\/19559\/revisions\/19561"}],"wp:featuredmedia":[{"embeddable":true,"href":"https:\/\/dgospel.com.br\/portal\/index.php\/wp-json\/wp\/v2\/media\/19560"}],"wp:attachment":[{"href":"https:\/\/dgospel.com.br\/portal\/index.php\/wp-json\/wp\/v2\/media?parent=19559"}],"wp:term":[{"taxonomy":"category","embeddable":true,"href":"https:\/\/dgospel.com.br\/portal\/index.php\/wp-json\/wp\/v2\/categories?post=19559"},{"taxonomy":"post_tag","embeddable":true,"href":"https:\/\/dgospel.com.br\/portal\/index.php\/wp-json\/wp\/v2\/tags?post=19559"}],"curies":[{"name":"wp","href":"https:\/\/api.w.org\/{rel}","templated":true}]}}