{"id":19562,"date":"2024-05-14T18:45:59","date_gmt":"2024-05-14T21:45:59","guid":{"rendered":"https:\/\/dgospel.com.br\/portal\/?p=19562"},"modified":"2024-05-14T18:46:01","modified_gmt":"2024-05-14T21:46:01","slug":"seguranca-publica-conta-com-delegacia-de-policia-e-banca-de-identificacao-na-agrotins-2024","status":"publish","type":"post","link":"https:\/\/dgospel.com.br\/portal\/index.php\/2024\/05\/14\/seguranca-publica-conta-com-delegacia-de-policia-e-banca-de-identificacao-na-agrotins-2024\/","title":{"rendered":"Seguran\u00e7a P\u00fablica conta com delegacia de pol\u00edcia e banca de identifica\u00e7\u00e3o na Agrotins 2024"},"content":{"rendered":"\n<p>Durante a Feira de Tecnologia Agropecu\u00e1ria do Tocantins (Agrotins 2024), os visitantes ter\u00e3o acesso a servi\u00e7os essenciais de seguran\u00e7a e identifica\u00e7\u00e3o. Na Feira, um espa\u00e7o dedicado ao Instituto de Identifica\u00e7\u00e3o e \u00e0 Pol\u00edcia Civil est\u00e1 \u00e0 disposi\u00e7\u00e3o, proporcionando a emiss\u00e3o de documentos de identidade e o registro de ocorr\u00eancias ao longo do evento. O estande estar\u00e1 operando todos os dias de funcionamento da Agrotins 2024 para atender os visitantes.<\/p>\n\n\n\n<p>O delegado e diretor da Pol\u00edcia da Capital, Rodrigo Ferraz Prado Telles, explica que a presen\u00e7a da Pol\u00edcia Civil (PC) na Agrotins j\u00e1 \u00e9 uma tradi\u00e7\u00e3o h\u00e1 alguns anos e conta com o objetivo de facilitar a vida da popula\u00e7\u00e3o em diversas situa\u00e7\u00f5es, desde o registro de perda de documentos e celulares at\u00e9 casos mais graves.&nbsp;<\/p>\n\n\n\n<p>Este ano, decidimos inovar com a cria\u00e7\u00e3o de um estande institucional. Al\u00e9m de oferecermos atendimento ao p\u00fablico, tamb\u00e9m iremos promover palestras sobre temas importantes, como a viol\u00eancia contra a mulher. Teremos apresenta\u00e7\u00f5es sobre o aplicativo Salve Mulher, uma ferramenta crucial para lidar com quest\u00f5es de viol\u00eancia dom\u00e9stica e outros temas relevantes. Al\u00e9m disso, o Grupo de Opera\u00e7\u00f5es T\u00e1ticas Especiais (Gote) estar\u00e1 presente, exibindo suas viaturas e compartilhando detalhes sobre suas opera\u00e7\u00f5es\u201d, comentou.&nbsp;<\/p>\n\n\n\n<p><strong>Nova carteira de identidade<\/strong><\/p>\n\n\n\n<p>Luiz Ant\u00f4nio Tranqueira \u00e9 papiloscopista do Instituto de Identifica\u00e7\u00e3o e destacou que o Instituto est\u00e1 presente na Agrotins 2024 para oferecer os servi\u00e7os de emiss\u00e3o da nova carteira de identidade para o p\u00fablico participante da feira. \u201cSe voc\u00ea precisar solicitar a nova carteira de identidade, pode visitar nosso estande dentro do espa\u00e7o da Pol\u00edcia Civil. Estamos dispon\u00edveis para atendimento no per\u00edodo da manh\u00e3 e estaremos na feira durante toda a semana\u201d, pontuou.<\/p>\n\n\n\n<p>Para a emiss\u00e3o da nova carteira de identidade na feira, \u00e9 necess\u00e1rio comparecer ao instituto de identifica\u00e7\u00e3o portando a certid\u00e3o de nascimento ou casamento original. A foto \u00e9 tirada na hora e o servi\u00e7o \u00e9 totalmente gratuito, sem taxas. Para crian\u00e7as menores de cinco anos, \u00e9 necess\u00e1rio trazer uma foto 3X4.&nbsp;<\/p>\n\n\n\n<p>O jovem Paulo Eduardo de Ara\u00fajo, de 18 anos, veio de Lagoa do Tocantins e aproveitou a oportunidade durante a feira para emitir sua carteira de identidade. &#8220;\u00c9 \u00f3timo ter esses servi\u00e7os dispon\u00edveis aqui. Fui muito bem atendido, j\u00e1 fiz todas as etapas, colhi as digitais e agora \u00e9 aguardar&#8221;, compartilhou Paulo.\u00a0<\/p>\n\n\n\n<p><img src=\"https:\/\/central.to.gov.br\/image\/377019?w=670&amp;h=383\"><\/p>\n\n\n\n<p>Nova carteira de identidade pode ser emitida no per\u00edodo da manh\u00e3 no estande da Pol\u00edcia Civil &#8211; Larissa Mendes\/Governo do Tocantins<\/p>\n","protected":false},"excerpt":{"rendered":"<p>Durante a Feira de Tecnologia Agropecu\u00e1ria do Tocantins (Agrotins 2024), os visitantes ter\u00e3o acesso a servi\u00e7os essenciais de seguran\u00e7a e identifica\u00e7\u00e3o. Na Feira, um espa\u00e7o dedicado ao Instituto de Identifica\u00e7\u00e3o e \u00e0 Pol\u00edcia Civil est\u00e1 \u00e0 disposi\u00e7\u00e3o, proporcionando a emiss\u00e3o de documentos de identidade e o registro de ocorr\u00eancias ao longo do evento. O estande [&hellip;]<\/p>\n","protected":false},"author":2,"featured_media":19563,"comment_status":"open","ping_status":"open","sticky":false,"template":"","format":"standard","meta":[],"categories":[3],"tags":[13],"_links":{"self":[{"href":"https:\/\/dgospel.com.br\/portal\/index.php\/wp-json\/wp\/v2\/posts\/19562"}],"collection":[{"href":"https:\/\/dgospel.com.br\/portal\/index.php\/wp-json\/wp\/v2\/posts"}],"about":[{"href":"https:\/\/dgospel.com.br\/portal\/index.php\/wp-json\/wp\/v2\/types\/post"}],"author":[{"embeddable":true,"href":"https:\/\/dgospel.com.br\/portal\/index.php\/wp-json\/wp\/v2\/users\/2"}],"replies":[{"embeddable":true,"href":"https:\/\/dgospel.com.br\/portal\/index.php\/wp-json\/wp\/v2\/comments?post=19562"}],"version-history":[{"count":1,"href":"https:\/\/dgospel.com.br\/portal\/index.php\/wp-json\/wp\/v2\/posts\/19562\/revisions"}],"predecessor-version":[{"id":19564,"href":"https:\/\/dgospel.com.br\/portal\/index.php\/wp-json\/wp\/v2\/posts\/19562\/revisions\/19564"}],"wp:featuredmedia":[{"embeddable":true,"href":"https:\/\/dgospel.com.br\/portal\/index.php\/wp-json\/wp\/v2\/media\/19563"}],"wp:attachment":[{"href":"https:\/\/dgospel.com.br\/portal\/index.php\/wp-json\/wp\/v2\/media?parent=19562"}],"wp:term":[{"taxonomy":"category","embeddable":true,"href":"https:\/\/dgospel.com.br\/portal\/index.php\/wp-json\/wp\/v2\/categories?post=19562"},{"taxonomy":"post_tag","embeddable":true,"href":"https:\/\/dgospel.com.br\/portal\/index.php\/wp-json\/wp\/v2\/tags?post=19562"}],"curies":[{"name":"wp","href":"https:\/\/api.w.org\/{rel}","templated":true}]}}