{"id":19574,"date":"2024-05-16T17:46:03","date_gmt":"2024-05-16T20:46:03","guid":{"rendered":"https:\/\/dgospel.com.br\/portal\/?p=19574"},"modified":"2024-05-16T17:49:08","modified_gmt":"2024-05-16T20:49:08","slug":"gipao-participa-da-abertura-oficial-da-agrotins-e-destaca-a-grandiosidade-do-evento","status":"publish","type":"post","link":"https:\/\/dgospel.com.br\/portal\/index.php\/2024\/05\/16\/gipao-participa-da-abertura-oficial-da-agrotins-e-destaca-a-grandiosidade-do-evento\/","title":{"rendered":"Gip\u00e3o participa da abertura oficial da Agrotins e destaca a grandiosidade do evento"},"content":{"rendered":"\n<p>\u201c\u00c9 com muita satisfa\u00e7\u00e3o que estou participando da abertura oficial da Agrotins, a maior feira de neg\u00f3cios do norte do pa\u00eds. Fiquei impressionado com a grandiosidade do evento. \u00c9 uma feira que movimenta o estado, com o foco n\u00e3o somente nos eventos culturais e art\u00edsticos, mas em neg\u00f3cios, fomentando o com\u00e9rcio. Quero destacar e parabenizar os investimentos e novidades tecnol\u00f3gicas que os grandes empres\u00e1rios e expositores est\u00e3o trazendo para o nosso estado. A Agrotins \u00e9 uma verdadeira plataforma para promover o potencial do Agro Tocantinense e eles conseguem enxergar e aproveitar essa grandiosa oportunidade\u201d, disse o parlamentar.<\/p>\n\n\n\n<p>A Feira de Tecnologia Agropecu\u00e1ria do Tocantins (Agrotins), segue at\u00e9 o pr\u00f3ximo dia 18 de Maio, no Parque Agrotecnol\u00f3gico Engenheiro Agr\u00f4nomo Mauro Medanha, na capital. Este ano, a feira promete movimentar cerca de R$ 3 bilh\u00f5es em neg\u00f3cios, com 950 expositores do segmento agropecu\u00e1rio. Os visitantes tamb\u00e9m podem conferir de perto a exposi\u00e7\u00e3o de animais, entre equ\u00eddeos e bovinos, com gados de corte e leiteiros. Na agricultura, a feira conta com estandes de sementes de soja, milho, arroz, feij\u00e3o, sorgo e outros gr\u00e3os.<\/p>\n","protected":false},"excerpt":{"rendered":"<p>\u201c\u00c9 com muita satisfa\u00e7\u00e3o que estou participando da abertura oficial da Agrotins, a maior feira de neg\u00f3cios do norte do pa\u00eds. Fiquei impressionado com a grandiosidade do evento. \u00c9 uma feira que movimenta o estado, com o foco n\u00e3o somente nos eventos culturais e art\u00edsticos, mas em neg\u00f3cios, fomentando o com\u00e9rcio. Quero destacar e parabenizar [&hellip;]<\/p>\n","protected":false},"author":2,"featured_media":19575,"comment_status":"open","ping_status":"open","sticky":false,"template":"","format":"standard","meta":[],"categories":[8],"tags":[],"_links":{"self":[{"href":"https:\/\/dgospel.com.br\/portal\/index.php\/wp-json\/wp\/v2\/posts\/19574"}],"collection":[{"href":"https:\/\/dgospel.com.br\/portal\/index.php\/wp-json\/wp\/v2\/posts"}],"about":[{"href":"https:\/\/dgospel.com.br\/portal\/index.php\/wp-json\/wp\/v2\/types\/post"}],"author":[{"embeddable":true,"href":"https:\/\/dgospel.com.br\/portal\/index.php\/wp-json\/wp\/v2\/users\/2"}],"replies":[{"embeddable":true,"href":"https:\/\/dgospel.com.br\/portal\/index.php\/wp-json\/wp\/v2\/comments?post=19574"}],"version-history":[{"count":2,"href":"https:\/\/dgospel.com.br\/portal\/index.php\/wp-json\/wp\/v2\/posts\/19574\/revisions"}],"predecessor-version":[{"id":19577,"href":"https:\/\/dgospel.com.br\/portal\/index.php\/wp-json\/wp\/v2\/posts\/19574\/revisions\/19577"}],"wp:featuredmedia":[{"embeddable":true,"href":"https:\/\/dgospel.com.br\/portal\/index.php\/wp-json\/wp\/v2\/media\/19575"}],"wp:attachment":[{"href":"https:\/\/dgospel.com.br\/portal\/index.php\/wp-json\/wp\/v2\/media?parent=19574"}],"wp:term":[{"taxonomy":"category","embeddable":true,"href":"https:\/\/dgospel.com.br\/portal\/index.php\/wp-json\/wp\/v2\/categories?post=19574"},{"taxonomy":"post_tag","embeddable":true,"href":"https:\/\/dgospel.com.br\/portal\/index.php\/wp-json\/wp\/v2\/tags?post=19574"}],"curies":[{"name":"wp","href":"https:\/\/api.w.org\/{rel}","templated":true}]}}