{"id":19578,"date":"2024-05-16T18:33:24","date_gmt":"2024-05-16T21:33:24","guid":{"rendered":"https:\/\/dgospel.com.br\/portal\/?p=19578"},"modified":"2024-05-16T18:33:30","modified_gmt":"2024-05-16T21:33:30","slug":"malafaia-anuncia-parceria-para-doar-eletrodomesticos-para-vitimas-do-rs","status":"publish","type":"post","link":"https:\/\/dgospel.com.br\/portal\/index.php\/2024\/05\/16\/malafaia-anuncia-parceria-para-doar-eletrodomesticos-para-vitimas-do-rs\/","title":{"rendered":"Malafaia anuncia parceria para doar eletrodom\u00e9sticos para v\u00edtimas do RS"},"content":{"rendered":"\n<p>O pastor Silas Malafaia, por meio da Associa\u00e7\u00e3o Vit\u00f3ria em Cristo (Avec), firmou uma parceria com a Casas Bahia para comprar eletrodom\u00e9sticos para fam\u00edlias do Rio Grande do Sul que perderam seus bens durante a enchente.<\/p>\n\n\n\n<p>O l\u00edder religioso declarou, por meio de um v\u00eddeo, que ir\u00e1 comprar geladeiras, fog\u00f5es, mesa para quatro pessoas e um jogo de panelas. A varejista far\u00e1 a venda a pre\u00e7o de custo, isto \u00e9, reduzindo os valores do lucro, para que a Avec possa pagar mais barato.<\/p>\n\n\n\n<p>A Associa\u00e7\u00e3o est\u00e1 recebendo doa\u00e7\u00f5es via Pix para a campanha solid\u00e1ria para as fam\u00edlias ga\u00fachas. A campanha vai at\u00e9 o dia 21 de maio e os interessados em participar podem fazer a doa\u00e7\u00e3o atrav\u00e9s da chave Pix avec@vitoriaemcristo.org.<\/p>\n\n\n\n<p>O pastor Malafaia faz a presta\u00e7\u00e3o de contas com todos os valores doados e os valores gastos para que as pessoas possam acompanhar o que est\u00e1 sendo feito.<\/p>\n\n\n\n<p><strong>Assista:<\/strong><\/p>\n\n\n\n<figure class=\"wp-block-embed is-type-video is-provider-youtube wp-block-embed-youtube wp-embed-aspect-16-9 wp-has-aspect-ratio\"><div class=\"wp-block-embed__wrapper\">\n<iframe loading=\"lazy\" title=\"DESMASCARANDO A FALA CRETINA DO GOVERNADOR DO RIO GRANDE DO SUL\" width=\"630\" height=\"354\" src=\"https:\/\/www.youtube.com\/embed\/wapSpc7hrgA?feature=oembed\" frameborder=\"0\" allow=\"accelerometer; autoplay; clipboard-write; encrypted-media; gyroscope; picture-in-picture; web-share\" referrerpolicy=\"strict-origin-when-cross-origin\" allowfullscreen><\/iframe>\n<\/div><\/figure>\n","protected":false},"excerpt":{"rendered":"<p>O pastor Silas Malafaia, por meio da Associa\u00e7\u00e3o Vit\u00f3ria em Cristo (Avec), firmou uma parceria com a Casas Bahia para comprar eletrodom\u00e9sticos para fam\u00edlias do Rio Grande do Sul que perderam seus bens durante a enchente. O l\u00edder religioso declarou, por meio de um v\u00eddeo, que ir\u00e1 comprar geladeiras, fog\u00f5es, mesa para quatro pessoas e [&hellip;]<\/p>\n","protected":false},"author":2,"featured_media":19579,"comment_status":"open","ping_status":"open","sticky":false,"template":"","format":"standard","meta":[],"categories":[5],"tags":[],"_links":{"self":[{"href":"https:\/\/dgospel.com.br\/portal\/index.php\/wp-json\/wp\/v2\/posts\/19578"}],"collection":[{"href":"https:\/\/dgospel.com.br\/portal\/index.php\/wp-json\/wp\/v2\/posts"}],"about":[{"href":"https:\/\/dgospel.com.br\/portal\/index.php\/wp-json\/wp\/v2\/types\/post"}],"author":[{"embeddable":true,"href":"https:\/\/dgospel.com.br\/portal\/index.php\/wp-json\/wp\/v2\/users\/2"}],"replies":[{"embeddable":true,"href":"https:\/\/dgospel.com.br\/portal\/index.php\/wp-json\/wp\/v2\/comments?post=19578"}],"version-history":[{"count":1,"href":"https:\/\/dgospel.com.br\/portal\/index.php\/wp-json\/wp\/v2\/posts\/19578\/revisions"}],"predecessor-version":[{"id":19580,"href":"https:\/\/dgospel.com.br\/portal\/index.php\/wp-json\/wp\/v2\/posts\/19578\/revisions\/19580"}],"wp:featuredmedia":[{"embeddable":true,"href":"https:\/\/dgospel.com.br\/portal\/index.php\/wp-json\/wp\/v2\/media\/19579"}],"wp:attachment":[{"href":"https:\/\/dgospel.com.br\/portal\/index.php\/wp-json\/wp\/v2\/media?parent=19578"}],"wp:term":[{"taxonomy":"category","embeddable":true,"href":"https:\/\/dgospel.com.br\/portal\/index.php\/wp-json\/wp\/v2\/categories?post=19578"},{"taxonomy":"post_tag","embeddable":true,"href":"https:\/\/dgospel.com.br\/portal\/index.php\/wp-json\/wp\/v2\/tags?post=19578"}],"curies":[{"name":"wp","href":"https:\/\/api.w.org\/{rel}","templated":true}]}}