{"id":19581,"date":"2024-05-17T15:31:34","date_gmt":"2024-05-17T18:31:34","guid":{"rendered":"https:\/\/dgospel.com.br\/portal\/?p=19581"},"modified":"2024-05-17T15:31:36","modified_gmt":"2024-05-17T18:31:36","slug":"para-estadao-intervencao-de-lula-no-rs-e-indecente-e-politicagem","status":"publish","type":"post","link":"https:\/\/dgospel.com.br\/portal\/index.php\/2024\/05\/17\/para-estadao-intervencao-de-lula-no-rs-e-indecente-e-politicagem\/","title":{"rendered":"Para Estad\u00e3o, interven\u00e7\u00e3o de Lula no RS \u00e9 indecente e politicagem"},"content":{"rendered":"\n<p>Anunciado pelo presidente Luiz In\u00e1cio Lula da Silva (PT) nesta quarta-feira (16), o Minist\u00e9rio Extraordin\u00e1rio para Apoio \u00e0 Reconstru\u00e7\u00e3o do Rio Grande do Sul virou alvo de cr\u00edticas por parte do Estad\u00e3o. Para o jornal, a cria\u00e7\u00e3o da pasta representa uma intromiss\u00e3o na lideran\u00e7a do governo estadual, e a escolha pelo ex-ministro da Secom (Secretaria de Comunica\u00e7\u00e3o), Paulo Pimenta, para comand\u00e1-la demonstraria qual a real motiva\u00e7\u00e3o: \u201cpromover a imagem do governo federal\u201d e \u201cexplorar politicamente a trag\u00e9dia\u201d.<\/p>\n\n\n\n<p>\u2013 \u00c9 obscura a fun\u00e7\u00e3o do tal Minist\u00e9rio Extraordin\u00e1rio para Apoio \u00e0 Reconstru\u00e7\u00e3o do Rio Grande do Sul, mas sua motiva\u00e7\u00e3o \u00e9 clar\u00edssima: ao escolher como titular da pasta o agora ex-ministro-chefe da Secretaria de Comunica\u00e7\u00e3o (Secom) da Presid\u00eancia Paulo Pimenta, Lula n\u00e3o escondeu que pretende explorar politicamente a trag\u00e9dia daquele estado. Para que n\u00e3o restassem d\u00favidas, o demiurgo petista transformou o an\u00fancio das medidas num com\u00edcio obsceno, em que anunciou at\u00e9 que vai disputar \u201cmais dez elei\u00e7\u00f5es\u201d \u2013\u00a0<a rel=\"noreferrer noopener\" href=\"https:\/\/www.estadao.com.br\/opiniao\/a-indecente-exploracao-politica-da-tragedia-no-rs\/\" target=\"_blank\">opinou o jornal,<\/a>\u00a0no texto intitulado\u00a0<em>A Indecente Explora\u00e7\u00e3o Pol\u00edtica da Trag\u00e9dia no RS<\/em>.<\/p>\n\n\n\n<p>O Estad\u00e3o considera que a escolha por Pimenta tamb\u00e9m tenha sido feita ainda porque ele \u00e9 cotado para ser candidato ao governo do RS em 2026, e que sua atua\u00e7\u00e3o na nova pasta seria uma esp\u00e9cie de \u201ccampanha eleitoral antecipada\u201d para \u201cganhar a aten\u00e7\u00e3o dos aflitos eleitores ga\u00fachos\u201d.<\/p>\n\n\n\n<p>O ve\u00edculo de imprensa ainda cita que o governador ga\u00facho, Eduardo Leite (PSDB-RS), sequer foi comunicado sobre a cria\u00e7\u00e3o da secretaria extraordin\u00e1ria, tendo ficado sabendo desta por meio da imprensa.<\/p>\n\n\n\n<p>\u2013 N\u00e3o \u00e9 desse tipo de picuinha pol\u00edtica que os ga\u00fachos precisam neste momento. N\u00e3o h\u00e1 d\u00favida de que reconstruir o Rio Grande do Sul n\u00e3o s\u00f3 demandar\u00e1 sacrif\u00edcios ainda desconhecidos, como depender\u00e1 fundamentalmente da presen\u00e7a da Uni\u00e3o. O governo federal, portanto, n\u00e3o s\u00f3 pode, como deve vir em socorro do estado. Mas, primeiro, da forma constitucionalmente adequada, vale dizer, respeitando a Federa\u00e7\u00e3o; e, segundo, utilizando os meios corretos \u2013 acrescentou.<\/p>\n\n\n\n<p>Por fim, o jornal destaca que \u201cajudar n\u00e3o \u00e9 se intrometer\u201d. A conclus\u00e3o do editorial \u00e9 que a cria\u00e7\u00e3o do minist\u00e9rio extraordin\u00e1rio tem a \u201cexata medida dos interesses pol\u00edticos tanto do presidente como do sr. Pimenta\u201d e que n\u00e3o passa de \u201cpoliticagem\u201d.<\/p>\n","protected":false},"excerpt":{"rendered":"<p>Anunciado pelo presidente Luiz In\u00e1cio Lula da Silva (PT) nesta quarta-feira (16), o Minist\u00e9rio Extraordin\u00e1rio para Apoio \u00e0 Reconstru\u00e7\u00e3o do Rio Grande do Sul virou alvo de cr\u00edticas por parte do Estad\u00e3o. Para o jornal, a cria\u00e7\u00e3o da pasta representa uma intromiss\u00e3o na lideran\u00e7a do governo estadual, e a escolha pelo ex-ministro da Secom (Secretaria [&hellip;]<\/p>\n","protected":false},"author":2,"featured_media":19582,"comment_status":"open","ping_status":"open","sticky":false,"template":"","format":"standard","meta":[],"categories":[4],"tags":[],"_links":{"self":[{"href":"https:\/\/dgospel.com.br\/portal\/index.php\/wp-json\/wp\/v2\/posts\/19581"}],"collection":[{"href":"https:\/\/dgospel.com.br\/portal\/index.php\/wp-json\/wp\/v2\/posts"}],"about":[{"href":"https:\/\/dgospel.com.br\/portal\/index.php\/wp-json\/wp\/v2\/types\/post"}],"author":[{"embeddable":true,"href":"https:\/\/dgospel.com.br\/portal\/index.php\/wp-json\/wp\/v2\/users\/2"}],"replies":[{"embeddable":true,"href":"https:\/\/dgospel.com.br\/portal\/index.php\/wp-json\/wp\/v2\/comments?post=19581"}],"version-history":[{"count":1,"href":"https:\/\/dgospel.com.br\/portal\/index.php\/wp-json\/wp\/v2\/posts\/19581\/revisions"}],"predecessor-version":[{"id":19583,"href":"https:\/\/dgospel.com.br\/portal\/index.php\/wp-json\/wp\/v2\/posts\/19581\/revisions\/19583"}],"wp:featuredmedia":[{"embeddable":true,"href":"https:\/\/dgospel.com.br\/portal\/index.php\/wp-json\/wp\/v2\/media\/19582"}],"wp:attachment":[{"href":"https:\/\/dgospel.com.br\/portal\/index.php\/wp-json\/wp\/v2\/media?parent=19581"}],"wp:term":[{"taxonomy":"category","embeddable":true,"href":"https:\/\/dgospel.com.br\/portal\/index.php\/wp-json\/wp\/v2\/categories?post=19581"},{"taxonomy":"post_tag","embeddable":true,"href":"https:\/\/dgospel.com.br\/portal\/index.php\/wp-json\/wp\/v2\/tags?post=19581"}],"curies":[{"name":"wp","href":"https:\/\/api.w.org\/{rel}","templated":true}]}}