{"id":19584,"date":"2024-05-17T15:33:17","date_gmt":"2024-05-17T18:33:17","guid":{"rendered":"https:\/\/dgospel.com.br\/portal\/?p=19584"},"modified":"2024-05-17T15:33:19","modified_gmt":"2024-05-17T18:33:19","slug":"lula-oficializa-lei-que-institui-a-volta-da-cobranca-do-dpvat","status":"publish","type":"post","link":"https:\/\/dgospel.com.br\/portal\/index.php\/2024\/05\/17\/lula-oficializa-lei-que-institui-a-volta-da-cobranca-do-dpvat\/","title":{"rendered":"Lula oficializa lei que institui a volta da cobran\u00e7a do DPVAT"},"content":{"rendered":"\n<p>O presidente&nbsp;<a href=\"http:\/\/pleno.news\/tag\/lula\" target=\"_blank\" rel=\"noreferrer noopener\">Luiz In\u00e1cio Lula da Silva<\/a>&nbsp;(PT) sancionou, com vetos, a Lei Complementar 207\/2024, que institui a volta da cobran\u00e7a obrigat\u00f3ria do seguro de Danos Pessoais por Ve\u00edculos Automotores Terrestres (DPVAT). A medida foi publicada na edi\u00e7\u00e3o desta sexta-feira (17) do Di\u00e1rio Oficial da Uni\u00e3o (DOU).<\/p>\n\n\n\n<p>O novo seguro passar\u00e1 a se chamar Seguro Obrigat\u00f3rio para Prote\u00e7\u00e3o de V\u00edtimas de Acidentes de Tr\u00e2nsito (SPVAT) e cobrir\u00e1 indeniza\u00e7\u00f5es por morte e por invalidez permanente, total ou parcial, al\u00e9m do reembolso de despesas com assist\u00eancia m\u00e9dica, servi\u00e7os funer\u00e1rios e reabilita\u00e7\u00e3o profissional das v\u00edtimas. Ainda n\u00e3o h\u00e1 previs\u00e3o de qual ser\u00e1 o valor cobrado.<\/p>\n\n\n\n<p>Os vetos aplicados por Lula foram inseridos em dois artigos que classificavam o n\u00e3o pagamento do seguro no prazo estipulado pela lei como infra\u00e7\u00e3o grave, com multa de R$ 195,23. Ao justificar a decis\u00e3o, o chefe do Executivo declarou que a penalidade \u201ccontraria o interesse p\u00fablico, pois acarreta \u00f4nus excessivo pelo n\u00e3o pagamento\u201d.<\/p>\n\n\n\n<p>\u2013 Ressalte-se que o Projeto de Lei Complementar j\u00e1 prev\u00ea a obrigatoriedade de quita\u00e7\u00e3o do pr\u00eamio do SPVAT para fins de licenciamento anual, de transfer\u00eancia de propriedade e de baixa de registro de ve\u00edculos automotores de vias terrestres \u2013 diz a justificativa.<\/p>\n\n\n\n<p>O DPVAT tinha sido extinto em 2019 pelo ent\u00e3o presidente Jair Bolsonaro (PL). Desde 2021, a Caixa operava o seguro de forma emergencial, ap\u00f3s o fim do cons\u00f3rcio de seguradoras privadas que era respons\u00e1vel pelo fundo anteriormente. Os recursos arrecadados at\u00e9 a extin\u00e7\u00e3o do DPVAT foram suficientes para pagar indeniza\u00e7\u00f5es e reembolsos at\u00e9 novembro de 2023. Desde ent\u00e3o, os pagamentos est\u00e3o suspensos.<\/p>\n","protected":false},"excerpt":{"rendered":"<p>O presidente&nbsp;Luiz In\u00e1cio Lula da Silva&nbsp;(PT) sancionou, com vetos, a Lei Complementar 207\/2024, que institui a volta da cobran\u00e7a obrigat\u00f3ria do seguro de Danos Pessoais por Ve\u00edculos Automotores Terrestres (DPVAT). A medida foi publicada na edi\u00e7\u00e3o desta sexta-feira (17) do Di\u00e1rio Oficial da Uni\u00e3o (DOU). O novo seguro passar\u00e1 a se chamar Seguro Obrigat\u00f3rio para [&hellip;]<\/p>\n","protected":false},"author":2,"featured_media":19585,"comment_status":"open","ping_status":"open","sticky":false,"template":"","format":"standard","meta":[],"categories":[10],"tags":[],"_links":{"self":[{"href":"https:\/\/dgospel.com.br\/portal\/index.php\/wp-json\/wp\/v2\/posts\/19584"}],"collection":[{"href":"https:\/\/dgospel.com.br\/portal\/index.php\/wp-json\/wp\/v2\/posts"}],"about":[{"href":"https:\/\/dgospel.com.br\/portal\/index.php\/wp-json\/wp\/v2\/types\/post"}],"author":[{"embeddable":true,"href":"https:\/\/dgospel.com.br\/portal\/index.php\/wp-json\/wp\/v2\/users\/2"}],"replies":[{"embeddable":true,"href":"https:\/\/dgospel.com.br\/portal\/index.php\/wp-json\/wp\/v2\/comments?post=19584"}],"version-history":[{"count":1,"href":"https:\/\/dgospel.com.br\/portal\/index.php\/wp-json\/wp\/v2\/posts\/19584\/revisions"}],"predecessor-version":[{"id":19586,"href":"https:\/\/dgospel.com.br\/portal\/index.php\/wp-json\/wp\/v2\/posts\/19584\/revisions\/19586"}],"wp:featuredmedia":[{"embeddable":true,"href":"https:\/\/dgospel.com.br\/portal\/index.php\/wp-json\/wp\/v2\/media\/19585"}],"wp:attachment":[{"href":"https:\/\/dgospel.com.br\/portal\/index.php\/wp-json\/wp\/v2\/media?parent=19584"}],"wp:term":[{"taxonomy":"category","embeddable":true,"href":"https:\/\/dgospel.com.br\/portal\/index.php\/wp-json\/wp\/v2\/categories?post=19584"},{"taxonomy":"post_tag","embeddable":true,"href":"https:\/\/dgospel.com.br\/portal\/index.php\/wp-json\/wp\/v2\/tags?post=19584"}],"curies":[{"name":"wp","href":"https:\/\/api.w.org\/{rel}","templated":true}]}}