{"id":1959,"date":"2018-11-28T11:51:01","date_gmt":"2018-11-28T13:51:01","guid":{"rendered":"http:\/\/dgospel.com.br\/portal\/?p=1959"},"modified":"2018-11-28T11:51:01","modified_gmt":"2018-11-28T13:51:01","slug":"eduardo-bolsonaro-se-reune-com-governo-trump-e-confirma-mudanca-de-embaixada-em-israel","status":"publish","type":"post","link":"https:\/\/dgospel.com.br\/portal\/index.php\/2018\/11\/28\/eduardo-bolsonaro-se-reune-com-governo-trump-e-confirma-mudanca-de-embaixada-em-israel\/","title":{"rendered":"Eduardo Bolsonaro se re\u00fane com governo Trump e confirma mudan\u00e7a de embaixada em Israel"},"content":{"rendered":"<p>Na \u00faltima ter\u00e7a-feira (27), o deputado federal Eduardo Bolsonaro reafirmou que\u00a0<strong><a href=\"https:\/\/guiame.com.br\/gospel\/israel\/bolsonaro-confirma-mudanca-da-embaixada-brasileira-em-israel-para-jerusalem.html\">a inten\u00e7\u00e3o do governo brasileiro em mudar a embaixada do Brasil em Israel<\/a><\/strong>, de Tel Aviv para Jerusal\u00e9m. O parlamentar ainda disse que a mudan\u00e7a j\u00e1 \u00e9 certa e que &#8220;a quest\u00e3o n\u00e3o \u00e9 perguntar se vai [ocorrer], a quest\u00e3o \u00e9 perguntar quando ser\u00e1&#8221;.<\/p>\n<p>&#8220;A gente ainda n\u00e3o sabe ao certo dentro do governo a data, como \u00e9 que ocorre. A gente tem a inten\u00e7\u00e3o e a ideia&#8221;, disse.<\/p>\n<p>A afirma\u00e7\u00e3o foi feita por Eduardo Bolsonaro em Washington, ap\u00f3s uma reuni\u00e3o do deputado com o o conselheiro s\u00eanior e genro de\u00a0<strong><a href=\"https:\/\/guiame.com.br\/gospel\/noticias\/governo-trump-quer-eliminar-ideologia-de-genero-dos-eua.html\">Donald Trump<\/a><\/strong>, Jared Kushner, na Casa Branca. O conselheiro \u00e9 um dos principais articuladores do governo Trump para pol\u00edtica internacional no Oriente M\u00e9dio.<\/p>\n<p>O parlamentar tamb\u00e9m destacou que o chanceler do pr\u00f3ximo governo, Ernesto Ara\u00fajo deve cumprir uma agenda relevante, tamb\u00e9m no Egito, mesmo ap\u00f3s o cancelamento do encontro entre representantes do governo eg\u00edpcio e o chanceler brasileiro Aloysio Nunes no in\u00edcio de novembro.<\/p>\n<p>&#8220;At\u00e9 porque, neste meio de transi\u00e7\u00e3o, eu j\u00e1 recebi duas vezes a visita dos embaixadores dos Emirados \u00c1rabes Unidos&#8221;, afirmou o deputado.<\/p>\n<p>Eduardo Bolsonaro acredita o posicionamento do Brasil em favor de Israel \u00e9 positivo e n\u00e3o deve gerar tantas consequ\u00eancias e repres\u00e1lias no tocante ao com\u00e9rcio internacional.<\/p>\n<p>&#8220;Eu acredito que a pol\u00edtica no Oriente M\u00e9dio j\u00e1 mudou bastante tamb\u00e9m. A maioria ali \u00e9 sunita. E eles veem com grande perigo o Ir\u00e3. Quem sabe n\u00f3s apoiando pol\u00edticas para frear o Ir\u00e3, que quer dominar aquela regi\u00e3o, a gente n\u00e3o consiga um apoio desses pa\u00edses \u00e1rabes&#8221;, lembrou.<\/p>\n<p>O deputado tamb\u00e9m afirmou que n\u00e3o chegou a conversar com Kushner sobre uma futura visita de Donald Trump ao Brasil. Mas o assunto ainda deve ser abordado durante a visita do Conselheiro de Seguran\u00e7a Nacional dos Estados Unidos, John Bolton, ao Brasil, no dia 29 de novembro. Ele deve se encontrar com o presidente eleito, Jair Bolsonaro.<\/p>\n<p>Al\u00e9m do encontro com Kushner, Eduardo Bolsonaro tamb\u00e9m se reuniu com o secret\u00e1rio-geral da Organiza\u00e7\u00e3o dos Estados Americanos (OEA), Luis Almagro, com o secret\u00e1rio-adjunto do Tesouro Americano, David Malpass, participou de evento no American Enterprise Institute e de reuni\u00f5es com representantes do Departamento de Estado, do vice-presidente norte-americano Mike Pence, do Departamento de Com\u00e9rcio e do Conselho de Seguran\u00e7a Nacional.<\/p>\n<p>FONTE: GUIAME, COM INFORMA\u00c7\u00d5ES DA EXAME<\/p>\n","protected":false},"excerpt":{"rendered":"<p>Na \u00faltima ter\u00e7a-feira (27), o deputado federal Eduardo Bolsonaro reafirmou que\u00a0a inten\u00e7\u00e3o do governo brasileiro em mudar a embaixada do Brasil em Israel, de Tel Aviv para Jerusal\u00e9m. O parlamentar ainda disse que a mudan\u00e7a j\u00e1 \u00e9 certa e que &#8220;a quest\u00e3o n\u00e3o \u00e9 perguntar se vai [ocorrer], a quest\u00e3o \u00e9 perguntar quando ser\u00e1&#8221;. &#8220;A [&hellip;]<\/p>\n","protected":false},"author":2,"featured_media":1960,"comment_status":"open","ping_status":"open","sticky":false,"template":"","format":"standard","meta":[],"categories":[2,10],"tags":[],"_links":{"self":[{"href":"https:\/\/dgospel.com.br\/portal\/index.php\/wp-json\/wp\/v2\/posts\/1959"}],"collection":[{"href":"https:\/\/dgospel.com.br\/portal\/index.php\/wp-json\/wp\/v2\/posts"}],"about":[{"href":"https:\/\/dgospel.com.br\/portal\/index.php\/wp-json\/wp\/v2\/types\/post"}],"author":[{"embeddable":true,"href":"https:\/\/dgospel.com.br\/portal\/index.php\/wp-json\/wp\/v2\/users\/2"}],"replies":[{"embeddable":true,"href":"https:\/\/dgospel.com.br\/portal\/index.php\/wp-json\/wp\/v2\/comments?post=1959"}],"version-history":[{"count":1,"href":"https:\/\/dgospel.com.br\/portal\/index.php\/wp-json\/wp\/v2\/posts\/1959\/revisions"}],"predecessor-version":[{"id":1961,"href":"https:\/\/dgospel.com.br\/portal\/index.php\/wp-json\/wp\/v2\/posts\/1959\/revisions\/1961"}],"wp:featuredmedia":[{"embeddable":true,"href":"https:\/\/dgospel.com.br\/portal\/index.php\/wp-json\/wp\/v2\/media\/1960"}],"wp:attachment":[{"href":"https:\/\/dgospel.com.br\/portal\/index.php\/wp-json\/wp\/v2\/media?parent=1959"}],"wp:term":[{"taxonomy":"category","embeddable":true,"href":"https:\/\/dgospel.com.br\/portal\/index.php\/wp-json\/wp\/v2\/categories?post=1959"},{"taxonomy":"post_tag","embeddable":true,"href":"https:\/\/dgospel.com.br\/portal\/index.php\/wp-json\/wp\/v2\/tags?post=1959"}],"curies":[{"name":"wp","href":"https:\/\/api.w.org\/{rel}","templated":true}]}}