{"id":19593,"date":"2024-05-17T17:32:30","date_gmt":"2024-05-17T20:32:30","guid":{"rendered":"https:\/\/dgospel.com.br\/portal\/?p=19593"},"modified":"2024-05-17T17:32:31","modified_gmt":"2024-05-17T20:32:31","slug":"durante-a-agrotins-governo-do-tocantins-promove-dialogo-entre-entidades-organizadoras-e-caixa-economica-federal-sobre-novo-programa-habitacional-estadual","status":"publish","type":"post","link":"https:\/\/dgospel.com.br\/portal\/index.php\/2024\/05\/17\/durante-a-agrotins-governo-do-tocantins-promove-dialogo-entre-entidades-organizadoras-e-caixa-economica-federal-sobre-novo-programa-habitacional-estadual\/","title":{"rendered":"Durante a Agrotins, Governo do Tocantins promove di\u00e1logo entre entidades organizadoras e Caixa Econ\u00f4mica Federal sobre novo programa habitacional estadual"},"content":{"rendered":"\n<p>Durante a 24\u00aa Feira de Tecnologia Agropecu\u00e1ria do Tocantins (Agrotins 2024), uma reuni\u00e3o estrat\u00e9gica no estande da Secretaria de Estado das Cidades, Habita\u00e7\u00e3o e Desenvolvimento Regional (Secihd) marcou um importante momento de di\u00e1logo e articula\u00e7\u00e3o entre entidades organizadoras e representantes da Caixa Econ\u00f4mica Federal (CEF). O encontro, realizado nessa quinta-feira, 16, &nbsp;teve como foco o esclarecimento de d\u00favidas e a busca de melhorias, com destaque para o novo programa habitacional em fase de formata\u00e7\u00e3o no Estado.<\/p>\n\n\n\n<p>O titular da Secihd, Thiago Benfica, destacou a relev\u00e2ncia do evento como um espa\u00e7o para converg\u00eancia de ideias e constru\u00e7\u00e3o de parcerias que visam beneficiar a popula\u00e7\u00e3o tocantinense. &#8220;Estamos aqui para ouvir as demandas das entidades e discutir, em conjunto com a Caixa Econ\u00f4mica Federal, as melhores formas de atender \u00e0s necessidades habitacionais da nossa comunidade e, sobretudo, colocar em pr\u00e1tica a\u00e7\u00f5es que viabilizem o acesso \u00e0 moradia digna para a parte mais carente da sociedade&#8221;, afirmou.<\/p>\n\n\n\n<p>\u201cGostaria de enfatizar nossa dedica\u00e7\u00e3o em estabelecer uma parceria estrat\u00e9gica com o Governo do Tocantins para enfrentar o d\u00e9ficit habitacional presente no Estado. Reconhecemos a complexidade desse desafio e a import\u00e2ncia de uma abordagem colaborativa e t\u00e9cnica para sua resolu\u00e7\u00e3o. Estamos preparados para contribuir com nossa expertise e nossos recursos, trabalhando em conjunto para desenvolver e implementar solu\u00e7\u00f5es eficazes e sustent\u00e1veis. Acreditamos que essa parceria nos permitir\u00e1 avan\u00e7ar significativamente na redu\u00e7\u00e3o do d\u00e9ficit habitacional e na promo\u00e7\u00e3o do acesso adequado \u00e0 moradia para os cidad\u00e3os do Tocantins\u201d, declarou a superintendente de Habita\u00e7\u00e3o da CEF, Paula Rovani.<\/p>\n\n\n\n<p>O superintendente de Habita\u00e7\u00e3o da Secihd, Jo\u00e3o Campos, ressaltou o compromisso da gest\u00e3o em contribuir para o desenvolvimento social e econ\u00f4mico do Tocantins. &#8220;Estamos empenhados em colaborar com as entidades organizadoras e com a CEF, pois reconhecemos a complexidade do desafio que o cen\u00e1rio habitacional do Tocantins vive atualmente e estamos confiantes de que, juntos, podemos desenvolver solu\u00e7\u00f5es eficazes para atender \u00e0s necessidades da popula\u00e7\u00e3o&#8221;, salientou o superintendente.<\/p>\n\n\n\n<p>\u201c\u00c9 muito importante ressaltar o comprometimento do secret\u00e1rio em auxiliar as entidades, o que marca um novo cap\u00edtulo na hist\u00f3ria da habita\u00e7\u00e3o no Tocantins, pois, pela primeira vez, temos algu\u00e9m \u00e0 frente que reconhece a import\u00e2ncia das associa\u00e7\u00f5es e est\u00e1 verdadeiramente empenhado em apoi\u00e1-las. A gest\u00e3o est\u00e1 avan\u00e7ando significativamente nos projetos e tem demonstrado um olhar especial e uma abordagem colaborativa para fornecer suporte \u00e0s entidades e isso nos enche de gratid\u00e3o e esperan\u00e7a\u201d frisou Marcia Rozeno, presidente do Instituto Amastef e representante das Entidades Organizadoras dedicadas ao direito \u00e0 Habita\u00e7\u00e3o de Interesse Social.<\/p>\n\n\n\n<p>O novo programa habitacional do Estado, em fase de formata\u00e7\u00e3o, visa contemplar as necessidades dos membros das Entidades Organizadoras e de outras camadas da sociedade tocantinense, promovendo o acesso \u00e0 moradia digna e contribuindo para a redu\u00e7\u00e3o do d\u00e9ficit habitacional no Estado.<\/p>\n\n\n\n<p><strong>Estande na Agrotins<\/strong><\/p>\n\n\n\n<p>E entre as propostas de abordagem ao p\u00fablico, o estande da Secretaria das Cidades, Habita\u00e7\u00e3o e Desenvolvimento Regional (Secihd) traz informa\u00e7\u00f5es e orienta\u00e7\u00f5es referentes ao Saneamento B\u00e1sico, Habita\u00e7\u00e3o, Irriga\u00e7\u00e3o e Desenvolvimento Urbano.<\/p>\n\n\n\n<p><strong>Agrotins 2024<\/strong><\/p>\n\n\n\n<p>A Feira de Tecnologia Agropecu\u00e1ria do Tocantins (Agrotins 2024) ocorre at\u00e9 este s\u00e1bado, 18, das 9 \u00e0s 19 horas, no Parque Engenheiro Agr\u00f4nomo Mauro Medanha, na rodovia TO-050, sa\u00edda para Porto Nacional, e tem como tema este ano a Bioeconomia.<\/p>\n\n\n\n<p><strong>Realiza\u00e7\u00e3o<\/strong><\/p>\n\n\n\n<p>A feira \u00e9 uma realiza\u00e7\u00e3o do Governo do Tocantins, por meio da Secretaria de Estado da Agricultura e Pecu\u00e1ria (Seagro), da Ag\u00eancia de Defesa Agropecu\u00e1ria (Adapec), do Instituto de Desenvolvimento Rural do Tocantins (Ruraltins), da Funda\u00e7\u00e3o de Amparo \u00e0 Pesquisa do Tocantins (Fapt) e da Tocantins Parcerias, em conjunto com empresas do agro, institui\u00e7\u00f5es e \u00f3rg\u00e3os p\u00fablicos, de pesquisas e educacionais.<\/p>\n\n\n\n<p><img src=\"https:\/\/central.to.gov.br\/image\/377716?w=670&amp;h=383\"><\/p>\n\n\n\n<p>Di\u00e1logo ocorreu no estande da Secretaria das Cidades, Habita\u00e7\u00e3o e Desenvolvimento Regional, na Agrotins &#8211; Karol Oliveira\/Governo do Tocantins&nbsp;<\/p>\n","protected":false},"excerpt":{"rendered":"<p>Durante a 24\u00aa Feira de Tecnologia Agropecu\u00e1ria do Tocantins (Agrotins 2024), uma reuni\u00e3o estrat\u00e9gica no estande da Secretaria de Estado das Cidades, Habita\u00e7\u00e3o e Desenvolvimento Regional (Secihd) marcou um importante momento de di\u00e1logo e articula\u00e7\u00e3o entre entidades organizadoras e representantes da Caixa Econ\u00f4mica Federal (CEF). O encontro, realizado nessa quinta-feira, 16, &nbsp;teve como foco o [&hellip;]<\/p>\n","protected":false},"author":2,"featured_media":19594,"comment_status":"open","ping_status":"open","sticky":false,"template":"","format":"standard","meta":[],"categories":[3],"tags":[13],"_links":{"self":[{"href":"https:\/\/dgospel.com.br\/portal\/index.php\/wp-json\/wp\/v2\/posts\/19593"}],"collection":[{"href":"https:\/\/dgospel.com.br\/portal\/index.php\/wp-json\/wp\/v2\/posts"}],"about":[{"href":"https:\/\/dgospel.com.br\/portal\/index.php\/wp-json\/wp\/v2\/types\/post"}],"author":[{"embeddable":true,"href":"https:\/\/dgospel.com.br\/portal\/index.php\/wp-json\/wp\/v2\/users\/2"}],"replies":[{"embeddable":true,"href":"https:\/\/dgospel.com.br\/portal\/index.php\/wp-json\/wp\/v2\/comments?post=19593"}],"version-history":[{"count":1,"href":"https:\/\/dgospel.com.br\/portal\/index.php\/wp-json\/wp\/v2\/posts\/19593\/revisions"}],"predecessor-version":[{"id":19595,"href":"https:\/\/dgospel.com.br\/portal\/index.php\/wp-json\/wp\/v2\/posts\/19593\/revisions\/19595"}],"wp:featuredmedia":[{"embeddable":true,"href":"https:\/\/dgospel.com.br\/portal\/index.php\/wp-json\/wp\/v2\/media\/19594"}],"wp:attachment":[{"href":"https:\/\/dgospel.com.br\/portal\/index.php\/wp-json\/wp\/v2\/media?parent=19593"}],"wp:term":[{"taxonomy":"category","embeddable":true,"href":"https:\/\/dgospel.com.br\/portal\/index.php\/wp-json\/wp\/v2\/categories?post=19593"},{"taxonomy":"post_tag","embeddable":true,"href":"https:\/\/dgospel.com.br\/portal\/index.php\/wp-json\/wp\/v2\/tags?post=19593"}],"curies":[{"name":"wp","href":"https:\/\/api.w.org\/{rel}","templated":true}]}}