{"id":19596,"date":"2024-05-17T17:38:38","date_gmt":"2024-05-17T20:38:38","guid":{"rendered":"https:\/\/dgospel.com.br\/portal\/?p=19596"},"modified":"2024-05-17T17:38:40","modified_gmt":"2024-05-17T20:38:40","slug":"na-agrotins-wanderlei-barbosa-lanca-o-programa-produtos-da-terra-que-estimula-o-desenvolvimento-socioeconomico-sustentavel","status":"publish","type":"post","link":"https:\/\/dgospel.com.br\/portal\/index.php\/2024\/05\/17\/na-agrotins-wanderlei-barbosa-lanca-o-programa-produtos-da-terra-que-estimula-o-desenvolvimento-socioeconomico-sustentavel\/","title":{"rendered":"Na Agrotins, Wanderlei Barbosa lan\u00e7a o programa \u201cProdutos da Terra\u201d, que estimula o desenvolvimento socioecon\u00f4mico sustent\u00e1vel"},"content":{"rendered":"\n<p>O governador Wanderlei Barbosa assinou na tarde desta quinta-feira, 16,&nbsp;com o titular da Secretaria de Estado da Ind\u00fastria, Com\u00e9rcio e Servi\u00e7os (Sics), Carlos Humberto Lima; e o presidente do Instituto Meio, Lars Diederichsen, o Termo do&nbsp; Subprograma<em>&nbsp;Produtos da Terra<\/em>, em seu gabinete na Feira de Tecnologia Agropecu\u00e1ria do Tocantins (Agrotins 2024).<\/p>\n\n\n\n<p>O programa tem como objetivos fomentar e fortalecer empreendimentos coletivos, por meio do fortalecimento dos arranjos produtivos locais, visando estimular o desenvolvimento socioecon\u00f4mico sustent\u00e1vel dos munic\u00edpios tocantinenses. Na ocasi\u00e3o, o Chefe de Estado tamb\u00e9m assinou a prorroga\u00e7\u00e3o da Cess\u00e3o da \u00c1rea da Pol\u00edcia Militar do Tocantins (PMTO) de Porto Nacional\/TO.<\/p>\n\n\n\n<p>\u201cO programa&nbsp;<em>Produtos da Terra<\/em>&nbsp;\u00e9 um passo significativo em dire\u00e7\u00e3o ao fortalecimento da economia do nosso Estado. Objetivamos fomentar e fortalecer empreendimentos coletivos, promovendo o desenvolvimento socioecon\u00f4mico sustent\u00e1vel em nossos munic\u00edpios. Por meio da ascens\u00e3o dos arranjos produtivos locais, estamos investindo no potencial dos micro e pequenos agricultores capacitando-os para agregar valor \u00e0 sua produ\u00e7\u00e3o&#8221;, ressaltou o governador Wanderlei Barbosa.<\/p>\n\n\n\n<p>Com o prop\u00f3sito de capacitar os micro e pequenos agricultores para que possam agregar valor \u00e0 sua produ\u00e7\u00e3o e se transformarem em empreendedores, foi criado o subprograma&nbsp;<em>Produtos da Terra<\/em>, que faz parte de um dos oitos eixos do Programa de Impulsionamento da Ind\u00fastria do Com\u00e9rcio e Servi\u00e7o (Pics). O programa&nbsp;<em>Produtos da Terra<\/em>&nbsp;tem um investimento total de R$ 5.700.000,00 do Governo do Tocantins, por meio da Sics e do Instituto Meio, com a capta\u00e7\u00e3o do Banco Nacional de Desenvolvimento Econ\u00f4mico e Social (BNDES) e da Suzano Celulose, que ser\u00e3o aplicados na implanta\u00e7\u00e3o de 12 projetos nas regi\u00f5es do Bico do Papagaio, do Jalap\u00e3o e Serras Gerais.<\/p>\n\n\n\n<p>Na ocasi\u00e3o, o secret\u00e1rio de Estado da Sics, Humberto Lima, ressaltou que o projeto visa ao fortalecimento das cadeias produtivas do micro e pequeno empreendedor. \u201dUma das determina\u00e7\u00f5es do governador Wanderlei Barbosa \u00e9 o fortalecimento das nossas cadeias produtivas, n\u00e3o s\u00f3 para o grande investidor, mas tamb\u00e9m com uma aten\u00e7\u00e3o muito criteriosa para o nosso micro e pequeno, nesse caso o micro e pequeno empreendedor rural\u201d, afirmou.<\/p>\n\n\n\n<p>O presidente do Instituto Meio, Lars Diederichsen, explicou que o instituto \u00e9 o proponente que ir\u00e1 executar o projeto nas tr\u00eas regi\u00f5es: Bico do Papagaio, Jalap\u00e3o e Serra Gerais. A execu\u00e7\u00e3o ocorrer\u00e1 por meio de Edital aberto em cada um desses territ\u00f3rios, para trazer produtores, onde ser\u00e3o selecionados projetos das associa\u00e7\u00f5es, cooperativas e produtores que estejam dentro dos arranjos produtivos priorit\u00e1rios.<\/p>\n\n\n\n<p>O programa vai priorizar o ecossistema local de desenvolvimento econ\u00f4mico, incluindo as comunidades no processo, viabilizando a sucess\u00e3o e a fixa\u00e7\u00e3o do homem do campo e de comunidades de povos origin\u00e1rios e tradicionais em seus locais de origem. \u00c9 idealizado para fortalecer arranjos produtivos locais em todos os 139 munic\u00edpios, fomentando empreendimentos coletivos, como cooperativas e associa\u00e7\u00f5es de pequenos produtores.<\/p>\n\n\n\n<p><strong>Assinatura da prorroga\u00e7\u00e3o da cess\u00e3o de uso<\/strong><\/p>\n\n\n\n<p>Dando continuidade a sua agenda, o governador Wanderlei Barbosa realizou a assinatura da Prorroga\u00e7\u00e3o da Cess\u00e3o da \u00c1rea da PMTO, em Porto Nacional, para a constru\u00e7\u00e3o definitiva do 5\u00b0 Batalh\u00e3o de Pol\u00edcia Militar, com o superintendente do Patrim\u00f4nio da Uni\u00e3o no Estado do Tocantins, Edy Cesar dos Passos; o comandante-geral da Pol\u00edcia Militar do Tocantins, coronel M\u00e1rcio Barbosa e demais militares.<\/p>\n\n\n\n<p>O processo de parceria entre a SPU e o Estado envolve a cess\u00e3o de uso por mais 3 anos de uma \u00e1rea inicial de 25 mil m\u00b2 para a constru\u00e7\u00e3o da sede da Pol\u00edcia Militar de Porto Nacional, onde assim que conclu\u00edda, ser\u00e1 formalizado o termo de doa\u00e7\u00e3o final.<\/p>\n\n\n\n<p>\u201cEstamos aqui com os nossos parceiros do SPU para prorrogar o uso de uma \u00e1rea de 25 mil m\u00b2, onde futuramente ser\u00e1 constru\u00edda a sede da Pol\u00edcia Militar de Porto Nacional. A iniciativa proporciona melhores condi\u00e7\u00f5es de trabalho para nossas for\u00e7as de seguran\u00e7a e, consequentemente, uma maior prote\u00e7\u00e3o para a popula\u00e7\u00e3o de Porto Nacional e regi\u00e3o&#8221;, destacou o Governador durante o an\u00fancio.<\/p>\n\n\n\n<p>O comandante-geral da PMTO, coronel M\u00e1rcio Barbosa, destacou que a prorroga\u00e7\u00e3o da cess\u00e3o de uso da \u00e1rea \u00e9 um ato muito importante para aos policiais militares de Porto Nacional.<\/p>\n\n\n\n<p>\u201cCom muita alegria, estamos aqui para assinar a prorroga\u00e7\u00e3o desse termo. \u00c9 uma \u00e1rea onde futuramente ser\u00e1 constru\u00edda a sede do 5\u00b0 Batalh\u00e3o, proporcionando um&nbsp; maior conforto para os nossos policiais militares, com melhores condi\u00e7\u00f5es para que eles possam exercer com maestria o seu papel\u201d, finalizou coronel M\u00e1rcio Barbosa.<\/p>\n\n\n\n<p>O superintendente do Patrim\u00f4nio da Uni\u00e3o no Estado do Tocantins, Edy Cesar dos Passos, explicou que \u00e9 uma \u00e1rea estrat\u00e9gica no Setor Aeroporto em Porto Nacional, totalizando 600 mil m\u00b2, e que um espa\u00e7o ser\u00e1 destinado \u00e0 constru\u00e7\u00e3o de um bairro militar de seguran\u00e7a p\u00fablica, centralizando importantes institui\u00e7\u00f5es como o Tiro de Guerra, a nova sede da Pol\u00edcia Civil, a Pol\u00edcia Militar e o Corpo de Bombeiros.<\/p>\n\n\n\n<p>\u201cPara o sucesso deste empreendimento, a colabora\u00e7\u00e3o entre os governos federal e estadual \u00e9 essencial, estamos empenhados em promover o desenvolvimento das cidades e dos estados, trabalhando de forma integrada e comprometida com o bem-estar da popula\u00e7\u00e3o&#8221;, ressaltou o representante da SPU.<\/p>\n\n\n\n<p><img src=\"https:\/\/central.to.gov.br\/image\/377698?w=670&amp;h=383\"><\/p>\n\n\n\n<p>O governador Wanderlei Barbosa destacou que, por meio do ascens\u00e3o dos arranjos produtivos locais, estamos investindo no potencial dos micro e pequenos agricultores capacitando-os para agregar valor \u00e0 sua produ\u00e7\u00e3o &#8211; Antonio Gon\u00e7alves\/Governo do Tocantins\u00a0<\/p>\n\n\n\n<p><img src=\"https:\/\/central.to.gov.br\/image\/377697?w=670&amp;h=383\"><\/p>\n\n\n\n<p>Governador Wanderlei Barbosa assina Prorroga\u00e7\u00e3o da Cess\u00e3o da \u00c1rea da PMTO em Porto Nacional para a constru\u00e7\u00e3o definitiva do 5\u00b0 Batalh\u00e3o de Pol\u00edcia Militar, com o superintendente do Patrim\u00f4nio da Uni\u00e3o no Estado do Tocantins, Edy Cesar dos Passos, o comandante-geral da Pol\u00edcia Militar do Tocantins, coronel M\u00e1rcio Barbosa; e demais militares &#8211; Antonio Gon\u00e7alves\/Governo do Tocantins\u00a0<\/p>\n\n\n\n<p><img src=\"https:\/\/central.to.gov.br\/image\/377696?w=670&amp;h=383\"><\/p>\n\n\n\n<p>Termo de cess\u00e3o de uso assinado na tarde desta quinta-feira, 16, \u00e9 de \u00e1rea que servir\u00e1 para constru\u00e7\u00e3o do 5\u00ba Batalh\u00e3o de Pol\u00edcia Militar; \u00e1rea foi doada pela Superintend\u00eancia do Patrim\u00f4nio da Uni\u00e3o &#8211; Antonio Gon\u00e7alves\/Governo do Tocantins\u00a0<\/p>\n\n\n\n<p><img src=\"https:\/\/central.to.gov.br\/image\/377695?w=670&amp;h=383\"><\/p>\n\n\n\n<p>O presidente do Instituto Meio, Lars Diederichsen, explicou que o instituto \u00e9 o proponente ir\u00e1 executar o projeto nas tr\u00eas regi\u00f5es: Bico do Papagaio, Jalap\u00e3o e Serra Gerais &#8211; Antonio Gon\u00e7alves\/Governo do Tocantins\u00a0<\/p>\n","protected":false},"excerpt":{"rendered":"<p>O governador Wanderlei Barbosa assinou na tarde desta quinta-feira, 16,&nbsp;com o titular da Secretaria de Estado da Ind\u00fastria, Com\u00e9rcio e Servi\u00e7os (Sics), Carlos Humberto Lima; e o presidente do Instituto Meio, Lars Diederichsen, o Termo do&nbsp; Subprograma&nbsp;Produtos da Terra, em seu gabinete na Feira de Tecnologia Agropecu\u00e1ria do Tocantins (Agrotins 2024). O programa tem como [&hellip;]<\/p>\n","protected":false},"author":2,"featured_media":19597,"comment_status":"open","ping_status":"open","sticky":false,"template":"","format":"standard","meta":[],"categories":[3],"tags":[13],"_links":{"self":[{"href":"https:\/\/dgospel.com.br\/portal\/index.php\/wp-json\/wp\/v2\/posts\/19596"}],"collection":[{"href":"https:\/\/dgospel.com.br\/portal\/index.php\/wp-json\/wp\/v2\/posts"}],"about":[{"href":"https:\/\/dgospel.com.br\/portal\/index.php\/wp-json\/wp\/v2\/types\/post"}],"author":[{"embeddable":true,"href":"https:\/\/dgospel.com.br\/portal\/index.php\/wp-json\/wp\/v2\/users\/2"}],"replies":[{"embeddable":true,"href":"https:\/\/dgospel.com.br\/portal\/index.php\/wp-json\/wp\/v2\/comments?post=19596"}],"version-history":[{"count":1,"href":"https:\/\/dgospel.com.br\/portal\/index.php\/wp-json\/wp\/v2\/posts\/19596\/revisions"}],"predecessor-version":[{"id":19598,"href":"https:\/\/dgospel.com.br\/portal\/index.php\/wp-json\/wp\/v2\/posts\/19596\/revisions\/19598"}],"wp:featuredmedia":[{"embeddable":true,"href":"https:\/\/dgospel.com.br\/portal\/index.php\/wp-json\/wp\/v2\/media\/19597"}],"wp:attachment":[{"href":"https:\/\/dgospel.com.br\/portal\/index.php\/wp-json\/wp\/v2\/media?parent=19596"}],"wp:term":[{"taxonomy":"category","embeddable":true,"href":"https:\/\/dgospel.com.br\/portal\/index.php\/wp-json\/wp\/v2\/categories?post=19596"},{"taxonomy":"post_tag","embeddable":true,"href":"https:\/\/dgospel.com.br\/portal\/index.php\/wp-json\/wp\/v2\/tags?post=19596"}],"curies":[{"name":"wp","href":"https:\/\/api.w.org\/{rel}","templated":true}]}}