{"id":19611,"date":"2024-05-20T11:55:09","date_gmt":"2024-05-20T14:55:09","guid":{"rendered":"https:\/\/dgospel.com.br\/portal\/?p=19611"},"modified":"2024-05-20T11:55:10","modified_gmt":"2024-05-20T14:55:10","slug":"governo-do-tocantins-comemora-novo-recorde-de-r-424-bilhoes-em-negocios-na-agrotins-2024","status":"publish","type":"post","link":"https:\/\/dgospel.com.br\/portal\/index.php\/2024\/05\/20\/governo-do-tocantins-comemora-novo-recorde-de-r-424-bilhoes-em-negocios-na-agrotins-2024\/","title":{"rendered":"Governo do Tocantins comemora novo recorde de R$ 4,24 bilh\u00f5es em neg\u00f3cios na Agrotins 2024"},"content":{"rendered":"\n<p>A maior feira de tecnologia agropecu\u00e1ria da Regi\u00e3o Norte do pa\u00eds bateu um novo recorde ao atingir, at\u00e9 o meio-dia deste s\u00e1bado, 18, \u00faltimo dia do evento, R$ 4,24 bilh\u00f5es em movimenta\u00e7\u00e3o financeira, representando um aumento de 44% comparado \u00e0 edi\u00e7\u00e3o de 2023. O an\u00fancio foi feito pelo governador do Tocantins, Wanderlei Barbosa, na tarde deste s\u00e1bado, diretamente do Parque Agrotecnol\u00f3gico Engenheiro Agr\u00f4nomo Mauro Medanha, em Palmas, onde ocorreu a Feira de Tecnologia Agropecu\u00e1ria do Tocantins (Agrotins 2024) entre os dias 14 e 18 de maio.&nbsp;<\/p>\n\n\n\n<p>O evento, que este ano teve como tema&nbsp;<em>Bioeconomia<\/em>, tamb\u00e9m bateu recorde de p\u00fablico e expositores. Em cinco dias, a feira recebeu 232 mil visitantes que conferiram as novidades e tecnologias ofertadas por 1.096 expositores, divididos entre empresas de pequeno e grande porte; grandes marcas nacionais e internacionais; institui\u00e7\u00f5es governamentais, universidades, ve\u00edculos de comunica\u00e7\u00e3o, agricultores familiares,&nbsp;<em>players<\/em>&nbsp;e tamb\u00e9m&nbsp;<em>holdings<\/em>&nbsp;multinacionais.<\/p>\n\n\n\n<p>O volume de neg\u00f3cios realizados no evento corresponde a comercializa\u00e7\u00e3o de m\u00e1quinas, implementos, insumos, servi\u00e7os de pequenos neg\u00f3cios, contratos de constru\u00e7\u00f5es de implanta\u00e7\u00e3o de agroind\u00fastrias e produtos da bioeconomia, impulsionando a movimenta\u00e7\u00e3o econ\u00f4mica da Capital.<\/p>\n\n\n\n<p>&#8220;\u00c9 com alegria que encerramos mais uma edi\u00e7\u00e3o da nossa Agrotins. Por aqui passaram pequenos, m\u00e9dios e grandes expositores de todo o Brasil, Jap\u00e3o, Alemanha, China e v\u00e1rios outros pa\u00edses. Esse n\u00famero de comercializa\u00e7\u00e3o de mais de R$ 4,2 bilh\u00f5es em neg\u00f3cios \u00e9 importante n\u00e3o apenas para o nosso Tocantins, mas tamb\u00e9m para todo o pa\u00eds. Eu fico muito grato por fazer, ao lado de grandes parceiros, uma festa t\u00e3o maravilhosa como essa, recebendo visitantes que aqui estiveram tanto para tomar caldo de cana, comer um pastel, quanto para fechar grandes neg\u00f3cios. A Agrotins mais uma vez se consagra, sendo considerada a maior feira agrotecnol\u00f3gica da Regi\u00e3o Norte do pa\u00eds\u201d, destacou o governador Wanderlei Barbosa.&nbsp;&nbsp;<\/p>\n\n\n\n<p>O secret\u00e1rio de Estado da Agricultura e Pecu\u00e1ria, Jaime Caf\u00e9, evidenciou a satisfa\u00e7\u00e3o com os resultados alcan\u00e7ados na edi\u00e7\u00e3o de 2024 e elogiou a significativa participa\u00e7\u00e3o dos produtores, que prontamente realizaram neg\u00f3cios durante os cinco dias do evento. \u201cA Agrotins \u00e9 uma feira que tem calor humano, existe um clima de festa e confraterniza\u00e7\u00e3o, realizando muitos neg\u00f3cios importantes, valorizando o que h\u00e1 de principal nessas negocia\u00e7\u00f5es, o relacionamento com o p\u00fablico. N\u00f3s agradecemos aos visitantes, produtores, e expositores que levaram seus produtos e tecnologias para a feira. Estamos satisfeitos com os n\u00fameros alcan\u00e7ados nessa edi\u00e7\u00e3o e temos certeza que no pr\u00f3ximo ano, quando a Agrotins far\u00e1 bodas de prata, o Governo do Tocantins possa realizar um evento que supere os n\u00fameros deste ano\u201d, ressaltou o secret\u00e1rio.&nbsp;<\/p>\n\n\n\n<p><strong>Agrotins 2024<\/strong><\/p>\n\n\n\n<p>A Feira de Tecnologia Agropecu\u00e1ria do Tocantins (Agrotins 2024) encerra neste s\u00e1bado, 18, \u00e0s 19 horas, no Parque Engenheiro Agr\u00f4nomo Mauro Medanha, na rodovia TO-050, sa\u00edda para Porto Nacional.<\/p>\n\n\n\n<p><strong>Realiza\u00e7\u00e3o<\/strong><\/p>\n\n\n\n<p>A feira \u00e9 uma realiza\u00e7\u00e3o do Governo do Tocantins, por meio da Secretaria de Estado da Agricultura e Pecu\u00e1ria (Seagro), da Ag\u00eancia de Defesa Agropecu\u00e1ria (Adapec), do Instituto de Desenvolvimento Rural do Tocantins (Ruraltins), da Funda\u00e7\u00e3o de Amparo \u00e0 Pesquisa do Tocantins (Fapt) e da Tocantins Parcerias, em conjunto com empresas do agro, institui\u00e7\u00f5es e \u00f3rg\u00e3os p\u00fablicos, de pesquisas e educacionais.<\/p>\n\n\n\n<p><img src=\"https:\/\/central.to.gov.br\/image\/377919?w=670&amp;h=383\"><\/p>\n\n\n\n<p>Governador Wanderlei Barbosa comemorou o sucesso da Agrotins 2024 &#8211; Esequias Ara\u00fajo\/Governo do Tocantins\u00a0<\/p>\n\n\n\n<p><img src=\"https:\/\/central.to.gov.br\/image\/377920?w=670&amp;h=383\"><\/p>\n\n\n\n<p>Durante a Agrotins 2024, o governador Wanderlei Barbosa e o ministro da Agricultura, Carlos F\u00e1varo, firmaram parcerias para inovar o agroneg\u00f3cio tocantinense &#8211; Esequias Ara\u00fajo\/Governo do Tocantins<\/p>\n\n\n\n<p><img src=\"https:\/\/central.to.gov.br\/image\/377921?w=670&amp;h=383\"><\/p>\n\n\n\n<p>Na Agrotins 2024, o governador Wanderlei Barbosa assinou o Projeto de Lei n\u00ba 8 que institui o Programa Trilha da Pesca e Aquicultura &#8211; Antonio Gon\u00e7alves\/Governo do Tocantins\u00a0<\/p>\n\n\n\n<p><img src=\"https:\/\/central.to.gov.br\/image\/377922?w=670&amp;h=383\"><\/p>\n\n\n\n<p>O governador Wanderlei Barbosa e o ministro da Agricultura, Carlos F\u00e1varo, visitaram estandes da agricultura familiar na Agrotins 2024 &#8211; Esequias Ara\u00fajo\/Governo do Tocantins<\/p>\n\n\n\n<p><img src=\"https:\/\/central.to.gov.br\/image\/377923?w=670&amp;h=383\"><\/p>\n\n\n\n<p>Decreto assinado pelo governador Wanderlei Barbosa visa aumentar a produtividade agr\u00edcola com o uso de tecnologia de poliniza\u00e7\u00e3o de abelhas &#8211; Antonio Gon\u00e7alves\/Governo do Tocantins<\/p>\n","protected":false},"excerpt":{"rendered":"<p>A maior feira de tecnologia agropecu\u00e1ria da Regi\u00e3o Norte do pa\u00eds bateu um novo recorde ao atingir, at\u00e9 o meio-dia deste s\u00e1bado, 18, \u00faltimo dia do evento, R$ 4,24 bilh\u00f5es em movimenta\u00e7\u00e3o financeira, representando um aumento de 44% comparado \u00e0 edi\u00e7\u00e3o de 2023. O an\u00fancio foi feito pelo governador do Tocantins, Wanderlei Barbosa, na tarde [&hellip;]<\/p>\n","protected":false},"author":2,"featured_media":19612,"comment_status":"open","ping_status":"open","sticky":false,"template":"","format":"standard","meta":[],"categories":[3],"tags":[13],"_links":{"self":[{"href":"https:\/\/dgospel.com.br\/portal\/index.php\/wp-json\/wp\/v2\/posts\/19611"}],"collection":[{"href":"https:\/\/dgospel.com.br\/portal\/index.php\/wp-json\/wp\/v2\/posts"}],"about":[{"href":"https:\/\/dgospel.com.br\/portal\/index.php\/wp-json\/wp\/v2\/types\/post"}],"author":[{"embeddable":true,"href":"https:\/\/dgospel.com.br\/portal\/index.php\/wp-json\/wp\/v2\/users\/2"}],"replies":[{"embeddable":true,"href":"https:\/\/dgospel.com.br\/portal\/index.php\/wp-json\/wp\/v2\/comments?post=19611"}],"version-history":[{"count":1,"href":"https:\/\/dgospel.com.br\/portal\/index.php\/wp-json\/wp\/v2\/posts\/19611\/revisions"}],"predecessor-version":[{"id":19613,"href":"https:\/\/dgospel.com.br\/portal\/index.php\/wp-json\/wp\/v2\/posts\/19611\/revisions\/19613"}],"wp:featuredmedia":[{"embeddable":true,"href":"https:\/\/dgospel.com.br\/portal\/index.php\/wp-json\/wp\/v2\/media\/19612"}],"wp:attachment":[{"href":"https:\/\/dgospel.com.br\/portal\/index.php\/wp-json\/wp\/v2\/media?parent=19611"}],"wp:term":[{"taxonomy":"category","embeddable":true,"href":"https:\/\/dgospel.com.br\/portal\/index.php\/wp-json\/wp\/v2\/categories?post=19611"},{"taxonomy":"post_tag","embeddable":true,"href":"https:\/\/dgospel.com.br\/portal\/index.php\/wp-json\/wp\/v2\/tags?post=19611"}],"curies":[{"name":"wp","href":"https:\/\/api.w.org\/{rel}","templated":true}]}}