{"id":19614,"date":"2024-05-20T12:07:09","date_gmt":"2024-05-20T15:07:09","guid":{"rendered":"https:\/\/dgospel.com.br\/portal\/?p=19614"},"modified":"2024-05-20T12:07:11","modified_gmt":"2024-05-20T15:07:11","slug":"com-35-anos-palmas-se-consolida-como-simbolo-de-desenvolvimento-no-estado-com-investimentos-realizados-pelo-governo-do-tocantins","status":"publish","type":"post","link":"https:\/\/dgospel.com.br\/portal\/index.php\/2024\/05\/20\/com-35-anos-palmas-se-consolida-como-simbolo-de-desenvolvimento-no-estado-com-investimentos-realizados-pelo-governo-do-tocantins\/","title":{"rendered":"Com 35 anos, Palmas se consolida como s\u00edmbolo de desenvolvimento no Estado com investimentos realizados pelo Governo do Tocantins"},"content":{"rendered":"\n<p>Filho do primeiro prefeito da Capital do Tocantins, Fenelon Barbosa, o governador do Tocantins, Wanderlei Barbosa, parabeniza Palmas por seus 35 anos, completados nesta segunda-feira, 20. Sendo a mais nova capital do Pa\u00eds, a cidade hoje \u00e9 refer\u00eancia entre as demais. O Governo do Tocantins, em raz\u00e3o disso, celebra a data e refor\u00e7a o compromisso com o seu desenvolvimento ao ser um importante parceiro com investimentos liberados nos mais variados segmentos, como: sa\u00fade, educa\u00e7\u00e3o, seguran\u00e7a, entre outros.<br><br>&#8220;A hist\u00f3ria de Palmas se mistura e entrela\u00e7a com a do Tocantins. Parabenizar e comemorar o anivers\u00e1rio da Capital, \u00e9 tamb\u00e9m entender o quanto essa cidade foi e \u00e9 importante para o nosso Estado. Por isso acreditamos que todo investimento feito em Palmas, garantir\u00e1 melhor qualidade de vida n\u00e3o s\u00f3 para os palmenses, mas para todos os tocantinenses&#8221;, disse o governador Wanderlei Barbosa, ao desejar a Palmas um feliz anivers\u00e1rio.<br><br><strong>Aprimoramentos na sa\u00fade<\/strong><br><br>O Governo do Tocantins tem trabalhado constantemente para melhorar a sa\u00fade p\u00fablica em todos os 139 munic\u00edpios do Tocantins. Somente na Capital, j\u00e1 foram entregues, pela gest\u00e3o Wanderlei Barbosa, 137 leitos no Hospital Geral de Palmas (HGP), sendo 12 leitos de psiquiatria, 50 de\u00a0 Unidades de Terapia Intensiva (UTIs), 45 de pronto-socorro e 30 para quimioterapia. Al\u00e9m disso, tamb\u00e9m no HGP, foi entregue um ve\u00edculo para a equipe de Humaniza\u00e7\u00e3o, inaugurado o novo pronto-socorro pedi\u00e1trico, bem como est\u00e1\u00a0em andamento a obra de amplia\u00e7\u00e3o da cozinha do Hospital e, ainda, est\u00e1 sendo constru\u00edda a Rede de Frio do Programa Nacional de Imuniza\u00e7\u00f5es.<br><br>Tamb\u00e9m na cidade, o Hospital e Maternidade Dona Regina Siqueira Campos (HMDR), recebeu uma van para transporte das m\u00e3es nutrizes, buscando garantir mais conforto para as mulheres atendidas. Ainda na unidade, foram conclu\u00eddos importantes servi\u00e7os de infraestrutura, como a revitaliza\u00e7\u00e3o da fachada e reforma do Servi\u00e7o de Aten\u00e7\u00e3o \u00e0s V\u00edtimas de Viol\u00eancia Sexual.<br><br>Somados, os dois hospitais de alta complexidade geridos pelo Estado representam 515 leitos cl\u00ednicos; 50 leitos de\u00a0 UTIs adultos; 20 leitos de UTIs pedi\u00e1tricos e 20 leitos de UTIs neonatais. O Estado tamb\u00e9m mant\u00e9m \u00e0 disposi\u00e7\u00e3o da popula\u00e7\u00e3o palmense, contratualizados na rede particular, 35 leitos cl\u00ednicos; 46 leitos de UTIs adultos; 11 leitos de UTIs pedi\u00e1tricos e 14 leitos de UTIs\u00a0neonatais.<br><br>Aliado a isso, o Governo do Tocantins mant\u00e9m em dias os repasses financeiros feitos \u00e0 Capital, que em 2023 e 2024 recebeu R$ 12.917.977,78 referentes a repasses de recursos de Emendas Parlamentares; Manuten\u00e7\u00e3o da Unidade de Pronto Atendimento; Manuten\u00e7\u00e3o do Centro de Aten\u00e7\u00e3o Psicossocial (CAPS); Medicamentos Destinados \u00e0 Sa\u00fade Mental (CAPS); Medica\u00e7\u00e3o da Assist\u00eancia Farmac\u00eautica B\u00e1sica; Manuten\u00e7\u00e3o do Servi\u00e7o de Atendimento M\u00f3vel de Urg\u00eancia. Do total, R$ 5.525.477,00 s\u00e3o recursos estaduais.<br><br><strong>Refer\u00eancia na educa\u00e7\u00e3o<\/strong><br><br>Em 2024, o Governo do Tocantins, por meio das Secretarias de Estado da Educa\u00e7\u00e3o (Seduc) e da Administra\u00e7\u00e3o (Secad), convocou em Palmas, no Di\u00e1rio Oficial do Estado (DOE), mais 652 nomeados dentre os aprovados no concurso da educa\u00e7\u00e3o, para exercerem as fun\u00e7\u00f5es dos cargos de provimento efetivo do quadro dos Profissionais da Educa\u00e7\u00e3o B\u00e1sica P\u00fablica, entre professores(as), coordenadores(as) pedag\u00f3gicos(as) e orientadores(as), nas 28 unidades escolares estaduais, onde estudam um total 16.749 alunos.<br><br>Para mais, nas escolas da Capital, quase R$ 17 milh\u00f5es em recursos foram investidos em constru\u00e7\u00f5es e reformas, que est\u00e3o em andamento, como no Col\u00e9gio Estadual Duque de Caxias (Taquaru\u00e7u), Col\u00e9gio Girassol de Tempo Integral Rachel de Queiroz, Escola Estadual Santa F\u00e9, Escola Estadual S\u00e3o Jos\u00e9 e Escola Padr\u00e3o em Buritirana. Est\u00e1 em andamento a licita\u00e7\u00e3o para amplia\u00e7\u00e3o e reforma da Escola Estadual Maria dos Reis Alves Barros, bem como j\u00e1 foi conclu\u00edda obra no valor de R$ 600 mil, na cobertura e reforma da quadra do Col\u00e9gio Estadual Girassol de Tempo Integral Augusto dos Anjos.<br><br>Aprimoramentos tecnol\u00f3gicos tamb\u00e9m foram realizados nas escolas da Capital, com a entrega de 1.334 unidades chromebooks, 139 notebooks pelo fomento, 815 para professores e 560 para servidores das unidades de ensino.<br><br><strong>Palmas mais segura<\/strong><br><br>A miss\u00e3o de garantir mais seguran\u00e7a para Palmas anda lado a lado com a de assegurar tamb\u00e9m para o Estado. De acordo com a Secretaria de Estado da Seguran\u00e7a P\u00fablica (SSP), na Capital, em janeiro de 2024, os \u00edndices de homic\u00eddios marcaram zero, pela primeira vez desde 2020. Um marco not\u00e1vel, se comparado ao mesmo m\u00eas em 2023, quando 16 mortes foram registradas. No decorrer do primeiro m\u00eas de 2024 at\u00e9 o dia 16 de maio, os crimes de homic\u00eddio, feminic\u00eddio, les\u00e3o seguida de morte e latroc\u00ednio v\u00eam registrando uma queda significativa de 84% em rela\u00e7\u00e3o ao ano passado. Por exemplo, em 2023 foram registrados 69 homic\u00eddios, enquanto em 2024, foram 11 casos, at\u00e9 o momento .<br><br>Essa queda, efetivamente, teve in\u00edcio em julho de 2023, quando a redu\u00e7\u00e3o de crimes contra a vida chegou a 77% se comparado aos primeiros seis meses do mesmo ano, quando a cidade teve um aumento nos \u00edndices em decorr\u00eancia da disputa de poder entre fac\u00e7\u00f5es criminosas. Os resultados s\u00e3o atribu\u00eddos como reflexo de uma s\u00e9rie de a\u00e7\u00f5es realizadas pelas for\u00e7as da Secretaria de Seguran\u00e7a P\u00fablica (SSP), como a deflagra\u00e7\u00e3o da\u00a0<em>Opera\u00e7\u00e3o Gotham City<\/em>, por meio da 1\u00aa Divis\u00e3o Especializada de Homic\u00eddios e Prote\u00e7\u00e3o \u00e0 Pessoa (DHPP &#8211; Palmas). Al\u00e9m do empenho da Pol\u00edcia Militar do Tocantins (PMTO), que teve seu efetivo aumentado no ano de 2023, tamb\u00e9m na Capital, ap\u00f3s a formatura de quase 1000 alunos soldados.<br><br><strong>Cultura para todos os palmenses<\/strong><br><br>Refor\u00e7ando a miss\u00e3o solicitada aos secret\u00e1rios de Estado pelo governador Wanderlei Barbosa, de trabalhar com transversalidade as demandas entre as pastas, a Secretaria de Estado da Cultura (Secult), tem realizado na Capital, investimentos no sentido de refor\u00e7ar a cidade como polo de turismo para os tocantinenses e visitantes de fora. Neste sentido, as a\u00e7\u00f5es v\u00e3o desde assegurar a continua\u00e7\u00e3o de projetos culturais j\u00e1 tradicionais do munic\u00edpio e do distrito de Taquaru\u00e7u, como de participar de importantes eventos na cidade, como a Agrotins, em que a pasta desenvolveu, com os agentes de cultura da cidade, projetos que visam levar ao palmense cada vez mais cultura.<br><br><strong>35 anos de cria\u00e7\u00e3o<\/strong><br><br>A Capital do Tocantins \u00a0integra a Regi\u00e3o Tur\u00edstica Serras e Lago. Sua popula\u00e7\u00e3o \u00e9 formada por gente de todos os cantos do Pa\u00eds. Em seu centro est\u00e1 localizada a Pra\u00e7a dos Girass\u00f3is que, al\u00e9m de ser uma das maiores da Am\u00e9rica Latina, e ser um famoso ponto de pr\u00e1tica de atividades f\u00edsicas, tamb\u00e9m \u00e9 onde est\u00e3o importantes secretarias do Governo do Tocantins, bem como a sede dos demais poderes, com a Assembleia Legislativa e o Tribunal de Justi\u00e7a do Estado.<br><br>O Projeto de Lei do executivo estadual que solicitou a cria\u00e7\u00e3o do munic\u00edpio de Palmas foi aprovado no dia 19 de julho de 1989, pela Assembl\u00e9ia Estadual Constituinte do Tocantins. Contudo, a Lei foi sancionada somente no dia 1\u00ba de agosto do mesmo ano, quando o ent\u00e3o governador Siqueira Campos, confirmou a transfer\u00eancia da capital de Miracema do Tocantins para Palmas.<br><br>Por\u00e9m, foi somente em 1\u00ba de janeiro de 1990, que Palmas assumiu sua fun\u00e7\u00e3o de capital do Tocantins. Com isso, os poderes constitu\u00eddos foram transferidos da capital provis\u00f3ria, Miracema, para o plano diretor da nova cidade. O primeiro prefeito do munic\u00edpio foi Fenelon Barbosa Sales, pai do atual chefe do Executivo estadual, Wanderlei Barbosa.<\/p>\n\n\n\n<p><img src=\"https:\/\/central.to.gov.br\/image\/377968?w=670&amp;h=383\"><\/p>\n\n\n\n<p>Governador Wanderlei Barbosa parabeniza Palmas pelos 35 anos, destacando o desenvolvimento da cidade &#8211; M\u00e1rcio Vieira\/Governo do Tocantins\u00a0<\/p>\n\n\n\n<p><img src=\"https:\/\/central.to.gov.br\/image\/377967?w=670&amp;h=383\"><\/p>\n\n\n\n<p>O Hospital Geral de Palmas inaugura novos servi\u00e7os e leitos, ampliando sua capacidade de atendimento &#8211; Tharson Lopes\/Governo do Tocantins\u00a0<\/p>\n\n\n\n<p><img src=\"https:\/\/central.to.gov.br\/image\/377966?w=670&amp;h=383\"><\/p>\n\n\n\n<p>A educa\u00e7\u00e3o em Palmas recebe investimentos significativos, com reformas e constru\u00e7\u00f5es de novas escolas &#8211; M\u00e1rcio Vieira\/Governo do Tocantins<\/p>\n\n\n\n<p><img src=\"https:\/\/central.to.gov.br\/image\/377965?w=670&amp;h=383\"><\/p>\n\n\n\n<p>Pol\u00edcia Militar do Tocantins (PMTO) teve seu efetivo aumentado na Capital ap\u00f3s a formatura de quase 1000 alunos soldados &#8211; Tomaz Neto\/Governo do Tocantins\u00a0<\/p>\n\n\n\n<p><img src=\"https:\/\/central.to.gov.br\/image\/377964?w=670&amp;h=383\"><\/p>\n\n\n\n<p>Palmas registra queda hist\u00f3rica nos \u00edndices de homic\u00eddios, gra\u00e7as \u00e0s a\u00e7\u00f5es de Secretaria de Estado da Seguran\u00e7a P\u00fablica (SSP) &#8211; Luiz de Castro\/Governo do Tocantins<\/p>\n\n\n\n<p><img src=\"https:\/\/central.to.gov.br\/image\/377963?w=670&amp;h=383\"><\/p>\n\n\n\n<p>Secretaria de Estado\u00a0 da Cultura promove eventos e projetos para fortalecer a identidade cultural de Palmas &#8211; Vin\u00edcius\u00a0Santa Rosa\/Governo do Tocantins\u00a0<\/p>\n\n\n\n<p><img src=\"https:\/\/central.to.gov.br\/image\/377962?w=670&amp;h=383\"><\/p>\n\n\n\n<p>Fenelon Barbosa, pai do governador Wanderlei Barbosa, foi o primeiro prefeito da jovem capital, Palmas &#8211; Ant\u00f4nio Gon\u00e7alves\/Governo do Tocantins\u00a0<\/p>\n\n\n\n<p><img src=\"https:\/\/central.to.gov.br\/image\/377961?w=670&amp;h=383\"><\/p>\n\n\n\n<p>O Hospital e Maternidade Dona Regina Siqueira Campos investe em infraestrutura para melhor atender \u00e0 popula\u00e7\u00e3o &#8211; Aldemar Ribeiro\/Governo do Tocantins\u00a0<\/p>\n\n\n\n<p><img src=\"https:\/\/central.to.gov.br\/image\/377960?w=670&amp;h=383\"><\/p>\n\n\n\n<p>Professores das Escolas Estaduais de Palmas recebem novos equipamentos tecnol\u00f3gicos, fortalecendo o ensino na capital &#8211; M\u00e1rcio Vieira\/Governo do Tocantins\u00a0<\/p>\n\n\n\n<p><img src=\"https:\/\/central.to.gov.br\/image\/377959?w=670&amp;h=383\"><\/p>\n\n\n\n<p>A Pra\u00e7a dos Girass\u00f3is, um dos maiores espa\u00e7os p\u00fablicos da Am\u00e9rica Latina, \u00e9 s\u00edmbolo de Palmas &#8211; Adilvan Nogueira\/Governo do Tocantins&nbsp;<\/p>\n","protected":false},"excerpt":{"rendered":"<p>Filho do primeiro prefeito da Capital do Tocantins, Fenelon Barbosa, o governador do Tocantins, Wanderlei Barbosa, parabeniza Palmas por seus 35 anos, completados nesta segunda-feira, 20. Sendo a mais nova capital do Pa\u00eds, a cidade hoje \u00e9 refer\u00eancia entre as demais. O Governo do Tocantins, em raz\u00e3o disso, celebra a data e refor\u00e7a o compromisso [&hellip;]<\/p>\n","protected":false},"author":2,"featured_media":19615,"comment_status":"open","ping_status":"open","sticky":false,"template":"","format":"standard","meta":[],"categories":[3],"tags":[13],"_links":{"self":[{"href":"https:\/\/dgospel.com.br\/portal\/index.php\/wp-json\/wp\/v2\/posts\/19614"}],"collection":[{"href":"https:\/\/dgospel.com.br\/portal\/index.php\/wp-json\/wp\/v2\/posts"}],"about":[{"href":"https:\/\/dgospel.com.br\/portal\/index.php\/wp-json\/wp\/v2\/types\/post"}],"author":[{"embeddable":true,"href":"https:\/\/dgospel.com.br\/portal\/index.php\/wp-json\/wp\/v2\/users\/2"}],"replies":[{"embeddable":true,"href":"https:\/\/dgospel.com.br\/portal\/index.php\/wp-json\/wp\/v2\/comments?post=19614"}],"version-history":[{"count":1,"href":"https:\/\/dgospel.com.br\/portal\/index.php\/wp-json\/wp\/v2\/posts\/19614\/revisions"}],"predecessor-version":[{"id":19616,"href":"https:\/\/dgospel.com.br\/portal\/index.php\/wp-json\/wp\/v2\/posts\/19614\/revisions\/19616"}],"wp:featuredmedia":[{"embeddable":true,"href":"https:\/\/dgospel.com.br\/portal\/index.php\/wp-json\/wp\/v2\/media\/19615"}],"wp:attachment":[{"href":"https:\/\/dgospel.com.br\/portal\/index.php\/wp-json\/wp\/v2\/media?parent=19614"}],"wp:term":[{"taxonomy":"category","embeddable":true,"href":"https:\/\/dgospel.com.br\/portal\/index.php\/wp-json\/wp\/v2\/categories?post=19614"},{"taxonomy":"post_tag","embeddable":true,"href":"https:\/\/dgospel.com.br\/portal\/index.php\/wp-json\/wp\/v2\/tags?post=19614"}],"curies":[{"name":"wp","href":"https:\/\/api.w.org\/{rel}","templated":true}]}}