{"id":19623,"date":"2024-05-20T15:48:03","date_gmt":"2024-05-20T18:48:03","guid":{"rendered":"https:\/\/dgospel.com.br\/portal\/?p=19623"},"modified":"2024-05-20T15:48:03","modified_gmt":"2024-05-20T18:48:03","slug":"reconstrucao-do-rs-e-liderada-pelos-proprios-gauchos-diz-leite","status":"publish","type":"post","link":"https:\/\/dgospel.com.br\/portal\/index.php\/2024\/05\/20\/reconstrucao-do-rs-e-liderada-pelos-proprios-gauchos-diz-leite\/","title":{"rendered":"\u2018Reconstru\u00e7\u00e3o do RS \u00e9 liderada pelos pr\u00f3prios ga\u00fachos\u2019, diz Leite"},"content":{"rendered":"\n<p>O governador do Rio Grande do Sul, Eduardo Leite (PSDB), concedeu entrevista ao jornal O Globo, onde afirmou que a reconstru\u00e7\u00e3o do estado est\u00e1 sendo realizada pelos pr\u00f3prios ga\u00fachos.<\/p>\n\n\n\n<p>Leite fez tal coloca\u00e7\u00e3o ao ser perguntado sobre a nomea\u00e7\u00e3o de Paulo Pimenta para a Secretaria Extraordin\u00e1ria para Apoio \u00e0 Reconstru\u00e7\u00e3o do Rio Grande do Sul, a\u00e7\u00e3o que partiu do presidente Lula.<\/p>\n\n\n\n<p>\u2013 A reconstru\u00e7\u00e3o \u00e9 liderada e coordenada pelos pr\u00f3prios ga\u00fachos, que t\u00eam um governo constitu\u00eddo. Se [a pasta] se prop\u00f5e a ser apoio \u00e0 reconstru\u00e7\u00e3o, \u00e9 muito bem-vindo \u2013 disse o chefe do Executivo ga\u00facho.<\/p>\n\n\n\n<p>Perguntado sobre as cr\u00edticas de sua legenda acerca da politiza\u00e7\u00e3o que se faz sobre a trag\u00e9dia no Rio Grande do Sul, Leite destacou que \u201ca politiza\u00e7\u00e3o n\u00e3o \u00e9 bem-vinda\u201d, mas que n\u00e3o lhe cabe, como governador, fazer an\u00e1lises pol\u00edticas.<\/p>\n\n\n\n<p>\u2013 Tenho muitas diferen\u00e7as ideol\u00f3gicas e program\u00e1ticas com o ministro Pimenta e com o presidente Lula, mas n\u00e3o vou deixar que isso supere a necessidade de agirmos em coordena\u00e7\u00e3o para atender uma popula\u00e7\u00e3o que est\u00e1 sofrendo muito.<\/p>\n","protected":false},"excerpt":{"rendered":"<p>O governador do Rio Grande do Sul, Eduardo Leite (PSDB), concedeu entrevista ao jornal O Globo, onde afirmou que a reconstru\u00e7\u00e3o do estado est\u00e1 sendo realizada pelos pr\u00f3prios ga\u00fachos. Leite fez tal coloca\u00e7\u00e3o ao ser perguntado sobre a nomea\u00e7\u00e3o de Paulo Pimenta para a Secretaria Extraordin\u00e1ria para Apoio \u00e0 Reconstru\u00e7\u00e3o do Rio Grande do Sul, [&hellip;]<\/p>\n","protected":false},"author":2,"featured_media":19624,"comment_status":"open","ping_status":"open","sticky":false,"template":"","format":"standard","meta":[],"categories":[4],"tags":[],"_links":{"self":[{"href":"https:\/\/dgospel.com.br\/portal\/index.php\/wp-json\/wp\/v2\/posts\/19623"}],"collection":[{"href":"https:\/\/dgospel.com.br\/portal\/index.php\/wp-json\/wp\/v2\/posts"}],"about":[{"href":"https:\/\/dgospel.com.br\/portal\/index.php\/wp-json\/wp\/v2\/types\/post"}],"author":[{"embeddable":true,"href":"https:\/\/dgospel.com.br\/portal\/index.php\/wp-json\/wp\/v2\/users\/2"}],"replies":[{"embeddable":true,"href":"https:\/\/dgospel.com.br\/portal\/index.php\/wp-json\/wp\/v2\/comments?post=19623"}],"version-history":[{"count":1,"href":"https:\/\/dgospel.com.br\/portal\/index.php\/wp-json\/wp\/v2\/posts\/19623\/revisions"}],"predecessor-version":[{"id":19625,"href":"https:\/\/dgospel.com.br\/portal\/index.php\/wp-json\/wp\/v2\/posts\/19623\/revisions\/19625"}],"wp:featuredmedia":[{"embeddable":true,"href":"https:\/\/dgospel.com.br\/portal\/index.php\/wp-json\/wp\/v2\/media\/19624"}],"wp:attachment":[{"href":"https:\/\/dgospel.com.br\/portal\/index.php\/wp-json\/wp\/v2\/media?parent=19623"}],"wp:term":[{"taxonomy":"category","embeddable":true,"href":"https:\/\/dgospel.com.br\/portal\/index.php\/wp-json\/wp\/v2\/categories?post=19623"},{"taxonomy":"post_tag","embeddable":true,"href":"https:\/\/dgospel.com.br\/portal\/index.php\/wp-json\/wp\/v2\/tags?post=19623"}],"curies":[{"name":"wp","href":"https:\/\/api.w.org\/{rel}","templated":true}]}}