{"id":19629,"date":"2024-05-21T08:19:58","date_gmt":"2024-05-21T11:19:58","guid":{"rendered":"https:\/\/dgospel.com.br\/portal\/?p=19629"},"modified":"2024-05-21T08:20:00","modified_gmt":"2024-05-21T11:20:00","slug":"deusimar-amorim-e-roquinho-realizam-grande-evento-de-lancamento-de-pre-candidaturas-em-aparecida-do-rio-negro","status":"publish","type":"post","link":"https:\/\/dgospel.com.br\/portal\/index.php\/2024\/05\/21\/deusimar-amorim-e-roquinho-realizam-grande-evento-de-lancamento-de-pre-candidaturas-em-aparecida-do-rio-negro\/","title":{"rendered":"Deusimar Amorim e Roquinho realizam grande evento de lan\u00e7amento de pr\u00e9-candidaturas em Aparecida do Rio Negro"},"content":{"rendered":"\n<p>O Munic\u00edpio de Aparecida do Rio Negro teve neste s\u00e1bado, 18, o lan\u00e7amento da pr\u00e9-candidatura de Deusimar Amorim (Republicanos) e Roquinho (PDT), a prefeito e vice-prefeito, respectivamente. Tamb\u00e9m foram lan\u00e7adas oficialmente as pr\u00e9-candidaturas a vereadores do grupo. O evento ocorreu no Rancho do Reinaldo, onde a onda do laranja e chap\u00e9u na cabe\u00e7a tomou conta.<\/p>\n\n\n\n<figure class=\"wp-block-image size-full\"><img loading=\"lazy\" width=\"600\" height=\"400\" src=\"https:\/\/dgospel.com.br\/portal\/wp-content\/uploads\/2024\/05\/00-30.jpg\" alt=\"\" class=\"wp-image-19630\" srcset=\"https:\/\/dgospel.com.br\/portal\/wp-content\/uploads\/2024\/05\/00-30.jpg 600w, https:\/\/dgospel.com.br\/portal\/wp-content\/uploads\/2024\/05\/00-30-300x200.jpg 300w\" sizes=\"(max-width: 600px) 100vw, 600px\" \/><\/figure>\n\n\n\n<p>Atuante no Munic\u00edpio por dois mandatos, Deusimar Amorim foi eleito pela primeira vez em 2012, realizando seu primeiro mandato de 2013 a 2016, e sendo o primeiro gestor a ser reconduzido para uma segunda administra\u00e7\u00e3o, de 2017 a 2020. J\u00e1 o pr\u00e9-candidato a vice, Henilton Roque, entra pela primeira vez na pol\u00edtica, \u00e9 odont\u00f3logo e filho da ex-vice-prefeita, ex-primeira-dama e ex-secret\u00e1ria municipal de Sa\u00fade, Carmelita Tavares, e do ex-prefeito Sebasti\u00e3o Pinheiro (In Memoriam).<\/p>\n\n\n\n<figure class=\"wp-block-image\"><img src=\"https:\/\/folhadojalapao.com.br\/wp-content\/uploads\/2024\/05\/IMG_3581-scaled.jpg\" alt=\"\" class=\"wp-image-121381\"\/><\/figure>\n\n\n\n<p>Os dois lan\u00e7aram oficialmente a pr\u00e9-candidatura com um grupo consolidado, que tem o respaldo do governador Wanderlei Barbosa e do vice-governador Laurez Moreira, al\u00e9m de outras lideran\u00e7as estaduais e municipais.<\/p>\n\n\n\n<h2>Esperan\u00e7a<\/h2>\n\n\n\n<figure class=\"wp-block-image\"><img src=\"https:\/\/folhadojalapao.com.br\/wp-content\/uploads\/2024\/05\/IMG_3629-scaled.jpg\" alt=\"\" class=\"wp-image-121362\"\/><\/figure>\n\n\n\n<p><br>Ao se dirigir ao p\u00fablico presente, Deusimar Amorim, juntamente com sua esposa, Ana Cl\u00e1udia, refor\u00e7ou seu compromisso em buscar ouvir a comunidade em suas demandas, enfatizando a esperan\u00e7a da popula\u00e7\u00e3o. \u201cAl\u00e9m de hoje ser o anivers\u00e1rio de minha m\u00e3e, 18 de maio, \u00e9 uma data que marca tamb\u00e9m a retomada da dignidade das pessoas, que marca o retorno do trabalho para todos. Antes eu tinha um sonho de ser prefeito e hoje eu tenho \u00e9 dever e obriga\u00e7\u00e3o. Jamais poderia fugir dessa miss\u00e3o que me foi dada por todos voc\u00eas e que foi dada pelo governador Wanderlei Barbosa\u201d, disse.<\/p>\n\n\n\n<figure class=\"wp-block-image\"><img src=\"https:\/\/folhadojalapao.com.br\/wp-content\/uploads\/2024\/05\/4d0bc2ab-49e8-4003-9ee5-62fd0b5232bd.jpg\" alt=\"\" class=\"wp-image-121391\"\/><\/figure>\n\n\n\n<p>O ex-prefeito ressaltou ainda que a responsabilidade \u00e9 grande, mas tudo ser\u00e1 enfrentado com seriedade, honestidade e determina\u00e7\u00e3o. \u201cEstou seguro que os des\u00edgnios de Deus me trouxeram aqui e eu jamais poderia fugir a essa luta. Vamos fazer uma pr\u00e9-campanha sempre como fizemos, respeitosa, sem passar em cima de ningu\u00e9m, trabalhando para o bem dessa gente nossa, agindo dentro da lei, da \u00e9tica e do bom costume, esse \u00e9 meu compromisso. Precisamos resgatar a dignidade das fam\u00edlias de Aparecida, pois aqui n\u00e3o existe press\u00e3o, nem constrangimento e assim ser\u00e1 nos pr\u00f3ximos quatro anos. Precisamos mudar o destino desta cidade, cuidar das pessoas, cuidar direito do dinheiro p\u00fablico\u201d, afirmou.<\/p>\n\n\n\n<figure class=\"wp-block-image\"><img src=\"https:\/\/folhadojalapao.com.br\/wp-content\/uploads\/2024\/05\/IMG_3579-scaled.jpg\" alt=\"\" class=\"wp-image-121369\"\/><\/figure>\n\n\n\n<p>O pr\u00e9-candidato a vice, Roquinho, que esteve acompanhado de sua esposa, Ananda Godinho, fez quest\u00e3o de ressaltar que n\u00e3o entra na disputa por vaidade, e sim por responsabilidade. \u201cEu escolho o caminho que \u00e9 digno, que \u00e9 de responsabilidade e \u00e9 contra a vaidade. Hoje eu vejo em todos voc\u00eas a vontade de mudar as coisas e eu vou honrar minha m\u00e3e e respeitar a honra de meu pai. Aqui eu nasci, conhe\u00e7o cada pedacinho de nosso munic\u00edpio. Aqui todos est\u00e3o livres, est\u00e3o vindo por espontaneidade\u201d, frisou.<\/p>\n\n\n\n<h2>Respaldo<\/h2>\n\n\n\n<figure class=\"wp-block-image\"><img src=\"https:\/\/folhadojalapao.com.br\/wp-content\/uploads\/2024\/05\/IMG_3504-scaled.jpg\" alt=\"\" class=\"wp-image-121361\"\/><\/figure>\n\n\n\n<p><br>Durante o evento, o deputado estadual L\u00e9o Barbosa representou o governador Wanderlei Barbosa e garantiu o respaldo do chefe do Executivo Estadual. \u201cDeusimar resgatou a autoestima de Aparecida, o filho de seu Zome fez bonito. A palavra de Deusimar n\u00e3o \u00e9 um cheque em branco. Aqui a vaidade foi deixada de lado e a cidade precisa voltar ao caminho do progresso. Para voc\u00ea Deusimar, eu tiro o chap\u00e9u e visto laranja, e quando a campanha chegar vamos multiplicar e buscar a vit\u00f3ria. A cada dia acompanhamos a chegada de mais gente para apoiar Deusimar\u201d, comentou.<\/p>\n\n\n\n<figure class=\"wp-block-image\"><img src=\"https:\/\/folhadojalapao.com.br\/wp-content\/uploads\/2024\/05\/IMG_3481-scaled.jpg\" alt=\"\" class=\"wp-image-121360\"\/><\/figure>\n\n\n\n<p>Presente no evento, o deputado federal Ricardo Ayres tamb\u00e9m garantiu ir \u00e0 luta pela elei\u00e7\u00e3o da dupla aparecidense. \u201cEssa reuni\u00e3o nos d\u00e1 a certeza que o povo de Aparecida j\u00e1 escolheu, que vai ter ano que vem Deusimar e Roquinho para cuidar da nossa gente. As pessoas est\u00e3o aqui primeiro pela gratid\u00e3o, mas muito mais que isso, sabem que Deusimar vai fazer muito mais, agora com mais experi\u00eancia e tem no Pal\u00e1cio o seu amigo Wanderlei Barbosa, que cuida de Aparecida desde quando come\u00e7ou a sua luta pol\u00edtica\u201d, destacou.<\/p>\n\n\n\n<p>Tamb\u00e9m usaram a palavra os pr\u00e9-candidatos a vereadores Leandro Baininho do Povo, Reinaldo Sales, Divino Redondo, Selmo das Parab\u00f3licas, Ildinei Lino, Diego do Li\u00f3, Evandro Barbosa, Elias Lustosa, Matheus Santana, vice-prefeito Assis Coutinho, Filipe Barbosa, Serginho e Yara Rocha.<\/p>\n\n\n\n<h2>Presen\u00e7as<\/h2>\n\n\n\n<p><br>O evento contou ainda com a presen\u00e7a do secret\u00e1rio estadual de Cidadania e Justi\u00e7a, Deusiano Amorim, al\u00e9m dos ex-prefeitos Manoel Raimundo, Jos\u00e9 Martins (Zezinho) e Pedro Lu\u00eds. Outras lideran\u00e7as pol\u00edticas locais tamb\u00e9m participaram, como o presidente da Comiss\u00e3o Provis\u00f3ria do PDT, Acione Tavares, o presidente da Comiss\u00e3o Provis\u00f3ria do do Republicanos, M\u00e1rio Veloso, e o presidente da Comiss\u00e3o Provis\u00f3ria do PSDB, ex-prefeito Zezinho Barbosa.<\/p>\n\n\n\n<p>Tamb\u00e9m estiveram presentes a ex-vice-prefeita Carmelita Tavares, a ex-vereadora Ivanete Lino, que representou as mulheres, o representante dos ex-vereadores, Ismael Cavalcante, o jovem Rafael Ribeiro, que no ato representou a juventude e o pastor Neuton.<\/p>\n\n\n\n<figure class=\"wp-block-image\"><img src=\"https:\/\/folhadojalapao.com.br\/wp-content\/uploads\/2024\/05\/IMG_3335-scaled.jpg\" alt=\"\" class=\"wp-image-121341\"\/><\/figure>\n\n\n\n<figure class=\"wp-block-image\"><img src=\"https:\/\/folhadojalapao.com.br\/wp-content\/uploads\/2024\/05\/IMG_3412-scaled.jpg\" alt=\"\" class=\"wp-image-121355\"\/><\/figure>\n","protected":false},"excerpt":{"rendered":"<p>O Munic\u00edpio de Aparecida do Rio Negro teve neste s\u00e1bado, 18, o lan\u00e7amento da pr\u00e9-candidatura de Deusimar Amorim (Republicanos) e Roquinho (PDT), a prefeito e vice-prefeito, respectivamente. Tamb\u00e9m foram lan\u00e7adas oficialmente as pr\u00e9-candidaturas a vereadores do grupo. O evento ocorreu no Rancho do Reinaldo, onde a onda do laranja e chap\u00e9u na cabe\u00e7a tomou conta. [&hellip;]<\/p>\n","protected":false},"author":2,"featured_media":19631,"comment_status":"open","ping_status":"open","sticky":false,"template":"","format":"standard","meta":[],"categories":[4],"tags":[13],"_links":{"self":[{"href":"https:\/\/dgospel.com.br\/portal\/index.php\/wp-json\/wp\/v2\/posts\/19629"}],"collection":[{"href":"https:\/\/dgospel.com.br\/portal\/index.php\/wp-json\/wp\/v2\/posts"}],"about":[{"href":"https:\/\/dgospel.com.br\/portal\/index.php\/wp-json\/wp\/v2\/types\/post"}],"author":[{"embeddable":true,"href":"https:\/\/dgospel.com.br\/portal\/index.php\/wp-json\/wp\/v2\/users\/2"}],"replies":[{"embeddable":true,"href":"https:\/\/dgospel.com.br\/portal\/index.php\/wp-json\/wp\/v2\/comments?post=19629"}],"version-history":[{"count":1,"href":"https:\/\/dgospel.com.br\/portal\/index.php\/wp-json\/wp\/v2\/posts\/19629\/revisions"}],"predecessor-version":[{"id":19632,"href":"https:\/\/dgospel.com.br\/portal\/index.php\/wp-json\/wp\/v2\/posts\/19629\/revisions\/19632"}],"wp:featuredmedia":[{"embeddable":true,"href":"https:\/\/dgospel.com.br\/portal\/index.php\/wp-json\/wp\/v2\/media\/19631"}],"wp:attachment":[{"href":"https:\/\/dgospel.com.br\/portal\/index.php\/wp-json\/wp\/v2\/media?parent=19629"}],"wp:term":[{"taxonomy":"category","embeddable":true,"href":"https:\/\/dgospel.com.br\/portal\/index.php\/wp-json\/wp\/v2\/categories?post=19629"},{"taxonomy":"post_tag","embeddable":true,"href":"https:\/\/dgospel.com.br\/portal\/index.php\/wp-json\/wp\/v2\/tags?post=19629"}],"curies":[{"name":"wp","href":"https:\/\/api.w.org\/{rel}","templated":true}]}}