{"id":1963,"date":"2018-11-28T17:09:32","date_gmt":"2018-11-28T19:09:32","guid":{"rendered":"http:\/\/dgospel.com.br\/portal\/?p=1963"},"modified":"2018-11-28T17:09:32","modified_gmt":"2018-11-28T19:09:32","slug":"violencia-contra-mulher-38-mil-denuncias-foram-registradas-no-primeiro-semestre-de-2018","status":"publish","type":"post","link":"https:\/\/dgospel.com.br\/portal\/index.php\/2018\/11\/28\/violencia-contra-mulher-38-mil-denuncias-foram-registradas-no-primeiro-semestre-de-2018\/","title":{"rendered":"VIOL\u00caNCIA CONTRA MULHER: 38 mil den\u00fancias foram registradas no primeiro semestre de 2018"},"content":{"rendered":"<p>A viol\u00eancia contra a mulher continua sendo um problema que preocupa as autoridades brasileiras. De acordo com dados do Minist\u00e9rio dos Direitos Humanos, s\u00f3 nos primeiros seis meses deste ano, mais de 38 mil den\u00fancias de viol\u00eancia contra mulheres foram registradas no disque 180.<\/p>\n<p>A viol\u00eancia pode se manifestar de v\u00e1rias formas. Ela pode ser f\u00edsica, psicol\u00f3gica, sexual, patrimonial ou moral. E pode destruir a vida de qualquer mulher. \u00c9 o caso, por exemplo, de Patr\u00edcia. Em poucos meses de relacionamento, ela e o companheiro come\u00e7aram a morar juntos. Ele decidiu que n\u00e3o queria que Patr\u00edcia trabalhasse mais, se mostrava extremamente ciumento, at\u00e9 que come\u00e7aram as amea\u00e7as.<\/p>\n<p>Depois disso, ela tomou coragem, foi at\u00e9 a Delegacia da Mulher e fez a den\u00fancia. Quando voltou para casa, nenhum dos pertences dela estavam mais l\u00e1. Patr\u00edcia conta que at\u00e9 hoje vive apavorada, porque as amea\u00e7as ainda continuam.<\/p>\n<p>&#8220;Eu tenho muito medo de encontrar ele, porque toda vez que ele v\u00ea algu\u00e9m que me conhece, ele fala, &#8216;O que \u00e9 dela est\u00e1 guardado&#8217;. Que o dia em que ele me pegar vai me matar&#8221;, lamenta ela.<\/p>\n<p>Patr\u00edcia conta ainda que, de noite, ela dorme muito pouco, porque fica frequentemente vigiando para ver se o ex-namorado n\u00e3o vai aparecer na casa dela. E que isso, n\u00e3o \u00e9 amor.<\/p>\n<p>&#8220;Quando a pessoa ama, ela cuida! Ela n\u00e3o bate, n\u00e3o machuca, n\u00e3o maltrata, ela n\u00e3o amea\u00e7a. Ela te deixa viver em paz e eu n\u00e3o tive paz\u201d, conta Patr\u00edcia.<\/p>\n<p>As discuss\u00f5es sobre o assunto se intensificaram neste m\u00eas principalmente por conta do Dia Internacional de Enfrentamento \u00e0 Viol\u00eancia Contra a Mulher, no \u00faltimo domingo (25). Agora, nesta ter\u00e7a (27), o governo federal lan\u00e7ou o Plano Nacional de Enfrentamento \u00e0 Viol\u00eancia Dom\u00e9stica contra a Mulher.<\/p>\n<p>As a\u00e7\u00f5es v\u00e3o promover a colabora\u00e7\u00e3o entre estados e munic\u00edpios com a Uni\u00e3o, com o intuito de trazer uma puni\u00e7\u00e3o mais rigorosa contra ao agressor e uma preven\u00e7\u00e3o eficaz contra a viol\u00eancia.<\/p>\n<p>\u201cEle busca um di\u00e1logo entre o poder federal, os Estados e os munic\u00edpios, no sentido de criar diretrizes e de criar uma rede de prote\u00e7\u00e3o para tornar mais efetiva a prote\u00e7\u00e3o para as mulheres. \u00c9 fundamental que as pessoas se conscientizem da import\u00e2ncia desta pauta, que n\u00e3o h\u00e1 limite de toler\u00e2ncia para viol\u00eancia. Viol\u00eancia n\u00e3o pode ser tolerada em hip\u00f3tese nenhuma&#8221;, explica o ministro dos Direitos Humanos, Gustavo Rocha.<\/p>\n<p>A professora Lia Zanotta Machado, do Departamento de Antropologia da UnB, explica que \u00e9 at\u00e9 comum um casal discutir. Mas resolver os conflitos atrav\u00e9s da imposi\u00e7\u00e3o f\u00edsica sobre o outro, sobre amea\u00e7as verbais, inj\u00farias, ou sobre humilha\u00e7\u00f5es \u00e9 inadmiss\u00edvel em qualquer relacionamento.<\/p>\n<p>&#8220;Ci\u00fames, as mulheres sentem, os homens sentem, mas o ci\u00fame n\u00e3o \u00e9 raz\u00e3o para viol\u00eancia contra a mulher. N\u00e3o \u00e9 raz\u00e3o para matar. N\u00e3o se mata por amor, se mata por \u00f3dio. Se o amor j\u00e1 foi, cada um vai para o seu canto, se separa ou ent\u00e3o, fica junto e recomp\u00f5e as rela\u00e7\u00f5es, mas jamais atrav\u00e9s da viol\u00eancia\u201d, enfatiza a educadora.<\/p>\n<p>Por isso, em casos de viol\u00eancia contra a mulher, basta ligar para o 180. A Secret\u00e1ria Nacional de Prote\u00e7\u00e3o para Mulheres do Minist\u00e9rio dos Direitos Humanos, Andreza Colatto, conta que a liga\u00e7\u00e3o \u00e9 de gra\u00e7a e confidencial.<\/p>\n<p>&#8220;A Secretaria Nacional de Pol\u00edticas para Mulheres faz um apelo a toda a sociedade, que divulgue e utilize o canal &#8220;ligue 180&#8221;, que hoje \u00e9 nossa principal porta de entrada de informa\u00e7\u00e3o a respeito da viol\u00eancia sofrida por mulheres e tamb\u00e9m de den\u00fancia. \u00c9 um canal confidencial que funciona 7 dias por semana, 24 horas por dia e atende as mulheres brasileiras que vivem em 16 outros pa\u00edses. A sociedade precisa entender que ela tamb\u00e9m faz parte desse enfrentamento\u201d, afirma a secret\u00e1ria.<\/p>\n<p><strong>Voc\u00ea tem voz<\/strong><\/p>\n<p>Um v\u00eddeo lan\u00e7ado no \u00faltimo domingo (25) pelo governo federal, com a cantora Naiara Azevedo, fez com que o n\u00famero de den\u00fancias de viol\u00eancia contra a mulher aumentasse 16 vezes em rela\u00e7\u00e3o \u00e0 m\u00e9dia, somente no primeiro dia.<\/p>\n<p>&nbsp;<\/p>\n<p>Atualmente, a m\u00e9dia de telefonemas para o Ligue 180 \u00e9 de 350 por dia. Nesta segunda-feira (26), um dia ap\u00f3s a divulga\u00e7\u00e3o do v\u00eddeo nas redes sociais, a central recebeu mais de 5,6 mil den\u00fancias.<\/p>\n<p>O clipe utiliza uma m\u00fasica que, quando se escuta apenas a letra, parece uma can\u00e7\u00e3o de amor. Mas quando se assiste \u00e0s imagens do clipe, \u00e9 poss\u00edvel perceber que &#8211; muitas vezes &#8211; o que era tido como &#8220;amor&#8221;, na verdade, \u00e9 abuso. As imagens s\u00e3o fortes e incentivam \u00e0 den\u00fancia para o n\u00famero 180.<\/p>\n<p><strong>Plano Nacional<\/strong><\/p>\n<p>No lan\u00e7amento do Plano Nacional de Enfrentamento \u00e0 Viol\u00eancia Dom\u00e9stica contra a Mulher, o presidente Michel Temer lembrou que, apesar das dificuldades, \u00e9 urgente enfrentar o problema de viol\u00eancia contra as mulheres.<\/p>\n<p>\u201cTodos sabemos que esse desafio n\u00e3o \u00e9 f\u00e1cil. Afinal, a viol\u00eancia contra a mulher n\u00e3o conhece extrato social, idade, nem regi\u00e3o do pa\u00eds. Muitas vezes as pessoas pensam que isso acontece entre os mais pobres, e n\u00e3o \u00e9 isso. As estat\u00edsticas revelam abundantemente que em todos os extratos sociais h\u00e1 muitas vezes viol\u00eancia contra mulher. E como foi dito aqui, ela est\u00e1 nas ruas, no trabalho, escolas, mas principalmente dentro de casa. Justamente onde deveriam se sentir at\u00e9 mais protegidas\u201d, disse Temer.<\/p>\n<p><strong>Por Tain\u00e1 Ferreira e Cintia Moreira<\/strong><\/p>\n","protected":false},"excerpt":{"rendered":"<p>A viol\u00eancia contra a mulher continua sendo um problema que preocupa as autoridades brasileiras. De acordo com dados do Minist\u00e9rio dos Direitos Humanos, s\u00f3 nos primeiros seis meses deste ano, mais de 38 mil den\u00fancias de viol\u00eancia contra mulheres foram registradas no disque 180. A viol\u00eancia pode se manifestar de v\u00e1rias formas. Ela pode ser [&hellip;]<\/p>\n","protected":false},"author":2,"featured_media":1964,"comment_status":"open","ping_status":"open","sticky":false,"template":"","format":"standard","meta":[],"categories":[2,6],"tags":[],"_links":{"self":[{"href":"https:\/\/dgospel.com.br\/portal\/index.php\/wp-json\/wp\/v2\/posts\/1963"}],"collection":[{"href":"https:\/\/dgospel.com.br\/portal\/index.php\/wp-json\/wp\/v2\/posts"}],"about":[{"href":"https:\/\/dgospel.com.br\/portal\/index.php\/wp-json\/wp\/v2\/types\/post"}],"author":[{"embeddable":true,"href":"https:\/\/dgospel.com.br\/portal\/index.php\/wp-json\/wp\/v2\/users\/2"}],"replies":[{"embeddable":true,"href":"https:\/\/dgospel.com.br\/portal\/index.php\/wp-json\/wp\/v2\/comments?post=1963"}],"version-history":[{"count":1,"href":"https:\/\/dgospel.com.br\/portal\/index.php\/wp-json\/wp\/v2\/posts\/1963\/revisions"}],"predecessor-version":[{"id":1965,"href":"https:\/\/dgospel.com.br\/portal\/index.php\/wp-json\/wp\/v2\/posts\/1963\/revisions\/1965"}],"wp:featuredmedia":[{"embeddable":true,"href":"https:\/\/dgospel.com.br\/portal\/index.php\/wp-json\/wp\/v2\/media\/1964"}],"wp:attachment":[{"href":"https:\/\/dgospel.com.br\/portal\/index.php\/wp-json\/wp\/v2\/media?parent=1963"}],"wp:term":[{"taxonomy":"category","embeddable":true,"href":"https:\/\/dgospel.com.br\/portal\/index.php\/wp-json\/wp\/v2\/categories?post=1963"},{"taxonomy":"post_tag","embeddable":true,"href":"https:\/\/dgospel.com.br\/portal\/index.php\/wp-json\/wp\/v2\/tags?post=1963"}],"curies":[{"name":"wp","href":"https:\/\/api.w.org\/{rel}","templated":true}]}}