{"id":19633,"date":"2024-05-21T08:34:37","date_gmt":"2024-05-21T11:34:37","guid":{"rendered":"https:\/\/dgospel.com.br\/portal\/?p=19633"},"modified":"2024-05-21T08:34:39","modified_gmt":"2024-05-21T11:34:39","slug":"descontrole-79-dos-brasileiros-consideram-que-os-precos-dos-alimentos-aumentou-aponta-pesquisa-ipec","status":"publish","type":"post","link":"https:\/\/dgospel.com.br\/portal\/index.php\/2024\/05\/21\/descontrole-79-dos-brasileiros-consideram-que-os-precos-dos-alimentos-aumentou-aponta-pesquisa-ipec\/","title":{"rendered":"Descontrole: 79% dos brasileiros consideram que os pre\u00e7os dos alimentos aumentou, aponta pesquisa IPEC"},"content":{"rendered":"\n<p>Uma pesquisa do Ipec aponta que 79% dos brasileiros acreditam que o pre\u00e7o dos alimentos aumentou nos \u00faltimos meses. Em contraste, 9% percebem uma queda nos pre\u00e7os, enquanto 11% acham que os valores permaneceram os mesmos. Apenas 1% dos entrevistados n\u00e3o souberam ou n\u00e3o responderam.<\/p>\n\n\n\n<p>O levantamento, realizado entre os dias 4 e 8 de abril, ouviu 2.000 pessoas em 129 cidades, com uma margem de erro de dois pontos percentuais e um n\u00edvel de confian\u00e7a de 95%. Os pesquisadores tamb\u00e9m perguntaram sobre as expectativas para os pr\u00f3ximos meses. Para 64% dos entrevistados, o pre\u00e7o dos alimentos continuar\u00e1 a subir. Outros 15% acreditam em uma diminui\u00e7\u00e3o, e 18% acham que os pre\u00e7os permanecer\u00e3o iguais. N\u00e3o souberam ou n\u00e3o responderam, 3%.<\/p>\n\n\n\n<p>Em rela\u00e7\u00e3o ao custo para abastecer ve\u00edculos, 61% dos brasileiros disseram que encher o tanque ficou mais caro recentemente. Para 21%, o custo est\u00e1 igual, enquanto 11% acham que os combust\u00edveis est\u00e3o mais baratos. N\u00e3o responderam ou n\u00e3o sabem, 7%.<\/p>\n\n\n\n<p>Quando questionados sobre o futuro dos pre\u00e7os dos combust\u00edveis, 63% acreditam que v\u00e3o aumentar nos pr\u00f3ximos meses, 10% esperam uma redu\u00e7\u00e3o, e 22% acham que os pre\u00e7os permanecer\u00e3o os mesmos. N\u00e3o souberam ou n\u00e3o responderam, 5%.<\/p>\n\n\n\n<p>A pesquisa tamb\u00e9m abordou as contas de consumo, como \u00e1gua, luz e g\u00e1s. Praticamente tr\u00eas em cada quatro entrevistados (76%) responderam que essas contas subiram nos \u00faltimos meses. Apenas 5% acreditam que os valores est\u00e3o mais baixos, enquanto 18% acham que as contas mantiveram o mesmo valor. N\u00e3o souberam ou n\u00e3o responderam, 1%.<\/p>\n\n\n\n<p>Para os pr\u00f3ximos meses, 64% dos entrevistados acreditam que as contas de \u00e1gua, luz e g\u00e1s v\u00e3o aumentar, 11% esperam uma queda nos pre\u00e7os, e 21% acham que permanecer\u00e3o iguais. N\u00e3o souberam ou n\u00e3o responderam, 4%.<\/p>\n\n\n\n<p>Esses dados revelam a preocupa\u00e7\u00e3o generalizada dos brasileiros com a alta dos pre\u00e7os, afetando diretamente a percep\u00e7\u00e3o sobre o custo de vida no pa\u00eds.<\/p>\n","protected":false},"excerpt":{"rendered":"<p>Uma pesquisa do Ipec aponta que 79% dos brasileiros acreditam que o pre\u00e7o dos alimentos aumentou nos \u00faltimos meses. Em contraste, 9% percebem uma queda nos pre\u00e7os, enquanto 11% acham que os valores permaneceram os mesmos. Apenas 1% dos entrevistados n\u00e3o souberam ou n\u00e3o responderam. O levantamento, realizado entre os dias 4 e 8 de [&hellip;]<\/p>\n","protected":false},"author":2,"featured_media":19634,"comment_status":"open","ping_status":"open","sticky":false,"template":"","format":"standard","meta":[],"categories":[12,10],"tags":[],"_links":{"self":[{"href":"https:\/\/dgospel.com.br\/portal\/index.php\/wp-json\/wp\/v2\/posts\/19633"}],"collection":[{"href":"https:\/\/dgospel.com.br\/portal\/index.php\/wp-json\/wp\/v2\/posts"}],"about":[{"href":"https:\/\/dgospel.com.br\/portal\/index.php\/wp-json\/wp\/v2\/types\/post"}],"author":[{"embeddable":true,"href":"https:\/\/dgospel.com.br\/portal\/index.php\/wp-json\/wp\/v2\/users\/2"}],"replies":[{"embeddable":true,"href":"https:\/\/dgospel.com.br\/portal\/index.php\/wp-json\/wp\/v2\/comments?post=19633"}],"version-history":[{"count":1,"href":"https:\/\/dgospel.com.br\/portal\/index.php\/wp-json\/wp\/v2\/posts\/19633\/revisions"}],"predecessor-version":[{"id":19635,"href":"https:\/\/dgospel.com.br\/portal\/index.php\/wp-json\/wp\/v2\/posts\/19633\/revisions\/19635"}],"wp:featuredmedia":[{"embeddable":true,"href":"https:\/\/dgospel.com.br\/portal\/index.php\/wp-json\/wp\/v2\/media\/19634"}],"wp:attachment":[{"href":"https:\/\/dgospel.com.br\/portal\/index.php\/wp-json\/wp\/v2\/media?parent=19633"}],"wp:term":[{"taxonomy":"category","embeddable":true,"href":"https:\/\/dgospel.com.br\/portal\/index.php\/wp-json\/wp\/v2\/categories?post=19633"},{"taxonomy":"post_tag","embeddable":true,"href":"https:\/\/dgospel.com.br\/portal\/index.php\/wp-json\/wp\/v2\/tags?post=19633"}],"curies":[{"name":"wp","href":"https:\/\/api.w.org\/{rel}","templated":true}]}}