{"id":19636,"date":"2024-05-22T11:41:17","date_gmt":"2024-05-22T14:41:17","guid":{"rendered":"https:\/\/dgospel.com.br\/portal\/?p=19636"},"modified":"2024-05-22T11:41:18","modified_gmt":"2024-05-22T14:41:18","slug":"stf-derruba-inelegibilidade-de-jose-dirceu-com-3-votos-a-2","status":"publish","type":"post","link":"https:\/\/dgospel.com.br\/portal\/index.php\/2024\/05\/22\/stf-derruba-inelegibilidade-de-jose-dirceu-com-3-votos-a-2\/","title":{"rendered":"STF derruba inelegibilidade de Jos\u00e9 Dirceu com 3 votos a 2"},"content":{"rendered":"\n<p>A Segunda Turma do Supremo Tribunal Federal (STF) decidiu, por 3 votos a 2, derrubar a pena do ex-ministro Jos\u00e9 Dirceu, que havia sido condenado por corrup\u00e7\u00e3o passiva e lavagem de dinheiro. A condena\u00e7\u00e3o, de oito anos, dez meses e 28 dias de pris\u00e3o, foi imposta pela 13\u00aa Vara Federal de Curitiba no \u00e2mbito da opera\u00e7\u00e3o Lava Jato.<\/p>\n\n\n\n<p>Para os ministros Nunes Marques, Gilmar Mendes e Ricardo Lewandowski \u2013 que votou antes de se aposentar na Corte \u2013 a pena prescreveu e, por isso, deve ser extinguida. O relator Edson Fachin e a ministra C\u00e1rmen L\u00facia, no entanto, votaram a favor de manter a puni\u00e7\u00e3o. O ministro Dias Toffoli n\u00e3o participou da vota\u00e7\u00e3o.<\/p>\n\n\n\n<p>Os crimes teriam ocorrido entre 2009 e 2012, relacionados a um contrato superfaturado entre a Petrobras e a empresa Apolo Tubulars. A defesa de Dirceu argumentou que o crime j\u00e1 estava prescrito quando a senten\u00e7a foi publicada em 2017, dado que Dirceu j\u00e1 tinha 70 anos \u00e0 \u00e9poca, o que reduz o prazo de prescri\u00e7\u00e3o pela metade.<\/p>\n\n\n\n<p>Com a decis\u00e3o do Supremo, Dirceu tornou-se eleg\u00edvel novamente. Em entrevista ao jornal Folha de S.Paulo, ele admitiu considerar a possibilidade de concorrer a um cargo na C\u00e2mara dos Deputados.<\/p>\n\n\n\n<p>\u201cFui cassado por raz\u00f5es pol\u00edticas e sem provas. Sofri processos kafkianos. Seria justo voltar \u00e0 C\u00e2mara. Mas s\u00f3 vou tomar essa decis\u00e3o no pr\u00f3ximo ano. Neste momento, h\u00e1 outras prioridades pol\u00edticas a serem enfrentadas\u201d, disse ele, mencionando seu foco atual em ajudar a eleger candidatos petistas nas elei\u00e7\u00f5es deste ano.<\/p>\n","protected":false},"excerpt":{"rendered":"<p>A Segunda Turma do Supremo Tribunal Federal (STF) decidiu, por 3 votos a 2, derrubar a pena do ex-ministro Jos\u00e9 Dirceu, que havia sido condenado por corrup\u00e7\u00e3o passiva e lavagem de dinheiro. A condena\u00e7\u00e3o, de oito anos, dez meses e 28 dias de pris\u00e3o, foi imposta pela 13\u00aa Vara Federal de Curitiba no \u00e2mbito da [&hellip;]<\/p>\n","protected":false},"author":2,"featured_media":19637,"comment_status":"open","ping_status":"open","sticky":false,"template":"","format":"standard","meta":[],"categories":[4],"tags":[13],"_links":{"self":[{"href":"https:\/\/dgospel.com.br\/portal\/index.php\/wp-json\/wp\/v2\/posts\/19636"}],"collection":[{"href":"https:\/\/dgospel.com.br\/portal\/index.php\/wp-json\/wp\/v2\/posts"}],"about":[{"href":"https:\/\/dgospel.com.br\/portal\/index.php\/wp-json\/wp\/v2\/types\/post"}],"author":[{"embeddable":true,"href":"https:\/\/dgospel.com.br\/portal\/index.php\/wp-json\/wp\/v2\/users\/2"}],"replies":[{"embeddable":true,"href":"https:\/\/dgospel.com.br\/portal\/index.php\/wp-json\/wp\/v2\/comments?post=19636"}],"version-history":[{"count":1,"href":"https:\/\/dgospel.com.br\/portal\/index.php\/wp-json\/wp\/v2\/posts\/19636\/revisions"}],"predecessor-version":[{"id":19638,"href":"https:\/\/dgospel.com.br\/portal\/index.php\/wp-json\/wp\/v2\/posts\/19636\/revisions\/19638"}],"wp:featuredmedia":[{"embeddable":true,"href":"https:\/\/dgospel.com.br\/portal\/index.php\/wp-json\/wp\/v2\/media\/19637"}],"wp:attachment":[{"href":"https:\/\/dgospel.com.br\/portal\/index.php\/wp-json\/wp\/v2\/media?parent=19636"}],"wp:term":[{"taxonomy":"category","embeddable":true,"href":"https:\/\/dgospel.com.br\/portal\/index.php\/wp-json\/wp\/v2\/categories?post=19636"},{"taxonomy":"post_tag","embeddable":true,"href":"https:\/\/dgospel.com.br\/portal\/index.php\/wp-json\/wp\/v2\/tags?post=19636"}],"curies":[{"name":"wp","href":"https:\/\/api.w.org\/{rel}","templated":true}]}}