{"id":19639,"date":"2024-05-22T11:42:37","date_gmt":"2024-05-22T14:42:37","guid":{"rendered":"https:\/\/dgospel.com.br\/portal\/?p=19639"},"modified":"2024-05-22T11:42:38","modified_gmt":"2024-05-22T14:42:38","slug":"toffoli-anula-todos-os-atos-da-lava-jato-contra-marcelo-odebrecht","status":"publish","type":"post","link":"https:\/\/dgospel.com.br\/portal\/index.php\/2024\/05\/22\/toffoli-anula-todos-os-atos-da-lava-jato-contra-marcelo-odebrecht\/","title":{"rendered":"Toffoli anula todos os atos da Lava Jato contra Marcelo Odebrecht"},"content":{"rendered":"\n<p>O ministro Dias Toffoli, do Supremo Tribunal Federal (STF), anulou nesta ter\u00e7a-feira, 21, todos os atos praticados pela 13\u00aa Vara Federal de Curitiba contra o empres\u00e1rio Marcelo Odebrecht no \u00e2mbito da Opera\u00e7\u00e3o Lava Jato.<\/p>\n\n\n\n<p>\u201cEm face do exposto, defiro o pedido constante desta peti\u00e7\u00e3o e declaro a nulidade absoluta de todos os atos praticados em desfavor do requerente no \u00e2mbito dos procedimentos vinculados \u00e0 Opera\u00e7\u00e3o Lava Jato, pelos integrantes da referida opera\u00e7\u00e3o e pelo ex-juiz S\u00e9rgio Moro no desempenho de suas atividades perante o Ju\u00edzo da 13\u00aa Vara Federal de Curitiba, ainda que na fase pr\u00e9-processual, determinando, em consequ\u00eancia, o trancamento das persecu\u00e7\u00f5es penais instauradas em desfavor do requerente no que atine \u00e0 mencionada opera\u00e7\u00e3o\u201d, determinou Toffoli.<\/p>\n\n\n\n<p>Al\u00e9m disso, Toffoli determinou o trancamento dos procedimentos penais instaurados contra Odebrecht. Contudo, o ministro ressaltou que seu entendimento n\u00e3o abrange o acordo de dela\u00e7\u00e3o premiada firmado por Odebrecht durante a opera\u00e7\u00e3o. \u201cDiante do conte\u00fado dos frequentes di\u00e1logos entre magistrado e procurador especificamente sobre o requerente, bem como sobre as empresas que ele presidia, fica clara a mistura da fun\u00e7\u00e3o de acusa\u00e7\u00e3o com a de julgar, corroendo-se as bases do processo penal democr\u00e1tico\u201d, observou Toffoli.<\/p>\n\n\n\n<p>Marcelo Odebrecht foi condenado a 19 anos e quatro meses de pris\u00e3o pelo ent\u00e3o juiz federal Sergio Moro em 2016. Posteriormente, ele firmou um acordo de dela\u00e7\u00e3o que reduziu a pena para dez anos. Em 2022, o STF reduziu o per\u00edodo para sete anos, que j\u00e1 foram cumpridos.<\/p>\n\n\n\n<p>Na dela\u00e7\u00e3o firmada em 2017, Odebrecht respondeu a uma pergunta de agentes da Pol\u00edcia Federal sobre o codinome \u201camigo do amigo do meu pai\u201d. Segundo Odebrecht, o codinome referia-se a Toffoli. Em um e-mail datado de 2007, o empres\u00e1rio perguntou a executivos da companhia: \u201cAfinal, voc\u00eas fecharam com o amigo do amigo do meu pai?\u201d. Naquele ano, Toffoli era advogado-geral da Uni\u00e3o.<\/p>\n","protected":false},"excerpt":{"rendered":"<p>O ministro Dias Toffoli, do Supremo Tribunal Federal (STF), anulou nesta ter\u00e7a-feira, 21, todos os atos praticados pela 13\u00aa Vara Federal de Curitiba contra o empres\u00e1rio Marcelo Odebrecht no \u00e2mbito da Opera\u00e7\u00e3o Lava Jato. \u201cEm face do exposto, defiro o pedido constante desta peti\u00e7\u00e3o e declaro a nulidade absoluta de todos os atos praticados em [&hellip;]<\/p>\n","protected":false},"author":2,"featured_media":19640,"comment_status":"open","ping_status":"open","sticky":false,"template":"","format":"standard","meta":[],"categories":[12,10],"tags":[13],"_links":{"self":[{"href":"https:\/\/dgospel.com.br\/portal\/index.php\/wp-json\/wp\/v2\/posts\/19639"}],"collection":[{"href":"https:\/\/dgospel.com.br\/portal\/index.php\/wp-json\/wp\/v2\/posts"}],"about":[{"href":"https:\/\/dgospel.com.br\/portal\/index.php\/wp-json\/wp\/v2\/types\/post"}],"author":[{"embeddable":true,"href":"https:\/\/dgospel.com.br\/portal\/index.php\/wp-json\/wp\/v2\/users\/2"}],"replies":[{"embeddable":true,"href":"https:\/\/dgospel.com.br\/portal\/index.php\/wp-json\/wp\/v2\/comments?post=19639"}],"version-history":[{"count":1,"href":"https:\/\/dgospel.com.br\/portal\/index.php\/wp-json\/wp\/v2\/posts\/19639\/revisions"}],"predecessor-version":[{"id":19641,"href":"https:\/\/dgospel.com.br\/portal\/index.php\/wp-json\/wp\/v2\/posts\/19639\/revisions\/19641"}],"wp:featuredmedia":[{"embeddable":true,"href":"https:\/\/dgospel.com.br\/portal\/index.php\/wp-json\/wp\/v2\/media\/19640"}],"wp:attachment":[{"href":"https:\/\/dgospel.com.br\/portal\/index.php\/wp-json\/wp\/v2\/media?parent=19639"}],"wp:term":[{"taxonomy":"category","embeddable":true,"href":"https:\/\/dgospel.com.br\/portal\/index.php\/wp-json\/wp\/v2\/categories?post=19639"},{"taxonomy":"post_tag","embeddable":true,"href":"https:\/\/dgospel.com.br\/portal\/index.php\/wp-json\/wp\/v2\/tags?post=19639"}],"curies":[{"name":"wp","href":"https:\/\/api.w.org\/{rel}","templated":true}]}}