{"id":19651,"date":"2024-05-22T11:57:00","date_gmt":"2024-05-22T14:57:00","guid":{"rendered":"https:\/\/dgospel.com.br\/portal\/?p=19651"},"modified":"2024-05-22T11:57:02","modified_gmt":"2024-05-22T14:57:02","slug":"mais-de-1-000-igrejas-dos-eua-se-reunem-para-orar-por-israel-a-batalha-e-espiritual","status":"publish","type":"post","link":"https:\/\/dgospel.com.br\/portal\/index.php\/2024\/05\/22\/mais-de-1-000-igrejas-dos-eua-se-reunem-para-orar-por-israel-a-batalha-e-espiritual\/","title":{"rendered":"Mais de 1.000 igrejas dos EUA se re\u00fanem para orar por Israel: \u2018A batalha \u00e9 espiritual\u2019"},"content":{"rendered":"\n<p>No \u00faltimo domingo (19), mais de 1.000 igrejas nos&nbsp;<strong><a href=\"https:\/\/guiame.com.br\/gospel\/noticias\/antissemitismo-camara-dos-eua-aprova-lei-que-define-discriminacao-contra-judeus.html\">Estados Unidos<\/a><\/strong>&nbsp;se reuniram para orar por&nbsp;<strong><a href=\"https:\/\/guiame.com.br\/gospel\/israel\/israel-celebra-76-anos-de-independencia-em-meio-guerra-contra-o-hamas.html\">Israel<\/a><\/strong>.<\/p>\n\n\n\n<p>Diversas congrega\u00e7\u00f5es por todo o pa\u00eds ouviram ministra\u00e7\u00f5es sobre a import\u00e2ncia dos crist\u00e3os intercederem pelo povo judeu e pelo Estado israelense.<\/p>\n\n\n\n<p>Na Jefferson Baptist Church, o presidente do Conselho de Pesquisa da Fam\u00edlia (FRC), Tony Perkins, lembrou que sempre que as pessoas \u201cdefendem a verdade, h\u00e1 uma batalha que se desenrola\u201d. Ele enfatizou: \u201cEstamos em uma batalha espiritual\u201d.<\/p>\n\n\n\n<p>Enquanto Israel luta por sua sobreviv\u00eancia contra o grupo terrorista Hamas desde o ataque de 7 de outubro, o pa\u00eds ainda enfrenta o aumento do antissemitismo pelo mundo.<\/p>\n\n\n\n<p>Nos EUA, protestos pr\u00f3-palestina nos campi de&nbsp;<strong><a href=\"https:\/\/guiame.com.br\/gospel\/mundo-cristao\/em-meio-onda-antissemita-em-universidades-dos-eua-estudantes-cristaos-adoram-jesus.html\">universidades<\/a><\/strong>&nbsp;renomadas revelaram o \u00f3dio ao povo judeu. Israel tamb\u00e9m perdeu o apoio da ONU, que est\u00e1 cada vez mais alinhada com os palestinos.<\/p>\n\n\n\n<p>Entretanto, enquanto o mundo vira as costas para os israelenses, l\u00edderes crist\u00e3os exortaram os crist\u00e3os a apoi\u00e1-los em ora\u00e7\u00e3o.<\/p>\n\n\n\n<p>\u201cDeus revelou os seus planos e o que Ele far\u00e1 por Israel. O que os crentes far\u00e3o?\u201d, refletiu Tony Perkins.<\/p>\n\n\n\n<p><strong>Por que orar por Israel?<\/strong><\/p>\n\n\n\n<p>Gary Hamrick, pastor s\u00eanior da igreja Cornerstone Chapel, ressaltou: \u201cSe alguma vez houve um momento em que precis\u00e1vamos orar, \u00e9 agora\u201d.<\/p>\n\n\n\n<p>E acrescentou: \u201cNunca vi tanto antissemitismo no nosso mundo como estamos vendo. Isso \u00e9 puramente maligno. \u00c9 simplesmente demon\u00edaco alinhar-se com uma organiza\u00e7\u00e3o terrorista que se deleita em matar, massacrar e decapitar beb\u00eas e violar mulheres. Estes s\u00e3o os dias em que vivemos e isso exige ora\u00e7\u00e3o\u201d.<\/p>\n\n\n\n<p>David Closson, diretor do Centro de Cosmovis\u00e3o B\u00edblica da FRC, afirmou que orar por Israel \u00e9 uma ordem do pr\u00f3prio Deus.<\/p>\n\n\n\n<p>\u201cA Palavra de Deus nos ordena a orar. Sabemos que h\u00e1 uma guerra massiva em curso pela pr\u00f3pria sobreviv\u00eancia do Estado de Israel. \u00c9 isso que o Hamas representa para Israel. Sabemos que Israel \u00e9 a \u00fanica democracia leg\u00edtima no M\u00e9dio Oriente\u201d, disse David.<\/p>\n\n\n\n<p>\u201cOramos porque nos preocupamos com as pessoas que est\u00e3o em perigo. Oramos para que os l\u00edderes tomem decis\u00f5es s\u00e1bias, tanto l\u00edderes pol\u00edticos como militares. E eu acho que, como crist\u00e3os, existe uma conex\u00e3o especial com a terra de Israel, com o povo judeu\u201d, completou.<\/p>\n\n\n\n<p>Em carta, o primeiro-ministro de Israel, Benjamin Netanyahu, agradeceu as ora\u00e7\u00f5es dos crist\u00e3os americanos.<\/p>\n\n\n\n<p>\u201cQueridos amigos de Si\u00e3o, agrade\u00e7o a todos por prometerem o seu apoio inabal\u00e1vel ao Estado de Israel e ao povo judeu neste momento cr\u00edtico. Estou particularmente grato aos nossos muitos amigos crist\u00e3os que oram por Israel e est\u00e3o conosco contra a onda de antissemitismo nas capitais e nos campi dos EUA\u201d, declarou.<\/p>\n","protected":false},"excerpt":{"rendered":"<p>No \u00faltimo domingo (19), mais de 1.000 igrejas nos&nbsp;Estados Unidos&nbsp;se reuniram para orar por&nbsp;Israel. Diversas congrega\u00e7\u00f5es por todo o pa\u00eds ouviram ministra\u00e7\u00f5es sobre a import\u00e2ncia dos crist\u00e3os intercederem pelo povo judeu e pelo Estado israelense. Na Jefferson Baptist Church, o presidente do Conselho de Pesquisa da Fam\u00edlia (FRC), Tony Perkins, lembrou que sempre que as [&hellip;]<\/p>\n","protected":false},"author":2,"featured_media":19652,"comment_status":"open","ping_status":"open","sticky":false,"template":"","format":"standard","meta":[],"categories":[12,5],"tags":[],"_links":{"self":[{"href":"https:\/\/dgospel.com.br\/portal\/index.php\/wp-json\/wp\/v2\/posts\/19651"}],"collection":[{"href":"https:\/\/dgospel.com.br\/portal\/index.php\/wp-json\/wp\/v2\/posts"}],"about":[{"href":"https:\/\/dgospel.com.br\/portal\/index.php\/wp-json\/wp\/v2\/types\/post"}],"author":[{"embeddable":true,"href":"https:\/\/dgospel.com.br\/portal\/index.php\/wp-json\/wp\/v2\/users\/2"}],"replies":[{"embeddable":true,"href":"https:\/\/dgospel.com.br\/portal\/index.php\/wp-json\/wp\/v2\/comments?post=19651"}],"version-history":[{"count":1,"href":"https:\/\/dgospel.com.br\/portal\/index.php\/wp-json\/wp\/v2\/posts\/19651\/revisions"}],"predecessor-version":[{"id":19653,"href":"https:\/\/dgospel.com.br\/portal\/index.php\/wp-json\/wp\/v2\/posts\/19651\/revisions\/19653"}],"wp:featuredmedia":[{"embeddable":true,"href":"https:\/\/dgospel.com.br\/portal\/index.php\/wp-json\/wp\/v2\/media\/19652"}],"wp:attachment":[{"href":"https:\/\/dgospel.com.br\/portal\/index.php\/wp-json\/wp\/v2\/media?parent=19651"}],"wp:term":[{"taxonomy":"category","embeddable":true,"href":"https:\/\/dgospel.com.br\/portal\/index.php\/wp-json\/wp\/v2\/categories?post=19651"},{"taxonomy":"post_tag","embeddable":true,"href":"https:\/\/dgospel.com.br\/portal\/index.php\/wp-json\/wp\/v2\/tags?post=19651"}],"curies":[{"name":"wp","href":"https:\/\/api.w.org\/{rel}","templated":true}]}}