{"id":19654,"date":"2024-05-22T11:59:40","date_gmt":"2024-05-22T14:59:40","guid":{"rendered":"https:\/\/dgospel.com.br\/portal\/?p=19654"},"modified":"2024-05-22T11:59:41","modified_gmt":"2024-05-22T14:59:41","slug":"aprovacao-de-lula-sofre-queda-entre-deputados-indica-pesquisa","status":"publish","type":"post","link":"https:\/\/dgospel.com.br\/portal\/index.php\/2024\/05\/22\/aprovacao-de-lula-sofre-queda-entre-deputados-indica-pesquisa\/","title":{"rendered":"Aprova\u00e7\u00e3o de Lula sofre queda entre deputados, indica pesquisa"},"content":{"rendered":"\n<p>Deputados federais creem que o governo do presidente&nbsp;<a href=\"http:\/\/pleno.news\/tag\/lula\" target=\"_blank\" rel=\"noreferrer noopener\">Luiz In\u00e1cio Lula da Silva<\/a>&nbsp;(PT) est\u00e1 indo na dire\u00e7\u00e3o errada. \u00c9 o que aponta a nova pesquisa do instituto Genial\/Quaest divulgada nesta quarta-feira (22). Segundo o estudo, 52% dos parlamentares acreditam que o Brasil n\u00e3o est\u00e1 em bons rumos, enquanto 38% acham que sim. Outros 10% n\u00e3o sabem ou n\u00e3o responderam.<\/p>\n\n\n\n<p>O estudo foi feito a partir de entrevistas presenciais com 183 deputados federais entre os dias 29 de abril e 20 de maio. Os parlamentares foram selecionados com base na divis\u00e3o da C\u00e2mara dos Deputados em regi\u00f5es do pa\u00eds e em grupos ideol\u00f3gicos dos partidos. A margem de erro \u00e9 de 4,8 pontos percentuais para mais ou para menos.<\/p>\n\n\n\n<p>A pesquisa divulgada pela Quaest \u00e9 a segunda feita com os deputados durante o terceiro mandato de Lula. Em agosto do ano passado, 42% acreditavam que o Brasil estava indo na dire\u00e7\u00e3o errada, o que evidencia um crescimento da avalia\u00e7\u00e3o negativa em 10 pontos porcentuais. Na \u00e9poca, 52% elogiavam os rumos tomados pelo governo, o que mostra um recuo de 14 pontos porcentuais.<\/p>\n\n\n\n<p>Na avalia\u00e7\u00e3o geral do governo Lula, 42% dos deputados acham que o presidente est\u00e1 fazendo um mandato ruim e 32% julgam positivamente o trabalho feito pelo governo. Outros 26% acreditam que a gest\u00e3o do petista \u00e9 regular e 1% n\u00e3o sabe ou n\u00e3o respondeu.<\/p>\n\n\n\n<p>Na pesquisa feita em agosto do ano passado, a avalia\u00e7\u00e3o positiva era de 35%, o que mostra uma oscila\u00e7\u00e3o negativa dentro da margem de erro. A rejei\u00e7\u00e3o, por sua vez, era de 33%, nove pontos porcentuais a menos do que o estimado no estudo divulgado nesta quarta-feira.<\/p>\n\n\n\n<p>Os deputados est\u00e3o divididos sobre a capacidade de Lula aprovar a sua agenda de governo. Segundo a Quaest, 47% dos parlamentares acreditam que o Executivo conseguir\u00e1 aprovar suas pautas no Congresso, enquanto os mesmos 47% observam que isso n\u00e3o ser\u00e1 poss\u00edvel. Outros 6% n\u00e3o sabem ou n\u00e3o responderam.<\/p>\n\n\n\n<p><strong>ATEN\u00c7\u00c3O DADA AOS PARLAMENTARES<br><\/strong>Boa parte dos deputados tamb\u00e9m avalia negativamente o tratamento dado pelo governo Lula ao Congresso. Para 43%, a rela\u00e7\u00e3o entre o Executivo e o Legislativo \u00e9 ruim, enquanto que 22% acham que ela \u00e9 boa. Outros 33% consideram a articula\u00e7\u00e3o regular.<\/p>\n\n\n\n<p>Para 64%, o Executivo d\u00e1 menos aten\u00e7\u00e3o do que deveria aos parlamentares, enquanto que apenas 4% acham que a gest\u00e3o petista d\u00e1 mais aten\u00e7\u00e3o do que o necess\u00e1rio. Outros 27% acham que ele faz o tratamento devido ao Legislativo.<\/p>\n\n\n\n<p>A grande maioria dos deputados (77%) afirmou que j\u00e1 foi recebida por algum ministro do governo petista, enquanto que 19% nunca se reuniram com os chefes das pastas. Por\u00e9m, \u00e9 menor a recep\u00e7\u00e3o de deputados que integram partidos que est\u00e3o na oposi\u00e7\u00e3o ao governo. A metade (50%) respondeu que j\u00e1 se reuniu com ministros, enquanto 41% declararam que n\u00e3o.<\/p>\n\n\n\n<p>Chamado de \u201cincompetente\u201d e de \u201cdesafeto pessoal\u201d pelo presidente da C\u00e2mara, Arthur Lira (PP-AL), o ministro das Rela\u00e7\u00f5es Institucionais, Alexandre Padilha, foi o membro do governo Lula mais lembrado como o interlocutor mais efetivo do Executivo, com 12% das respostas espont\u00e2neas dos parlamentares.<\/p>\n\n\n\n<p>O segundo interlocutor mais citado foi o ministro das Cidades, Jader Filho, com 4%. Escalado por Lula para dialogar com os parlamentares sobre pautas econ\u00f4micas do governo, o ministro da Fazenda, Fernando Haddad, foi lembrado por apenas 1% dos deputados.<\/p>\n\n\n\n<p>*AE<\/p>\n","protected":false},"excerpt":{"rendered":"<p>Deputados federais creem que o governo do presidente&nbsp;Luiz In\u00e1cio Lula da Silva&nbsp;(PT) est\u00e1 indo na dire\u00e7\u00e3o errada. \u00c9 o que aponta a nova pesquisa do instituto Genial\/Quaest divulgada nesta quarta-feira (22). Segundo o estudo, 52% dos parlamentares acreditam que o Brasil n\u00e3o est\u00e1 em bons rumos, enquanto 38% acham que sim. Outros 10% n\u00e3o sabem [&hellip;]<\/p>\n","protected":false},"author":2,"featured_media":19655,"comment_status":"open","ping_status":"open","sticky":false,"template":"","format":"standard","meta":[],"categories":[8],"tags":[],"_links":{"self":[{"href":"https:\/\/dgospel.com.br\/portal\/index.php\/wp-json\/wp\/v2\/posts\/19654"}],"collection":[{"href":"https:\/\/dgospel.com.br\/portal\/index.php\/wp-json\/wp\/v2\/posts"}],"about":[{"href":"https:\/\/dgospel.com.br\/portal\/index.php\/wp-json\/wp\/v2\/types\/post"}],"author":[{"embeddable":true,"href":"https:\/\/dgospel.com.br\/portal\/index.php\/wp-json\/wp\/v2\/users\/2"}],"replies":[{"embeddable":true,"href":"https:\/\/dgospel.com.br\/portal\/index.php\/wp-json\/wp\/v2\/comments?post=19654"}],"version-history":[{"count":1,"href":"https:\/\/dgospel.com.br\/portal\/index.php\/wp-json\/wp\/v2\/posts\/19654\/revisions"}],"predecessor-version":[{"id":19656,"href":"https:\/\/dgospel.com.br\/portal\/index.php\/wp-json\/wp\/v2\/posts\/19654\/revisions\/19656"}],"wp:featuredmedia":[{"embeddable":true,"href":"https:\/\/dgospel.com.br\/portal\/index.php\/wp-json\/wp\/v2\/media\/19655"}],"wp:attachment":[{"href":"https:\/\/dgospel.com.br\/portal\/index.php\/wp-json\/wp\/v2\/media?parent=19654"}],"wp:term":[{"taxonomy":"category","embeddable":true,"href":"https:\/\/dgospel.com.br\/portal\/index.php\/wp-json\/wp\/v2\/categories?post=19654"},{"taxonomy":"post_tag","embeddable":true,"href":"https:\/\/dgospel.com.br\/portal\/index.php\/wp-json\/wp\/v2\/tags?post=19654"}],"curies":[{"name":"wp","href":"https:\/\/api.w.org\/{rel}","templated":true}]}}