{"id":19657,"date":"2024-05-22T12:01:15","date_gmt":"2024-05-22T15:01:15","guid":{"rendered":"https:\/\/dgospel.com.br\/portal\/?p=19657"},"modified":"2024-05-22T12:01:17","modified_gmt":"2024-05-22T15:01:17","slug":"noruega-irlanda-e-espanha-anunciam-que-irao-reconhecer-o-estado-palestino","status":"publish","type":"post","link":"https:\/\/dgospel.com.br\/portal\/index.php\/2024\/05\/22\/noruega-irlanda-e-espanha-anunciam-que-irao-reconhecer-o-estado-palestino\/","title":{"rendered":"Noruega, Irlanda e Espanha anunciam que ir\u00e3o reconhecer o Estado palestino"},"content":{"rendered":"\n<p>L\u00edderes da&nbsp;<strong><a href=\"https:\/\/guiame.com.br\/gospel\/israel\/cristaos-na-noruega-defendem-israel-em-comicio-historico-contra-o-antissemitismo.html\">Noruega<\/a><\/strong>, Irlanda e Espanha anunciaram nesta quarta-feira (22) que seus pa\u00edses reconhecer\u00e3o um Estado palestino dentro de poucos dias, provocando uma disputa diplom\u00e1tica com Israel.<\/p>\n\n\n\n<p>O primeiro-ministro da Noruega, Jonas Gahr Store, e o primeiro-ministro da Espanha, Pedro Sanchez, anunciaram que seus pa\u00edses oficializar\u00e3o o reconhecimento do Estado palestino em 28 de maio, em um movimento conjunto com a Irlanda.<\/p>\n\n\n\n<p>O l\u00edder irland\u00eas, Simon Harris, declarou esperar que outros pa\u00edses se unam a essa onda de apoio ao Estado palestino nas pr\u00f3ximas semanas.<\/p>\n\n\n\n<p>Nas \u00faltimas semanas, v\u00e1rios pa\u00edses da&nbsp;<strong><a href=\"https:\/\/guiame.com.br\/gospel\/noticias\/pela-1-vez-em-anos-numero-de-escolas-cristas-cresce-na-europa.html\">Uni\u00e3o Europeia<\/a><\/strong>&nbsp;indicaram que planejam declarar o reconhecimento de um Estado palestino, argumentando que uma solu\u00e7\u00e3o de dois Estados \u00e9 essencial para uma paz duradoura na regi\u00e3o.<\/p>\n\n\n\n<p>\u201cN\u00e3o pode haver paz no Oriente M\u00e9dio se n\u00e3o houver reconhecimento\u201d, disse Gahr Store numa coletiva de imprensa.<\/p>\n\n\n\n<p>Na Irlanda, o Taoiseach Simon Harris chamou o reconhecimento de &#8220;um dia hist\u00f3rico e importante para a Irlanda e para a Palestina&#8221;.<\/p>\n\n\n\n<p>O primeiro-ministro da Irlanda afirmou que o reconhecimento decorre da cren\u00e7a na &#8220;liberdade e justi\u00e7a&#8221; e que a paz s\u00f3 pode ser garantida pela &#8220;livre vontade de um povo livre&#8221;.<\/p>\n\n\n\n<p>Falando \u00e0 C\u00e2mara Baixa da Espanha, Pedro S\u00e1nchez afirmou que o reconhecimento da Palestina por parte da Espanha \u00e9 uma decis\u00e3o &#8220;pela paz, pela justi\u00e7a e pela coer\u00eancia&#8221;.<\/p>\n\n\n\n<p>\u201cA Espanha ser\u00e1 acompanhada por outros pa\u00edses europeus\u201d, afirmou. \u201cQuanto mais formos, mais cedo conseguiremos um cessar-fogo. N\u00e3o vamos desistir.\u201d<\/p>\n\n\n\n<p><strong>Resposta de Israel<\/strong><\/p>\n\n\n\n<p>Jerusal\u00e9m n\u00e3o gostou dos an\u00fancios e respondeu chamando de volta seus embaixadores da Irlanda, Espanha e Noruega para consultas imediatas.<\/p>\n\n\n\n<p>\u201cEstou enviando uma mensagem inequ\u00edvoca\u2026 Israel n\u00e3o deixar\u00e1 isso passar silenciosamente\u201d, disse o ministro das Rela\u00e7\u00f5es Exteriores, Israel Katz.<\/p>\n\n\n\n<p>O ministro tamb\u00e9m convocou os enviados dos tr\u00eas pa\u00edses em Israel para \u201cseveras reprimendas\u201d e informou que seriam mostradas imagens do sequestro de cinco mulheres soldados israelenses em 7 de outubro, durante o ataque surpresa do&nbsp;<strong><a href=\"https:\/\/guiame.com.br\/gospel\/israel\/o-hamas-quer-destruir-israel-diz-aline-durante-live-com-rodrigo-silva.html\">Hamas<\/a><\/strong>, cuja divulga\u00e7\u00e3o estava prevista para a noite de quarta-feira.<\/p>\n\n\n\n<p>A filmagem \u201cressaltar\u00e1 para eles a decis\u00e3o distorcida que seus governos tomaram&#8221;, afirmou Katz em um comunicado. &#8220;A medida deles ter\u00e1 consequ\u00eancias graves.&#8221;<\/p>\n\n\n\n<p>Israel ainda considerar\u00e1 medidas posteriores contra os tr\u00eas pa\u00edses, informou uma autoridade israelense ao The Times of Israel.<\/p>\n\n\n\n<p>O Ministro das Finan\u00e7as, Bezalel Smotrich, exigiu &#8220;duras medidas punitivas&#8221; contra a Autoridade Palestina, anunciando que cortar\u00e1 a transfer\u00eancia de fundos fiscais para o \u00f3rg\u00e3o administrativo palestino.<\/p>\n\n\n\n<p>Ele tamb\u00e9m apelou \u00e0 anula\u00e7\u00e3o de um mecanismo estabelecido com a Noruega para facilitar a transfer\u00eancia de sal\u00e1rios aos funcion\u00e1rios da Autoridade Palestina em Gaza e exigiu que Israel aprovasse milhares de novos assentamentos em retalia\u00e7\u00e3o.<\/p>\n\n\n\n<p><strong>Reveses diplom\u00e1ticos<\/strong><\/p>\n\n\n\n<p>O reconhecimento de um Estado palestino pelos tr\u00eas pa\u00edses \u00e9 o mais recente de uma s\u00e9rie de reveses diplom\u00e1ticos para Israel no combate ao Hamas. Na ter\u00e7a-feira, o Tribunal Penal Internacional anunciou que procurava mandados de pris\u00e3o para o primeiro-ministro Benjamin Netanyahu e o ministro da Defesa, Yoav Gallant, por potenciais crimes de guerra, al\u00e9m de tr\u00eas l\u00edderes do Hamas.<\/p>\n\n\n\n<p>Israel argumentou que o reconhecimento unilateral de um Estado palestino seria agora visto como uma recompensa pelo ataque do Hamas no sul de Israel, em 7 de outubro, quando cerca de 1.200 pessoas foram massacradas e 252 raptadas, muitas das quais permanecem ref\u00e9ns em Gaza.<\/p>\n\n\n\n<p>A campanha militar de Israel para livrar a Faixa de Gaza do grupo terrorista Hamas despertou simpatia mundial pelos palestinos e galvanizou o apoio ao reconhecimento do Estado em algumas capitais.<\/p>\n\n\n\n<p>\u201cA Irlanda e a Noruega pretendem enviar uma mensagem aos palestinianos e ao mundo inteiro \u2013 o terror compensa\u201d, disse Katz, acrescentando que est\u00e3o \u201cdando um pr\u00eamio ao Hamas e ao Ir\u00e3\u201d.<\/p>\n\n\n\n<p><strong>128 ref\u00e9ns<\/strong><\/p>\n\n\n\n<p>Israel afirmou que o reconhecimento tamb\u00e9m prejudicaria os esfor\u00e7os para trazer de volta os 128 ref\u00e9ns ainda detidos em Gaza, mas assegurou que os an\u00fancios n\u00e3o afetariam o esfor\u00e7o de guerra de Israel.<\/p>\n\n\n\n<p>Um alto funcion\u00e1rio do Hamas atribuiu os reconhecimentos \u00e0 &#8220;corajosa resist\u00eancia&#8221; do povo palestino.<\/p>\n\n\n\n<p>\u201cEstes reconhecimentos sucessivos s\u00e3o o resultado direto desta corajosa resist\u00eancia e da lend\u00e1ria firmeza do povo palestino\u2026 Acreditamos que este ser\u00e1 um ponto de virada na posi\u00e7\u00e3o internacional sobre a quest\u00e3o palestina\u201d, disse Bassem Naim, membro s\u00eanior do gabinete pol\u00edtico do Hamas \u00e0 AFP.<\/p>\n\n\n\n<p><strong>Autoridade Palestina<\/strong><\/p>\n\n\n\n<p>Em Ramallah, o Presidente da Autoridade Palestina, Mahmoud Abbas, saudou os an\u00fancios e apelou a outros pa\u00edses europeus para seguirem o exemplo e reconhecerem o Estado da Palestina &#8220;a fim de alcan\u00e7ar uma solu\u00e7\u00e3o de dois Estados baseada nas resolu\u00e7\u00f5es internacionais e nas fronteiras de 1967&#8221;.<\/p>\n\n\n\n<p>O principal funcion\u00e1rio da Organiza\u00e7\u00e3o para a Liberta\u00e7\u00e3o da Palestina, Hussein al-Sheikh, tamb\u00e9m comemorou os an\u00fancios, chamando-os de &#8220;momentos hist\u00f3ricos em que o mundo livre triunfa pela verdade e pela justi\u00e7a ap\u00f3s longas d\u00e9cadas de luta nacional palestina&#8221;. Ele afirmou que o reconhecimento levaria &#8220;\u00e0 estabilidade, seguran\u00e7a e paz na regi\u00e3o&#8221;.<\/p>\n\n\n\n<p>No in\u00edcio deste m\u00eas, a Eslov\u00eania iniciou o procedimento para o reconhecimento de um Estado palestino como uma forma de alavancar esfor\u00e7os para p\u00f4r fim ao conflito em Gaza. O primeiro-ministro Robert Golob afirmou que 13 de junho seria o \u00faltimo dia para o reconhecimento do Estado palestino por seu pa\u00eds.<\/p>\n\n\n\n<p>Cerca de 144 dos 193 Estados-membros das Na\u00e7\u00f5es Unidas j\u00e1 reconhecem um Estado palestino, incluindo a maior parte do sul global, al\u00e9m da R\u00fassia, China e \u00cdndia. No entanto, apenas uma parte dos 27 membros da Uni\u00e3o Europeia fez esse reconhecimento at\u00e9 agora.<\/p>\n\n\n\n<p><strong>Posi\u00e7\u00e3o dos EUA<\/strong><\/p>\n\n\n\n<p>Os EUA h\u00e1 muito se op\u00f5em aos esfor\u00e7os palestinos para garantir unilateralmente o status de Estado, argumentando que esse objetivo deve ser alcan\u00e7ado por meio de negocia\u00e7\u00f5es diretas com Israel.<\/p>\n\n\n\n<p>Washington tamb\u00e9m afirmou que a Autoridade Palestina precisa passar por reformas significativas antes de ser reconhecida como um Estado. Ramallah h\u00e1 muito \u00e9 marcada por alega\u00e7\u00f5es de corrup\u00e7\u00e3o e m\u00e1 gest\u00e3o.<\/p>\n\n\n\n<p>As medidas tomadas por cada pa\u00eds n\u00e3o afetam o reconhecimento de um Estado palestino pela Uni\u00e3o Europeia, uma vez que essa decis\u00e3o deve ser tomada por unanimidade por todos os Estados-membros.<\/p>\n\n\n\n<p>Oito pa\u00edses da Uni\u00e3o Europeia reconhecem um Estado palestino: Bulg\u00e1ria, Chipre, Rep\u00fablica Checa, Hungria, Pol\u00f4nia, Rom\u00eania, Eslov\u00e1quia e Su\u00e9cia. Malta reconhece o conceito de um Estado palestino e indicou que poder\u00e1 em breve formalizar esse reconhecimento, juntamente com a Eslov\u00eania.<\/p>\n\n\n\n<p>A Su\u00e9cia \u00e9 o \u00fanico pa\u00eds que reconheceu um Estado palestino enquanto j\u00e1 era membro da Uni\u00e3o Europeia; os demais o fizeram quando ainda faziam parte do bloco sovi\u00e9tico.<\/p>\n\n\n\n<p>A Noruega n\u00e3o \u00e9 membro da Uni\u00e3o Europeia, mas est\u00e1 estreitamente alinhada com o bloco e \u00e9 membro do Espa\u00e7o Econ\u00f4mico Europeu.<\/p>\n","protected":false},"excerpt":{"rendered":"<p>L\u00edderes da&nbsp;Noruega, Irlanda e Espanha anunciaram nesta quarta-feira (22) que seus pa\u00edses reconhecer\u00e3o um Estado palestino dentro de poucos dias, provocando uma disputa diplom\u00e1tica com Israel. O primeiro-ministro da Noruega, Jonas Gahr Store, e o primeiro-ministro da Espanha, Pedro Sanchez, anunciaram que seus pa\u00edses oficializar\u00e3o o reconhecimento do Estado palestino em 28 de maio, em [&hellip;]<\/p>\n","protected":false},"author":2,"featured_media":19658,"comment_status":"open","ping_status":"open","sticky":false,"template":"","format":"standard","meta":[],"categories":[12,16],"tags":[],"_links":{"self":[{"href":"https:\/\/dgospel.com.br\/portal\/index.php\/wp-json\/wp\/v2\/posts\/19657"}],"collection":[{"href":"https:\/\/dgospel.com.br\/portal\/index.php\/wp-json\/wp\/v2\/posts"}],"about":[{"href":"https:\/\/dgospel.com.br\/portal\/index.php\/wp-json\/wp\/v2\/types\/post"}],"author":[{"embeddable":true,"href":"https:\/\/dgospel.com.br\/portal\/index.php\/wp-json\/wp\/v2\/users\/2"}],"replies":[{"embeddable":true,"href":"https:\/\/dgospel.com.br\/portal\/index.php\/wp-json\/wp\/v2\/comments?post=19657"}],"version-history":[{"count":1,"href":"https:\/\/dgospel.com.br\/portal\/index.php\/wp-json\/wp\/v2\/posts\/19657\/revisions"}],"predecessor-version":[{"id":19659,"href":"https:\/\/dgospel.com.br\/portal\/index.php\/wp-json\/wp\/v2\/posts\/19657\/revisions\/19659"}],"wp:featuredmedia":[{"embeddable":true,"href":"https:\/\/dgospel.com.br\/portal\/index.php\/wp-json\/wp\/v2\/media\/19658"}],"wp:attachment":[{"href":"https:\/\/dgospel.com.br\/portal\/index.php\/wp-json\/wp\/v2\/media?parent=19657"}],"wp:term":[{"taxonomy":"category","embeddable":true,"href":"https:\/\/dgospel.com.br\/portal\/index.php\/wp-json\/wp\/v2\/categories?post=19657"},{"taxonomy":"post_tag","embeddable":true,"href":"https:\/\/dgospel.com.br\/portal\/index.php\/wp-json\/wp\/v2\/tags?post=19657"}],"curies":[{"name":"wp","href":"https:\/\/api.w.org\/{rel}","templated":true}]}}