{"id":1966,"date":"2018-11-29T17:12:10","date_gmt":"2018-11-29T19:12:10","guid":{"rendered":"http:\/\/dgospel.com.br\/portal\/?p=1966"},"modified":"2018-11-29T17:12:10","modified_gmt":"2018-11-29T19:12:10","slug":"chefes-de-poderes-do-estado-formam-conselho-para-discutir-situacao-economica-do-tocantins","status":"publish","type":"post","link":"https:\/\/dgospel.com.br\/portal\/index.php\/2018\/11\/29\/chefes-de-poderes-do-estado-formam-conselho-para-discutir-situacao-economica-do-tocantins\/","title":{"rendered":"Chefes de Poderes do Estado formam conselho para discutir situa\u00e7\u00e3o econ\u00f4mica do Tocantins"},"content":{"rendered":"<p>A conjuntura econ\u00f4mica do Estado do Tocantins e os desdobramentos na vida da popula\u00e7\u00e3o foram o motivo de uma reuni\u00e3o do governador Mauro Carlesse com chefes de outros poderes e institui\u00e7\u00f5es p\u00fablicas, na tarde desta quarta-feira, 28, no gabinete do Governador. Os objetivos foram apresentar e discutir dados relativos \u00e0\u00a0situa\u00e7\u00e3o fiscal e financeira do Tocantins e as iniciativas para equacionar o quadro atual e n\u00e3o comprometer a miss\u00e3o de atender as demandas da popula\u00e7\u00e3o. Para o governador, o momento \u00e9 de uni\u00e3o de todos na inten\u00e7\u00e3o de buscar solu\u00e7\u00f5es aplic\u00e1veis a curto, m\u00e9dio e longo prazo, para garantir, aos tocantinenses, melhores condi\u00e7\u00f5es de vida.<\/p>\n<p>\u201cO Estado passa por dificuldades e o que pretendemos \u00e9 passar essa responsabilidade para todos, esse \u00e9 o meu modo de governar, para que todos tenham os mesmos compromissos com a redu\u00e7\u00e3o de despesas\u201d, explicou o governador Mauro Carlesse, destacando que foram discutidos ainda os problemas das \u00e1reas da sa\u00fade, da educa\u00e7\u00e3o e da seguran\u00e7a p\u00fablica, entre outros. Ele explicou que todos os pontos levantados ser\u00e3o importantes para que seja formatada uma gest\u00e3o em conjunto. \u201cTodos atenderam o nosso chamamento, se colocaram \u00e0 disposi\u00e7\u00e3o e \u00e9 isso que a gente quer, um Governo aberto que, junto com os poderes, venha melhorar a vida dos cidad\u00e3os\u201d.<\/p>\n<p><strong>Conselho<\/strong><\/p>\n<p>De acordo com o secret\u00e1rio-chefe da Casa Civil, Rolf Vidal, ser\u00e1 formatada uma minuta de um conselho entre os chefes de poderes e acertada uma pr\u00f3xima reuni\u00e3o para o dia 4 de dezembro, que ter\u00e1 como pauta a busca de medidas para equil\u00edbrio fiscal do Estado. Para o secret\u00e1rio, essa iniciativa de reunir todos os chefes de poderes e institui\u00e7\u00f5es demonstra a boa vontade e a boa-f\u00e9 do Governo do Estado em buscar solu\u00e7\u00f5es e efici\u00eancia para a m\u00e1quina p\u00fablica, melhorar os \u00edndices do Estado e, automaticamente, evitar que o Tocantins enfrente efeitos provocados pela crise fiscal, a exemplo de estados tradicionais. \u201cEnt\u00e3o esse convite significa o empoderamento com vistas \u00e0 busca de solu\u00e7\u00f5es para o reequil\u00edbrio fiscal do Estado, com seguran\u00e7a jur\u00eddica e respeito a todos os poderes constitu\u00eddos&#8221;.<\/p>\n<p>Para o procurador-geral de Justi\u00e7a, Jos\u00e9 Omar de Almeida J\u00fanior, a reuni\u00e3o foi bastante proveitosa e oportuna por parte do governador Mauro Carlesse, que entendeu envolver todos os demais poderes e institui\u00e7\u00f5es para discutir um problema t\u00e3o complexo, que \u00e9 a crise fiscal pela qual\u00a0passa o Tocantins. \u201cNo Estado, todos n\u00f3s participamos e nos afligimos com o problema or\u00e7ament\u00e1rio e financeiro que passa o Estado e, cada poder e institui\u00e7\u00e3o tem uma ideia, ent\u00e3o vamos sentar e discutir isso coletivamente, afinal de contas, todos n\u00f3s estamos no mesmo barco e devemos remar unidos em prol do desenvolvimento do Estado\u201d, sustentou.<\/p>\n<p>A reuni\u00e3o contou com a participa\u00e7\u00e3o do presidente do Tribunal de Justi\u00e7a (TJTO), Eur\u00edpedes Lamounier; da presidente da Assembleia Legislativa, Luana Ribeiro; do procurador-geral de Justi\u00e7a, Jos\u00e9 Omar de almeida J\u00fanior; do defensor p\u00fablico-geral, Murilo da Costa; do conselheiro decano do Tribunal de Contas do Estado (TCE), Wagner Praxedes; secret\u00e1rios de Estado e outros auxiliares do Governo.<\/p>\n","protected":false},"excerpt":{"rendered":"<p>A conjuntura econ\u00f4mica do Estado do Tocantins e os desdobramentos na vida da popula\u00e7\u00e3o foram o motivo de uma reuni\u00e3o do governador Mauro Carlesse com chefes de outros poderes e institui\u00e7\u00f5es p\u00fablicas, na tarde desta quarta-feira, 28, no gabinete do Governador. Os objetivos foram apresentar e discutir dados relativos \u00e0\u00a0situa\u00e7\u00e3o fiscal e financeira do Tocantins [&hellip;]<\/p>\n","protected":false},"author":2,"featured_media":1967,"comment_status":"open","ping_status":"open","sticky":false,"template":"","format":"standard","meta":[],"categories":[2,4],"tags":[],"_links":{"self":[{"href":"https:\/\/dgospel.com.br\/portal\/index.php\/wp-json\/wp\/v2\/posts\/1966"}],"collection":[{"href":"https:\/\/dgospel.com.br\/portal\/index.php\/wp-json\/wp\/v2\/posts"}],"about":[{"href":"https:\/\/dgospel.com.br\/portal\/index.php\/wp-json\/wp\/v2\/types\/post"}],"author":[{"embeddable":true,"href":"https:\/\/dgospel.com.br\/portal\/index.php\/wp-json\/wp\/v2\/users\/2"}],"replies":[{"embeddable":true,"href":"https:\/\/dgospel.com.br\/portal\/index.php\/wp-json\/wp\/v2\/comments?post=1966"}],"version-history":[{"count":1,"href":"https:\/\/dgospel.com.br\/portal\/index.php\/wp-json\/wp\/v2\/posts\/1966\/revisions"}],"predecessor-version":[{"id":1968,"href":"https:\/\/dgospel.com.br\/portal\/index.php\/wp-json\/wp\/v2\/posts\/1966\/revisions\/1968"}],"wp:featuredmedia":[{"embeddable":true,"href":"https:\/\/dgospel.com.br\/portal\/index.php\/wp-json\/wp\/v2\/media\/1967"}],"wp:attachment":[{"href":"https:\/\/dgospel.com.br\/portal\/index.php\/wp-json\/wp\/v2\/media?parent=1966"}],"wp:term":[{"taxonomy":"category","embeddable":true,"href":"https:\/\/dgospel.com.br\/portal\/index.php\/wp-json\/wp\/v2\/categories?post=1966"},{"taxonomy":"post_tag","embeddable":true,"href":"https:\/\/dgospel.com.br\/portal\/index.php\/wp-json\/wp\/v2\/tags?post=1966"}],"curies":[{"name":"wp","href":"https:\/\/api.w.org\/{rel}","templated":true}]}}