{"id":19660,"date":"2024-05-22T12:05:14","date_gmt":"2024-05-22T15:05:14","guid":{"rendered":"https:\/\/dgospel.com.br\/portal\/?p=19660"},"modified":"2024-05-22T12:05:15","modified_gmt":"2024-05-22T15:05:15","slug":"conheca-os-vencedores-do-trofeu-rede-gospel-2024","status":"publish","type":"post","link":"https:\/\/dgospel.com.br\/portal\/index.php\/2024\/05\/22\/conheca-os-vencedores-do-trofeu-rede-gospel-2024\/","title":{"rendered":"Conhe\u00e7a os vencedores do Trof\u00e9u Rede Gospel 2024"},"content":{"rendered":"\n<p>Os vencedores do Trof\u00e9u Rede Gospel foram revelados, nesta ter\u00e7a-feira (21), em um evento de gala realizado pela Igreja Renascer no Theatro Municipal de S\u00e3o Paulo. Pastores, cantores e profissionais envolvidos com o mundo gospel estiveram presentes para acompanhar a primeira edi\u00e7\u00e3o da premia\u00e7\u00e3o.<\/p>\n\n\n\n<p>A cantora Sarah Faria foi uma das vencedoras da noite, ela fez quest\u00e3o de contar seu testemunho, dizendo que chegou a desistir por duas vezes do seu minist\u00e9rio. A primeira vez, aos 18 anos, ela deixou de cantar depois de vender apenas 11 CDs.<\/p>\n\n\n\n<p>Seis anos depois dessa experi\u00eancia, Sarah se reencontrou com seu chamado e Deus foi abrindo as portas. Mas em 2021, a cantora perdeu uma filha com 16 dias de nascida e n\u00e3o suportou.<\/p>\n\n\n\n<p>\u2013 Naquele ano eu concorri ao Grammy Latino como&nbsp;<em>Melhor \u00c1lbum de M\u00fasica Crist\u00e3 em L\u00edngua Portuguesa<\/em>&nbsp;e n\u00e3o consegui ir at\u00e9 Las Vegas. Eu cheguei a dizer para algumas pessoas que Sarah Farias j\u00e1 era. Foi o Anderson Freire quem me trouxe minha medalha. (\u2026) Mas Deus levantou pessoas que me empurraram e estou aqui hoje, porque \u00e9 o Senhor quem manda e esse \u00e9 o primeiro pr\u00eamio que eu venho pessoalmente \u2013 testemunhou.<\/p>\n\n\n\n<figure class=\"wp-block-image\"><img src=\"https:\/\/static.cdn.pleno.news\/2024\/05\/Sarah-Farias-768x1024.jpeg\" alt=\"\" class=\"wp-image-1326330\"\/><figcaption>Sarah Farias&nbsp;Foto: Priscilla Brito\/Pleno.News<\/figcaption><\/figure>\n\n\n\n<p>Quem tamb\u00e9m se destacou foi Samuel Messias que ganhou o pr\u00eamio de Compositor do Ano com a can\u00e7\u00e3o&nbsp;<em>Jeov\u00e1 Jireh<\/em>, sucesso na voz de Aline Barros.<\/p>\n\n\n\n<p>Entre os apresentadores estavam B\u00e1rbara Amorim, Mara Maravilha, Ton Carfi, Paloma Possi, Gabriel Asaph, Isabel Hernandes, ap\u00f3stolo Estevam Hernandes e bispa S\u00f4nia Hernandes. J\u00e1 entre os convidados especiais estavam o prefeito da cidade de S\u00e3o Paulo, Ricardo Nunes (MDB) e sua esposa, Regina Carnovale Nunes.<\/p>\n\n\n\n<p>Comandaram as atra\u00e7\u00f5es musicais: Renascer Praise, Ton Carfi e Paloma Possi, Kathleen Bertelli, Valesca Mayssa e Lukas Agustinho.<\/p>\n\n\n\n<p>Tamb\u00e9m tiveram momentos de homenagens para o apresentador Marc\u00e3o do Povo, do programa<em>&nbsp;T\u00e1 na Hora<\/em>, do SBT, e tamb\u00e9m para o prefeito da cidade de Sorocaba, Rodrigo Manga (Republicanos).<\/p>\n\n\n\n<p>Os premiados foram escolhidos por voto popular, mais de 500 mil pessoas participaram, escolhendo os representantes n\u00e3o apenas da m\u00fasica, mas tamb\u00e9m da imprensa e da produ\u00e7\u00e3o.<\/p>\n\n\n\n<p><strong>Vencedores:<\/strong><br>Portal Gospel \u2013 Gospelmente<br>R\u00e1dio Gospel \u2013 Feliz FM<br>Cover do Ano- Marcados com a m\u00fasica\u00a0<em>Deserto<\/em><br>Agente Art\u00edstico \u2013 Ivanildo Nunes, da Creative<br>Projeto Infantil \u2013 3 Palavrinhas<br>Feat \u2013 Lukas Agustinho e Gabriela Rocha com\u00a0<em>Tu \u00c9s Poderoso<\/em><br>Grupo ou Dupla \u2013 Jefferson e Suellen<br>Revela\u00e7\u00e3o Feminina do Ano \u2013 Nicoli Francini<br>Releva\u00e7\u00e3o Masculina \u2013 Victin<br>Produtor Musical \u2013 Hananiel Eduardo<br>Compositor \u2013 Samuel Messias com\u00a0<em>Jeov\u00e1 Jireh<\/em><br>Clipe do Ano \u2013 Ton Carfi com\u00a0<em>Cuida de Mim<\/em><br>Cantor do Ano \u2013 Lukas Agustinho<br>Cantora do Ano \u2013 Sarah Farias<br>M\u00fasica do Ano \u2013\u00a0<em>Eu Sou Teu Pai<\/em>, de Valesca Mayssa<\/p>\n\n\n\n<figure class=\"wp-block-image\"><img src=\"https:\/\/static.cdn.pleno.news\/2024\/05\/Trof%C3%A9u-Rede-Gospel-2024-Fotos-2-768x512.jpeg\" alt=\"Fotos: Rafaela Luiz, Victor Le\u00e3o, Roberto Casrineiras, Juan Fernandez e Pedro Flausino\/Divulga\u00e7\u00e3o\" title=\"Fotos: Rafaela Luiz, Victor Le\u00e3o, Roberto Casrineiras, Juan Fernandez e Pedro Flausino\/Divulga\u00e7\u00e3o\"\/><figcaption>Fotos: Rafaela Luiz, Victor Le\u00e3o, Roberto Casrineiras, Juan Fernandez e Pedro Flausino\/Divulga\u00e7\u00e3o<\/figcaption><\/figure>\n\n\n\n<figure class=\"wp-block-image\"><img src=\"https:\/\/static.cdn.pleno.news\/2024\/05\/Trof%C3%A9u-Rede-Gospel-2024-Fotos-3-768x512.jpeg\" alt=\"Fotos: Rafaela Luiz, Victor Le\u00e3o, Roberto Casrineiras, Juan Fernandez e Pedro Flausino\/Divulga\u00e7\u00e3o\" title=\"Fotos: Rafaela Luiz, Victor Le\u00e3o, Roberto Casrineiras, Juan Fernandez e Pedro Flausino\/Divulga\u00e7\u00e3o\"\/><figcaption>Fotos: Rafaela Luiz, Victor Le\u00e3o, Roberto Casrineiras, Juan Fernandez e Pedro Flausino\/Divulga\u00e7\u00e3o<\/figcaption><\/figure>\n\n\n\n<figure class=\"wp-block-image\"><img src=\"https:\/\/static.cdn.pleno.news\/2024\/05\/Trof%C3%A9u-Rede-Gospel-2024-Fotos-4-768x512.jpeg\" alt=\"Fotos: Rafaela Luiz, Victor Le\u00e3o, Roberto Casrineiras, Juan Fernandez e Pedro Flausino\/Divulga\u00e7\u00e3o\" title=\"Fotos: Rafaela Luiz, Victor Le\u00e3o, Roberto Casrineiras, Juan Fernandez e Pedro Flausino\/Divulga\u00e7\u00e3o\"\/><figcaption>Fotos: Rafaela Luiz, Victor Le\u00e3o, Roberto Casrineiras, Juan Fernandez e Pedro Flausino\/Divulga\u00e7\u00e3o<\/figcaption><\/figure>\n\n\n\n<figure class=\"wp-block-image\"><img src=\"https:\/\/static.cdn.pleno.news\/2024\/05\/Trof%C3%A9u-Rede-Gospel-2024-Fotos-5-768x512.jpeg\" alt=\"Fotos: Rafaela Luiz, Victor Le\u00e3o, Roberto Casrineiras, Juan Fernandez e Pedro Flausino\/Divulga\u00e7\u00e3o\" title=\"Fotos: Rafaela Luiz, Victor Le\u00e3o, Roberto Casrineiras, Juan Fernandez e Pedro Flausino\/Divulga\u00e7\u00e3o\"\/><figcaption>Fotos: Rafaela Luiz, Victor Le\u00e3o, Roberto Casrineiras, Juan Fernandez e Pedro Flausino\/Divulga\u00e7\u00e3o<\/figcaption><\/figure>\n\n\n\n<figure class=\"wp-block-image\"><img src=\"https:\/\/static.cdn.pleno.news\/2024\/05\/Trof%C3%A9u-Rede-Gospel-2024-Fotos-6-768x512.jpeg\" alt=\"Fotos: Rafaela Luiz, Victor Le\u00e3o, Roberto Casrineiras, Juan Fernandez e Pedro Flausino\/Divulga\u00e7\u00e3o\" title=\"Fotos: Rafaela Luiz, Victor Le\u00e3o, Roberto Casrineiras, Juan Fernandez e Pedro Flausino\/Divulga\u00e7\u00e3o\"\/><figcaption>Fotos: Rafaela Luiz, Victor Le\u00e3o, Roberto Casrineiras, Juan Fernandez e Pedro Flausino\/Divulga\u00e7\u00e3o<\/figcaption><\/figure>\n\n\n\n<figure class=\"wp-block-image\"><img src=\"https:\/\/static.cdn.pleno.news\/2024\/05\/Trof%C3%A9u-Rede-Gospel-2024-Fotos-7-768x512.jpeg\" alt=\"Fotos: Rafaela Luiz, Victor Le\u00e3o, Roberto Casrineiras, Juan Fernandez e Pedro Flausino\/Divulga\u00e7\u00e3o\" title=\"Fotos: Rafaela Luiz, Victor Le\u00e3o, Roberto Casrineiras, Juan Fernandez e Pedro Flausino\/Divulga\u00e7\u00e3o\"\/><figcaption>Fotos: Rafaela Luiz, Victor Le\u00e3o, Roberto Casrineiras, Juan Fernandez e Pedro Flausino\/Divulga\u00e7\u00e3o<\/figcaption><\/figure>\n\n\n\n<figure class=\"wp-block-image\"><img src=\"https:\/\/static.cdn.pleno.news\/2024\/05\/Trof%C3%A9u-Rede-Gospel-2024-Fotos-8-768x512.jpeg\" alt=\"Fotos: Rafaela Luiz, Victor Le\u00e3o, Roberto Casrineiras, Juan Fernandez e Pedro Flausino\/Divulga\u00e7\u00e3o\" title=\"Fotos: Rafaela Luiz, Victor Le\u00e3o, Roberto Casrineiras, Juan Fernandez e Pedro Flausino\/Divulga\u00e7\u00e3o\"\/><figcaption>Fotos: Rafaela Luiz, Victor Le\u00e3o, Roberto Casrineiras, Juan Fernandez e Pedro Flausino\/Divulga\u00e7\u00e3o<\/figcaption><\/figure>\n\n\n\n<figure class=\"wp-block-image\"><img src=\"https:\/\/static.cdn.pleno.news\/2024\/05\/Trof%C3%A9u-Rede-Gospel-2024-Fotos-9-768x512.jpeg\" alt=\"Fotos: Rafaela Luiz, Victor Le\u00e3o, Roberto Casrineiras, Juan Fernandez e Pedro Flausino\/Divulga\u00e7\u00e3o\" title=\"Fotos: Rafaela Luiz, Victor Le\u00e3o, Roberto Casrineiras, Juan Fernandez e Pedro Flausino\/Divulga\u00e7\u00e3o\"\/><figcaption>Fotos: Rafaela Luiz, Victor Le\u00e3o, Roberto Casrineiras, Juan Fernandez e Pedro Flausino\/Divulga\u00e7\u00e3o<\/figcaption><\/figure>\n\n\n\n<figure class=\"wp-block-image\"><img src=\"https:\/\/static.cdn.pleno.news\/2024\/05\/Trof%C3%A9u-Rede-Gospel-2024-Fotos-10-768x512.jpeg\" alt=\"Fotos: Rafaela Luiz, Victor Le\u00e3o, Roberto Casrineiras, Juan Fernandez e Pedro Flausino\/Divulga\u00e7\u00e3o\" title=\"Fotos: Rafaela Luiz, Victor Le\u00e3o, Roberto Casrineiras, Juan Fernandez e Pedro Flausino\/Divulga\u00e7\u00e3o\"\/><figcaption>Fotos: Rafaela Luiz, Victor Le\u00e3o, Roberto Casrineiras, Juan Fernandez e Pedro Flausino\/Divulga\u00e7\u00e3o<\/figcaption><\/figure>\n\n\n\n<figure class=\"wp-block-image\"><img src=\"https:\/\/static.cdn.pleno.news\/2024\/05\/Trof%C3%A9u-Rede-Gospel-2024-Fotos-11-768x512.jpeg\" alt=\"Fotos: Rafaela Luiz, Victor Le\u00e3o, Roberto Casrineiras, Juan Fernandez e Pedro Flausino\/Divulga\u00e7\u00e3o\" title=\"Fotos: Rafaela Luiz, Victor Le\u00e3o, Roberto Casrineiras, Juan Fernandez e Pedro Flausino\/Divulga\u00e7\u00e3o\"\/><figcaption>Fotos: Rafaela Luiz, Victor Le\u00e3o, Roberto Casrineiras, Juan Fernandez e Pedro Flausino\/Divulga\u00e7\u00e3o<\/figcaption><\/figure>\n\n\n\n<figure class=\"wp-block-image\"><img src=\"https:\/\/static.cdn.pleno.news\/2024\/05\/Trof%C3%A9u-Rede-Gospel-2024-Fotos-12-768x512.jpeg\" alt=\"Fotos: Rafaela Luiz, Victor Le\u00e3o, Roberto Casrineiras, Juan Fernandez e Pedro Flausino\/Divulga\u00e7\u00e3o\" title=\"Fotos: Rafaela Luiz, Victor Le\u00e3o, Roberto Casrineiras, Juan Fernandez e Pedro Flausino\/Divulga\u00e7\u00e3o\"\/><figcaption>Fotos: Rafaela Luiz, Victor Le\u00e3o, Roberto Casrineiras, Juan Fernandez e Pedro Flausino\/Divulga\u00e7\u00e3o<\/figcaption><\/figure>\n\n\n\n<figure class=\"wp-block-image\"><img src=\"https:\/\/static.cdn.pleno.news\/2024\/05\/Trof%C3%A9u-Rede-Gospel-2024-Fotos-14-768x512.jpeg\" alt=\"Fotos: Rafaela Luiz, Victor Le\u00e3o, Roberto Casrineiras, Juan Fernandez e Pedro Flausino\/Divulga\u00e7\u00e3o\" title=\"Fotos: Rafaela Luiz, Victor Le\u00e3o, Roberto Casrineiras, Juan Fernandez e Pedro Flausino\/Divulga\u00e7\u00e3o\"\/><figcaption>Fotos: Rafaela Luiz, Victor Le\u00e3o, Roberto Casrineiras, Juan Fernandez e Pedro Flausino\/Divulga\u00e7\u00e3o<\/figcaption><\/figure>\n\n\n\n<figure class=\"wp-block-image\"><img src=\"https:\/\/static.cdn.pleno.news\/2024\/05\/Trof%C3%A9u-Rede-Gospel-2024-Fotos-15-768x513.jpeg\" alt=\"Fotos: Rafaela Luiz, Victor Le\u00e3o, Roberto Casrineiras, Juan Fernandez e Pedro Flausino\/Divulga\u00e7\u00e3o\" title=\"Fotos: Rafaela Luiz, Victor Le\u00e3o, Roberto Casrineiras, Juan Fernandez e Pedro Flausino\/Divulga\u00e7\u00e3o\"\/><figcaption>Fotos: Rafaela Luiz, Victor Le\u00e3o, Roberto Casrineiras, Juan Fernandez e Pedro Flausino\/Divulga\u00e7\u00e3o<\/figcaption><\/figure>\n\n\n\n<figure class=\"wp-block-image\"><img src=\"https:\/\/static.cdn.pleno.news\/2024\/05\/Trof%C3%A9u-Rede-Gospel-2024-Fotos-16-768x513.jpeg\" alt=\"Fotos: Rafaela Luiz, Victor Le\u00e3o, Roberto Casrineiras, Juan Fernandez e Pedro Flausino\/Divulga\u00e7\u00e3o\" title=\"Fotos: Rafaela Luiz, Victor Le\u00e3o, Roberto Casrineiras, Juan Fernandez e Pedro Flausino\/Divulga\u00e7\u00e3o\"\/><figcaption>Fotos: Rafaela Luiz, Victor Le\u00e3o, Roberto Casrineiras, Juan Fernandez e Pedro Flausino\/Divulga\u00e7\u00e3o<\/figcaption><\/figure>\n\n\n\n<figure class=\"wp-block-image\"><img src=\"https:\/\/static.cdn.pleno.news\/2024\/05\/Trof%C3%A9u-Rede-Gospel-2024-Fotos-18-768x513.jpeg\" alt=\"Fotos: Rafaela Luiz, Victor Le\u00e3o, Roberto Casrineiras, Juan Fernandez e Pedro Flausino\/Divulga\u00e7\u00e3o\" title=\"Fotos: Rafaela Luiz, Victor Le\u00e3o, Roberto Casrineiras, Juan Fernandez e Pedro Flausino\/Divulga\u00e7\u00e3o\"\/><figcaption>Fotos: Rafaela Luiz, Victor Le\u00e3o, Roberto Casrineiras, Juan Fernandez e Pedro Flausino\/Divulga\u00e7\u00e3o<\/figcaption><\/figure>\n\n\n\n<figure class=\"wp-block-image\"><img src=\"https:\/\/static.cdn.pleno.news\/2024\/05\/Trof%C3%A9u-Rede-Gospel-2024-Fotos-19-768x513.jpeg\" alt=\"Fotos: Rafaela Luiz, Victor Le\u00e3o, Roberto Casrineiras, Juan Fernandez e Pedro Flausino\/Divulga\u00e7\u00e3o\" title=\"Fotos: Rafaela Luiz, Victor Le\u00e3o, Roberto Casrineiras, Juan Fernandez e Pedro Flausino\/Divulga\u00e7\u00e3o\"\/><figcaption>Fotos: Rafaela Luiz, Victor Le\u00e3o, Roberto Casrineiras, Juan Fernandez e Pedro Flausino\/Divulga\u00e7\u00e3o<\/figcaption><\/figure>\n\n\n\n<figure class=\"wp-block-image\"><img src=\"https:\/\/static.cdn.pleno.news\/2024\/05\/Trof%C3%A9u-Rede-Gospel-2024-Fotos-20-768x513.jpeg\" alt=\"Fotos: Rafaela Luiz, Victor Le\u00e3o, Roberto Casrineiras, Juan Fernandez e Pedro Flausino\/Divulga\u00e7\u00e3o\" title=\"Fotos: Rafaela Luiz, Victor Le\u00e3o, Roberto Casrineiras, Juan Fernandez e Pedro Flausino\/Divulga\u00e7\u00e3o\"\/><figcaption>Fotos: Rafaela Luiz, Victor Le\u00e3o, Roberto Casrineiras, Juan Fernandez e Pedro Flausino\/Divulga\u00e7\u00e3o<\/figcaption><\/figure>\n\n\n\n<figure class=\"wp-block-image\"><img src=\"https:\/\/static.cdn.pleno.news\/2024\/05\/Trof%C3%A9u-Rede-Gospel-2024-Fotos-21-768x513.jpeg\" alt=\"Fotos: Rafaela Luiz, Victor Le\u00e3o, Roberto Casrineiras, Juan Fernandez e Pedro Flausino\/Divulga\u00e7\u00e3o\" title=\"Fotos: Rafaela Luiz, Victor Le\u00e3o, Roberto Casrineiras, Juan Fernandez e Pedro Flausino\/Divulga\u00e7\u00e3o\"\/><figcaption>Fotos: Rafaela Luiz, Victor Le\u00e3o, Roberto Casrineiras, Juan Fernandez e Pedro Flausino\/Divulga\u00e7\u00e3o<\/figcaption><\/figure>\n\n\n\n<figure class=\"wp-block-image\"><img src=\"https:\/\/static.cdn.pleno.news\/2024\/05\/Trof%C3%A9u-Rede-Gospel-2024-Fotos-22-768x513.jpeg\" alt=\"Fotos: Rafaela Luiz, Victor Le\u00e3o, Roberto Casrineiras, Juan Fernandez e Pedro Flausino\/Divulga\u00e7\u00e3o\" title=\"Fotos: Rafaela Luiz, Victor Le\u00e3o, Roberto Casrineiras, Juan Fernandez e Pedro Flausino\/Divulga\u00e7\u00e3o\"\/><figcaption>Fotos: Rafaela Luiz, Victor Le\u00e3o, Roberto Casrineiras, Juan Fernandez e Pedro Flausino\/Divulga\u00e7\u00e3o<\/figcaption><\/figure>\n\n\n\n<figure class=\"wp-block-image\"><img src=\"https:\/\/static.cdn.pleno.news\/2024\/05\/Trof%C3%A9u-Rede-Gospel-2024-Fotos-23-768x513.jpeg\" alt=\"Fotos: Rafaela Luiz, Victor Le\u00e3o, Roberto Casrineiras, Juan Fernandez e Pedro Flausino\/Divulga\u00e7\u00e3o\" title=\"Fotos: Rafaela Luiz, Victor Le\u00e3o, Roberto Casrineiras, Juan Fernandez e Pedro Flausino\/Divulga\u00e7\u00e3o\"\/><figcaption>Fotos: Rafaela Luiz, Victor Le\u00e3o, Roberto Casrineiras, Juan Fernandez e Pedro Flausino\/Divulga\u00e7\u00e3o<\/figcaption><\/figure>\n\n\n\n<figure class=\"wp-block-image\"><img src=\"https:\/\/static.cdn.pleno.news\/2024\/05\/Trof%C3%A9u-Rede-Gospel-2024-Fotos-24-768x513.jpeg\" alt=\"Fotos: Rafaela Luiz, Victor Le\u00e3o, Roberto Casrineiras, Juan Fernandez e Pedro Flausino\/Divulga\u00e7\u00e3o\" title=\"Fotos: Rafaela Luiz, Victor Le\u00e3o, Roberto Casrineiras, Juan Fernandez e Pedro Flausino\/Divulga\u00e7\u00e3o\"\/><figcaption>Fotos: Rafaela Luiz, Victor Le\u00e3o, Roberto Casrineiras, Juan Fernandez e Pedro Flausino\/Divulga\u00e7\u00e3o<\/figcaption><\/figure>\n\n\n\n<figure class=\"wp-block-image\"><img src=\"https:\/\/static.cdn.pleno.news\/2024\/05\/Trof%C3%A9u-Rede-Gospel-2024-Fotos-1-768x513.jpeg\" alt=\"Fotos: Rafaela Luiz, Victor Le\u00e3o, Roberto Casrineiras, Juan Fernandez e Pedro Flausino\/Divulga\u00e7\u00e3o\" title=\"Fotos: Rafaela Luiz, Victor Le\u00e3o, Roberto Casrineiras, Juan Fernandez e Pedro Flausino\/Divulga\u00e7\u00e3o\"\/><figcaption>Fotos: Rafaela Luiz, Victor Le\u00e3o, Roberto Casrineiras, Juan Fernandez e Pedro Flausino\/Divulga\u00e7\u00e3o<\/figcaption><\/figure>\n\n\n\n<figure class=\"wp-block-image\"><img src=\"https:\/\/static.cdn.pleno.news\/2024\/05\/WhatsApp-Image-2024-05-21-at-23.26.59-2-768x513.jpeg\" alt=\"Fotos: Rafaela Luiz, Victor Le\u00e3o, Roberto Casrineiras, Juan Fernandez e Pedro Flausino\/Divulga\u00e7\u00e3o\" title=\"Fotos: Rafaela Luiz, Victor Le\u00e3o, Roberto Casrineiras, Juan Fernandez e Pedro Flausino\/Divulga\u00e7\u00e3o\"\/><figcaption>Fotos: Rafaela Luiz, Victor Le\u00e3o, Roberto Casrineiras, Juan Fernandez e Pedro Flausino\/Divulga\u00e7\u00e3o<\/figcaption><\/figure>\n\n\n\n<figure class=\"wp-block-image\"><img src=\"https:\/\/static.cdn.pleno.news\/2024\/05\/WhatsApp-Image-2024-05-21-at-23.26.59-1-768x513.jpeg\" alt=\"Fotos: Rafaela Luiz, Victor Le\u00e3o, Roberto Casrineiras, Juan Fernandez e Pedro Flausino\/Divulga\u00e7\u00e3o\" title=\"Fotos: Rafaela Luiz, Victor Le\u00e3o, Roberto Casrineiras, Juan Fernandez e Pedro Flausino\/Divulga\u00e7\u00e3o\"\/><figcaption>Fotos: Rafaela Luiz, Victor Le\u00e3o, Roberto Casrineiras, Juan Fernandez e Pedro Flausino\/Divulga\u00e7\u00e3o<\/figcaption><\/figure>\n\n\n\n<figure class=\"wp-block-image\"><img src=\"https:\/\/static.cdn.pleno.news\/2024\/05\/WhatsApp-Image-2024-05-21-at-23.26.59-768x513.jpeg\" alt=\"Fotos: Rafaela Luiz, Victor Le\u00e3o, Roberto Casrineiras, Juan Fernandez e Pedro Flausino\/Divulga\u00e7\u00e3o\" title=\"Fotos: Rafaela Luiz, Victor Le\u00e3o, Roberto Casrineiras, Juan Fernandez e Pedro Flausino\/Divulga\u00e7\u00e3o\"\/><figcaption>Fotos: Rafaela Luiz, Victor Le\u00e3o, Roberto Casrineiras, Juan Fernandez e Pedro Flausino\/Divulga\u00e7\u00e3o<\/figcaption><\/figure>\n\n\n\n<figure class=\"wp-block-image\"><img src=\"https:\/\/static.cdn.pleno.news\/2024\/05\/WhatsApp-Image-2024-05-21-at-23.26.58-2-768x513.jpeg\" alt=\"Fotos: Rafaela Luiz, Victor Le\u00e3o, Roberto Casrineiras, Juan Fernandez e Pedro Flausino\/Divulga\u00e7\u00e3o\" title=\"Fotos: Rafaela Luiz, Victor Le\u00e3o, Roberto Casrineiras, Juan Fernandez e Pedro Flausino\/Divulga\u00e7\u00e3o\"\/><figcaption>Fotos: Rafaela Luiz, Victor Le\u00e3o, Roberto Casrineiras, Juan Fernandez e Pedro Flausino\/Divulga\u00e7\u00e3o<\/figcaption><\/figure>\n\n\n\n<figure class=\"wp-block-image\"><img src=\"https:\/\/static.cdn.pleno.news\/2024\/05\/WhatsApp-Image-2024-05-21-at-23.26.58-1-768x513.jpeg\" alt=\"Fotos: Rafaela Luiz, Victor Le\u00e3o, Roberto Casrineiras, Juan Fernandez e Pedro Flausino\/Divulga\u00e7\u00e3o\" title=\"Fotos: Rafaela Luiz, Victor Le\u00e3o, Roberto Casrineiras, Juan Fernandez e Pedro Flausino\/Divulga\u00e7\u00e3o\"\/><figcaption>Fotos: Rafaela Luiz, Victor Le\u00e3o, Roberto Casrineiras, Juan Fernandez e Pedro Flausino\/Divulga\u00e7\u00e3o<\/figcaption><\/figure>\n\n\n\n<figure class=\"wp-block-image\"><img src=\"https:\/\/static.cdn.pleno.news\/2024\/05\/WhatsApp-Image-2024-05-21-at-23.26.58-768x619.jpeg\" alt=\"Fotos: Rafaela Luiz, Victor Le\u00e3o, Roberto Casrineiras, Juan Fernandez e Pedro Flausino\/Divulga\u00e7\u00e3o\" title=\"Fotos: Rafaela Luiz, Victor Le\u00e3o, Roberto Casrineiras, Juan Fernandez e Pedro Flausino\/Divulga\u00e7\u00e3o\"\/><figcaption>Fotos: Rafaela Luiz, Victor Le\u00e3o, Roberto Casrineiras, Juan Fernandez e Pedro Flausino\/Divulga\u00e7\u00e3o<\/figcaption><\/figure>\n\n\n\n<figure class=\"wp-block-image\"><img src=\"https:\/\/static.cdn.pleno.news\/2024\/05\/WhatsApp-Image-2024-05-21-at-23.26.57-768x601.jpeg\" alt=\"Fotos: Rafaela Luiz, Victor Le\u00e3o, Roberto Casrineiras, Juan Fernandez e Pedro Flausino\/Divulga\u00e7\u00e3o\" title=\"Fotos: Rafaela Luiz, Victor Le\u00e3o, Roberto Casrineiras, Juan Fernandez e Pedro Flausino\/Divulga\u00e7\u00e3o\"\/><figcaption>Fotos: Rafaela Luiz, Victor Le\u00e3o, Roberto Casrineiras, Juan Fernandez e Pedro Flausino\/Divulga\u00e7\u00e3o<\/figcaption><\/figure>\n\n\n\n<ul><li>17&nbsp;de 29<\/li><\/ul>\n\n\n\n<p><\/p>\n","protected":false},"excerpt":{"rendered":"<p>Os vencedores do Trof\u00e9u Rede Gospel foram revelados, nesta ter\u00e7a-feira (21), em um evento de gala realizado pela Igreja Renascer no Theatro Municipal de S\u00e3o Paulo. Pastores, cantores e profissionais envolvidos com o mundo gospel estiveram presentes para acompanhar a primeira edi\u00e7\u00e3o da premia\u00e7\u00e3o. A cantora Sarah Faria foi uma das vencedoras da noite, ela [&hellip;]<\/p>\n","protected":false},"author":2,"featured_media":19661,"comment_status":"open","ping_status":"open","sticky":false,"template":"","format":"standard","meta":[],"categories":[12,5],"tags":[],"_links":{"self":[{"href":"https:\/\/dgospel.com.br\/portal\/index.php\/wp-json\/wp\/v2\/posts\/19660"}],"collection":[{"href":"https:\/\/dgospel.com.br\/portal\/index.php\/wp-json\/wp\/v2\/posts"}],"about":[{"href":"https:\/\/dgospel.com.br\/portal\/index.php\/wp-json\/wp\/v2\/types\/post"}],"author":[{"embeddable":true,"href":"https:\/\/dgospel.com.br\/portal\/index.php\/wp-json\/wp\/v2\/users\/2"}],"replies":[{"embeddable":true,"href":"https:\/\/dgospel.com.br\/portal\/index.php\/wp-json\/wp\/v2\/comments?post=19660"}],"version-history":[{"count":1,"href":"https:\/\/dgospel.com.br\/portal\/index.php\/wp-json\/wp\/v2\/posts\/19660\/revisions"}],"predecessor-version":[{"id":19662,"href":"https:\/\/dgospel.com.br\/portal\/index.php\/wp-json\/wp\/v2\/posts\/19660\/revisions\/19662"}],"wp:featuredmedia":[{"embeddable":true,"href":"https:\/\/dgospel.com.br\/portal\/index.php\/wp-json\/wp\/v2\/media\/19661"}],"wp:attachment":[{"href":"https:\/\/dgospel.com.br\/portal\/index.php\/wp-json\/wp\/v2\/media?parent=19660"}],"wp:term":[{"taxonomy":"category","embeddable":true,"href":"https:\/\/dgospel.com.br\/portal\/index.php\/wp-json\/wp\/v2\/categories?post=19660"},{"taxonomy":"post_tag","embeddable":true,"href":"https:\/\/dgospel.com.br\/portal\/index.php\/wp-json\/wp\/v2\/tags?post=19660"}],"curies":[{"name":"wp","href":"https:\/\/api.w.org\/{rel}","templated":true}]}}