{"id":19663,"date":"2024-05-22T22:07:00","date_gmt":"2024-05-23T01:07:00","guid":{"rendered":"https:\/\/dgospel.com.br\/portal\/?p=19663"},"modified":"2024-05-22T22:07:01","modified_gmt":"2024-05-23T01:07:01","slug":"governo-do-tocantins-inicia-implantacao-do-novo-sistema-de-dados-que-vai-modernizar-processo-de-identificacao-na-seguranca-publica-do-estado","status":"publish","type":"post","link":"https:\/\/dgospel.com.br\/portal\/index.php\/2024\/05\/22\/governo-do-tocantins-inicia-implantacao-do-novo-sistema-de-dados-que-vai-modernizar-processo-de-identificacao-na-seguranca-publica-do-estado\/","title":{"rendered":"Governo do Tocantins inicia implanta\u00e7\u00e3o do novo sistema de dados que vai modernizar processo de identifica\u00e7\u00e3o na Seguran\u00e7a P\u00fablica do Estado"},"content":{"rendered":"\n<p>O Governo do Tocantins, por meio do Instituto de Identifica\u00e7\u00e3o, recebeu nessa ter\u00e7a-feira, 21, o cont\u00eainer que ir\u00e1 abrigar o data center da Secretaria de Estado da Seguran\u00e7a P\u00fablica (SSP\/TO). J\u00e1 em fase final de implementa\u00e7\u00e3o, o data center de padr\u00e3o&nbsp;<em>Tier III&nbsp;<\/em>\u00e9 projetado para abrigar todos os dados essenciais para o sistema da SSP\/TO. Nele, ser\u00e1 instalado o banco de dados do Sistema Automatizado de Identifica\u00e7\u00e3o Biom\u00e9trica (Abis), que promete dar mais qualidade aos servi\u00e7os prestados pela Seguran\u00e7a P\u00fablica, por meio dos Institutos de Identifica\u00e7\u00e3o.<\/p>\n\n\n\n<p>Uma das fases deste projeto \u00e9 a digitaliza\u00e7\u00e3o de fichas de identifica\u00e7\u00e3o civil e criminal de todo o Estado. At\u00e9 o momento, 2,3 milh\u00f5es desses documentos j\u00e1 foram digitalizados e ser\u00e3o armazenados no data center, facilitando o acesso e a consulta de dados de forma mais \u00e1gil e segura.<\/p>\n\n\n\n<p>De acordo com o secret\u00e1rio de Estado da Seguran\u00e7a P\u00fablica do Tocantins, Wlademir Mota Oliveira, a digitaliza\u00e7\u00e3o e a armazenagem desses documentos se torna de extrema import\u00e2ncia, pois o Instituto de Identifica\u00e7\u00e3o gerencia um banco de dados que cont\u00e9m imagens da face, impress\u00f5es digitais e assinaturas de todas as pessoas que solicitaram carteira de identidade, bem como fragmentos de impress\u00f5es digitais provindas de locais de crimes e um acervo contendo as informa\u00e7\u00f5es sobre&nbsp; suspeitos de praticar atos il\u00edcitos no Tocantins.<\/p>\n\n\n\n<p>\u201cO novo data center ser\u00e1 o \u00fanico da Regi\u00e3o Norte com certifica\u00e7\u00e3o&nbsp;<em>Tier III<\/em>, um reconhecimento de seu alto padr\u00e3o de seguran\u00e7a e efici\u00eancia operacional. O banco de dados destaca a infraestrutura tecnol\u00f3gica do Tocantins, mas tamb\u00e9m coloca o Estado como uma refer\u00eancia, sendo o primeiro a implementar um banco desse porte na Regi\u00e3o Norte. Esse avan\u00e7o tecnol\u00f3gico promete transformar a Seguran\u00e7a P\u00fablica, proporcionando uma infraestrutura robusta e confi\u00e1vel para abrigar os dados. Por isso, agradecemos ao governador Wanderlei Barbosa, \u00e0 Bancada Federal do Tocantins, em nome da senadora Dorinha, e ao Minist\u00e9rio da Justi\u00e7a pelos recursos que v\u00e3o fazer acontecer esse grande avan\u00e7o\u201d, afirma o secret\u00e1rio.<\/p>\n\n\n\n<p>A diretora do Instituto de Identifica\u00e7\u00e3o, Elaine Monteiro Tonon, explica que haver\u00e1 um treinamento intensivo com os servidores que ir\u00e3o operar o novo data center. \u201cEste treinamento \u00e9 crucial para garantir que os profissionais estejam preparados para lidar com a complexidade e as especifica\u00e7\u00f5es t\u00e9cnicas do sistema. O data center ir\u00e1 integrar tanto os sistemas de seguran\u00e7a civil quanto criminal, assegurando uma gest\u00e3o mais eficiente das informa\u00e7\u00f5es\u201d, destaca.<\/p>\n\n\n\n<p>A previs\u00e3o \u00e9 que o novo sistema passe a funcionar ainda neste semestre.<\/p>\n\n\n\n<p><strong>Fun\u00e7\u00f5es<\/strong><\/p>\n\n\n\n<p>Dentre as fun\u00e7\u00f5es do sistema est\u00e3o fortalecer o processo de identifica\u00e7\u00e3o civil, resultando em um melhor atendimento \u00e0 popula\u00e7\u00e3o, com agilidade e seguran\u00e7a na emiss\u00e3o da carteira de identidade; potencializar a capacidade investigativa e o \u00edndice de resolu\u00e7\u00e3o de crimes; e possibilitar a integra\u00e7\u00e3o e a verifica\u00e7\u00e3o de indiv\u00edduos, por meio de compara\u00e7\u00f5es biom\u00e9tricas com as diversas bases j\u00e1 existentes nos estados, bem como na Pol\u00edcia Federal.&nbsp;<\/p>\n\n\n\n<p>Al\u00e9m disso, possibilitar\u00e1 a amplia\u00e7\u00e3o dos registros no banco de dados, abrangendo os cadastros dos visitantes do sistema carcer\u00e1rio e dos servidores com carteiras funcionais a serem emitidas pela SSP\/TO; a amplia\u00e7\u00e3o do acesso e da utiliza\u00e7\u00e3o do banco de dados pelos agentes da Secretaria; o maior controle e seguran\u00e7a nos locais de acesso restrito; a obten\u00e7\u00e3o de imagens para inclus\u00e3o nos laudos e captura de imagens de vest\u00edgios para fins de pesquisa forense; o fornecimento de servi\u00e7o de confer\u00eancia multibiom\u00e9trica mais seguro.<\/p>\n\n\n\n<p>No Tocantins, o Instituto de Identifica\u00e7\u00e3o \u00e9 respons\u00e1vel por emitir o documento de identidade, armazenar informa\u00e7\u00f5es e gerenciar estat\u00edsticas criminais (inqu\u00e9ritos policiais e a\u00e7\u00f5es penais), prisionais, funcionais, bem como realizar per\u00edcias papilosc\u00f3picas, necropapilosc\u00f3picas, prosopogr\u00e1ficas, retratos falados e proje\u00e7\u00f5es de imagens. Com o data center em pleno funcionamento, a Seguran\u00e7a P\u00fablica do Tocantins contar\u00e1 com um suporte tecnol\u00f3gico de ponta.&nbsp;<\/p>\n\n\n\n<p><strong>Recursos<\/strong><\/p>\n\n\n\n<p>O valor do investimento na contrata\u00e7\u00e3o do sistema \u00e9 de R$ 15.832.290,00. Os recursos s\u00e3o oriundos de conv\u00eanio via Secretaria Nacional de Seguran\u00e7a P\u00fablica (Senasp) do Minist\u00e9rio da Justi\u00e7a.<\/p>\n\n\n\n<p>No m\u00eas de abril do ano passado, o governador Wanderlei Barbosa esteve em audi\u00eancia com o ent\u00e3o ministro da Justi\u00e7a e Seguran\u00e7a P\u00fablica, Fl\u00e1vio Dino, para tratar da efetiva\u00e7\u00e3o de repasses vinculados ao Minist\u00e9rio, visando ao fortalecimento das institui\u00e7\u00f5es de Seguran\u00e7a P\u00fablica e contemplando o Tocantins com emenda no valor de R$ 20 milh\u00f5es.<\/p>\n\n\n\n<p>A Bancada Federal do Tocantins tamb\u00e9m deu importante contribui\u00e7\u00e3o para a aloca\u00e7\u00e3o do recurso. A coordenadora da Bancada, senadora Professora Dorinha, e o secret\u00e1rio de Representa\u00e7\u00e3o em Bras\u00edlia, Carlos Manzini, juntamente com o secret\u00e1rio Wlademir e a diretora do Instituto de Identifica\u00e7\u00e3o Elaine Monteiro Tonon, tamb\u00e9m participaram da reuni\u00e3o que visava \u00e1 libera\u00e7\u00e3o do recurso.<\/p>\n\n\n\n<p><img src=\"https:\/\/central.to.gov.br\/image\/378210?w=670&amp;h=383\"><\/p>\n\n\n\n<p>Previs\u00e3o \u00e9 de que o novo sistema passe a funcionar ainda neste semestre &#8211; Jodacy Filho\/Governo do Tocantins<\/p>\n","protected":false},"excerpt":{"rendered":"<p>O Governo do Tocantins, por meio do Instituto de Identifica\u00e7\u00e3o, recebeu nessa ter\u00e7a-feira, 21, o cont\u00eainer que ir\u00e1 abrigar o data center da Secretaria de Estado da Seguran\u00e7a P\u00fablica (SSP\/TO). J\u00e1 em fase final de implementa\u00e7\u00e3o, o data center de padr\u00e3o&nbsp;Tier III&nbsp;\u00e9 projetado para abrigar todos os dados essenciais para o sistema da SSP\/TO. Nele, [&hellip;]<\/p>\n","protected":false},"author":2,"featured_media":19664,"comment_status":"open","ping_status":"open","sticky":false,"template":"","format":"standard","meta":[],"categories":[3],"tags":[13],"_links":{"self":[{"href":"https:\/\/dgospel.com.br\/portal\/index.php\/wp-json\/wp\/v2\/posts\/19663"}],"collection":[{"href":"https:\/\/dgospel.com.br\/portal\/index.php\/wp-json\/wp\/v2\/posts"}],"about":[{"href":"https:\/\/dgospel.com.br\/portal\/index.php\/wp-json\/wp\/v2\/types\/post"}],"author":[{"embeddable":true,"href":"https:\/\/dgospel.com.br\/portal\/index.php\/wp-json\/wp\/v2\/users\/2"}],"replies":[{"embeddable":true,"href":"https:\/\/dgospel.com.br\/portal\/index.php\/wp-json\/wp\/v2\/comments?post=19663"}],"version-history":[{"count":1,"href":"https:\/\/dgospel.com.br\/portal\/index.php\/wp-json\/wp\/v2\/posts\/19663\/revisions"}],"predecessor-version":[{"id":19665,"href":"https:\/\/dgospel.com.br\/portal\/index.php\/wp-json\/wp\/v2\/posts\/19663\/revisions\/19665"}],"wp:featuredmedia":[{"embeddable":true,"href":"https:\/\/dgospel.com.br\/portal\/index.php\/wp-json\/wp\/v2\/media\/19664"}],"wp:attachment":[{"href":"https:\/\/dgospel.com.br\/portal\/index.php\/wp-json\/wp\/v2\/media?parent=19663"}],"wp:term":[{"taxonomy":"category","embeddable":true,"href":"https:\/\/dgospel.com.br\/portal\/index.php\/wp-json\/wp\/v2\/categories?post=19663"},{"taxonomy":"post_tag","embeddable":true,"href":"https:\/\/dgospel.com.br\/portal\/index.php\/wp-json\/wp\/v2\/tags?post=19663"}],"curies":[{"name":"wp","href":"https:\/\/api.w.org\/{rel}","templated":true}]}}