{"id":19669,"date":"2024-05-22T22:14:44","date_gmt":"2024-05-23T01:14:44","guid":{"rendered":"https:\/\/dgospel.com.br\/portal\/?p=19669"},"modified":"2024-05-22T22:14:45","modified_gmt":"2024-05-23T01:14:45","slug":"governo-do-tocantins-investe-mais-de-r-2-milhoes-no-itertins-para-o-avanco-da-regularizacao-fundiaria-no-estado","status":"publish","type":"post","link":"https:\/\/dgospel.com.br\/portal\/index.php\/2024\/05\/22\/governo-do-tocantins-investe-mais-de-r-2-milhoes-no-itertins-para-o-avanco-da-regularizacao-fundiaria-no-estado\/","title":{"rendered":"Governo do Tocantins investe mais de R$ 2 milh\u00f5es no Itertins para o avan\u00e7o da regulariza\u00e7\u00e3o fundi\u00e1ria no Estado"},"content":{"rendered":"\n<p>Com a proximidade do anivers\u00e1rio do Instituto de Terras do Tocantins (Itertins), que completar\u00e1 35 anos de forte atua\u00e7\u00e3o no Estado, o governador Wanderlei Barbosa anunciou nesta quarta-feira, 22, o investimento de R$ 2,2 milh\u00f5es para a reforma do Itertins, localizado na Quadra 302 Norte, consolidando o trabalho em prol da regulariza\u00e7\u00e3o fundi\u00e1ria no Tocantins.&nbsp;&nbsp;<\/p>\n\n\n\n<p>\u201cPara termos um Estado organizado, precisamos dar seguran\u00e7a jur\u00eddica ao nosso povo. O investimento no Itertins nos permite fazer a regulariza\u00e7\u00e3o fundi\u00e1ria de tantos hectares al\u00e9m dos que j\u00e1 fizemos. Quase 200 mil hectares no Estado j\u00e1 foram regularizados e as pessoas receberam os seus t\u00edtulos\u201d, anunciou o governador Wanderlei Barbosa.<\/p>\n\n\n\n<p>Para o presidente do Itertins, Robson Figueiredo, o investimento resultar\u00e1 na melhoria significativa do servi\u00e7o prestado. &#8220;Estamos aqui anunciando mais um investimento do Governo do Tocantins para o Instituto, ser\u00e3o mais de R$ 2,2 milh\u00f5es investidos. Al\u00e9m da reforma em 100% do pr\u00e9dio, j\u00e1 foi realizada a troca de todos os computadores e os notebooks. \u00c9 esse investimento que o Estado precisa que a regulariza\u00e7\u00e3o fundi\u00e1ria avance&#8221;, pontuou.<\/p>\n\n\n\n<p><strong>Seguran\u00e7a jur\u00eddica<\/strong><\/p>\n\n\n\n<p>Destacando a regulariza\u00e7\u00e3o fundi\u00e1ria como uma de suas bandeiras, o governador Wanderlei Barbosa j\u00e1 regularizou quase 200 mil hectares de \u00e1reas rurais, beneficiando mais de 1.600 fam\u00edlias em todo o Tocantins.<\/p>\n\n\n\n<p><img src=\"https:\/\/central.to.gov.br\/image\/378343?w=670&amp;h=383\"><\/p>\n\n\n\n<p>Governador Wanderlei Barbosa (acompanhado do presidente do Itertins, Robson Figueiredo) anunciou nesta quarta-feira, 22, o investimento de R$ 2,2 milh\u00f5es para a reforma do Instituto &#8211; Divulga\u00e7\u00e3o\/Governo do Tocantins<\/p>\n","protected":false},"excerpt":{"rendered":"<p>Com a proximidade do anivers\u00e1rio do Instituto de Terras do Tocantins (Itertins), que completar\u00e1 35 anos de forte atua\u00e7\u00e3o no Estado, o governador Wanderlei Barbosa anunciou nesta quarta-feira, 22, o investimento de R$ 2,2 milh\u00f5es para a reforma do Itertins, localizado na Quadra 302 Norte, consolidando o trabalho em prol da regulariza\u00e7\u00e3o fundi\u00e1ria no Tocantins.&nbsp;&nbsp; [&hellip;]<\/p>\n","protected":false},"author":2,"featured_media":19670,"comment_status":"open","ping_status":"open","sticky":false,"template":"","format":"standard","meta":[],"categories":[3],"tags":[13],"_links":{"self":[{"href":"https:\/\/dgospel.com.br\/portal\/index.php\/wp-json\/wp\/v2\/posts\/19669"}],"collection":[{"href":"https:\/\/dgospel.com.br\/portal\/index.php\/wp-json\/wp\/v2\/posts"}],"about":[{"href":"https:\/\/dgospel.com.br\/portal\/index.php\/wp-json\/wp\/v2\/types\/post"}],"author":[{"embeddable":true,"href":"https:\/\/dgospel.com.br\/portal\/index.php\/wp-json\/wp\/v2\/users\/2"}],"replies":[{"embeddable":true,"href":"https:\/\/dgospel.com.br\/portal\/index.php\/wp-json\/wp\/v2\/comments?post=19669"}],"version-history":[{"count":1,"href":"https:\/\/dgospel.com.br\/portal\/index.php\/wp-json\/wp\/v2\/posts\/19669\/revisions"}],"predecessor-version":[{"id":19671,"href":"https:\/\/dgospel.com.br\/portal\/index.php\/wp-json\/wp\/v2\/posts\/19669\/revisions\/19671"}],"wp:featuredmedia":[{"embeddable":true,"href":"https:\/\/dgospel.com.br\/portal\/index.php\/wp-json\/wp\/v2\/media\/19670"}],"wp:attachment":[{"href":"https:\/\/dgospel.com.br\/portal\/index.php\/wp-json\/wp\/v2\/media?parent=19669"}],"wp:term":[{"taxonomy":"category","embeddable":true,"href":"https:\/\/dgospel.com.br\/portal\/index.php\/wp-json\/wp\/v2\/categories?post=19669"},{"taxonomy":"post_tag","embeddable":true,"href":"https:\/\/dgospel.com.br\/portal\/index.php\/wp-json\/wp\/v2\/tags?post=19669"}],"curies":[{"name":"wp","href":"https:\/\/api.w.org\/{rel}","templated":true}]}}