{"id":19672,"date":"2024-05-22T22:18:52","date_gmt":"2024-05-23T01:18:52","guid":{"rendered":"https:\/\/dgospel.com.br\/portal\/?p=19672"},"modified":"2024-05-22T22:18:53","modified_gmt":"2024-05-23T01:18:53","slug":"policiais-penais-do-tocantins-atuam-em-acoes-humanitarias-no-rio-grande-do-sul-dentro-e-fora-do-sistema-penitenciario","status":"publish","type":"post","link":"https:\/\/dgospel.com.br\/portal\/index.php\/2024\/05\/22\/policiais-penais-do-tocantins-atuam-em-acoes-humanitarias-no-rio-grande-do-sul-dentro-e-fora-do-sistema-penitenciario\/","title":{"rendered":"Policiais penais do Tocantins atuam em a\u00e7\u00f5es humanit\u00e1rias no Rio Grande do Sul, dentro e fora do sistema penitenci\u00e1rio"},"content":{"rendered":"\n<p>Diante da necessidade do emprego r\u00e1pido de a\u00e7\u00f5es que contribuam com o resgate, o aux\u00edlio e o acompanhamento das v\u00edtimas atingidas pelas enchentes e pelas fortes chuvas registradas nos \u00faltimos dias no Rio Grande do Sul, policiais penais do Tocantins, que integram a For\u00e7a Penal Nacional (FPN), est\u00e3o atuando em a\u00e7\u00f5es humanit\u00e1rias no estado ga\u00facho.<\/p>\n\n\n\n<p>Os quatro policiais penais, dois do N\u00facleo de Opera\u00e7\u00f5es com C\u00e3es (NOC), um do Grupo de Opera\u00e7\u00f5es Penitenci\u00e1rias Especiais (Gope) e outro lotado na Unidade Penal Regional (UPR) de Palmas, coordenados pela Secretaria Nacional de Pol\u00edticas Penais (Senappen), fazem parte do grupo de mais de mil servidores encaminhados pelo Minist\u00e9rio da Justi\u00e7a e Seguran\u00e7a P\u00fablica (MJSP), ao Rio Grande do Sul.<br><br>No total, a FPN conta, no estado ga\u00facho, com uma equipe composta por 16 pessoas. S\u00e3o 10 policiais penais, entre eles os quatro tocantinenses, cinco policiais penais federais e uma profissional de enfermagem.<br><br>Um dos policiais penais do Tocantins, Kelme Mour\u00e3o da Costa, que possui experi\u00eancia militar em atua\u00e7\u00e3o m\u00e9dica, contou que tem auxiliado na triagem de presos que precisam de atendimento.<br><br>\u201cEstamos ajudando no servi\u00e7o carcer\u00e1rio, porque com as inunda\u00e7\u00f5es alguns colegas n\u00e3o conseguem sair das unidades. Tamb\u00e9m j\u00e1 fomos a Porto Alegre buscar suprimentos, materiais de higiene pessoal, material de limpeza e medica\u00e7\u00e3o. Eu que era da \u00e1rea da sa\u00fade no Ex\u00e9rcito, estou ajudando a enfermeira da equipe a fazer a triagem de todos os presos, pois, em algumas unidades penais, os presos tiveram contato com \u00e1gua contaminada\u201d, afirmou o servidor.<br><br>Al\u00e9m disso, os policiais estiveram na \u00faltima quarta-feira, 15, nos munic\u00edpios ga\u00fachos de Lajeado e Candel\u00e1ria, dando suporte no transporte de mantimentos que ser\u00e3o entregues \u00e0s pessoas atingidas pela cat\u00e1strofe ambiental.<br><br>A for\u00e7a-tarefa enviada pelo Minist\u00e9rio, para aux\u00edlio nas a\u00e7\u00f5es emergenciais realizadas no estado ga\u00facho, conta al\u00e9m dos agentes da FPN, com profissionais da Pol\u00edcia Federal (PF) e da Pol\u00edcia Rodovi\u00e1ria Federal (PRF).<\/p>\n\n\n\n<p><img src=\"https:\/\/central.to.gov.br\/image\/378403?w=670&amp;h=383\"><\/p>\n\n\n\n<p>Servidores integram a For\u00e7a Penal Nacional, que tem atuado em unidades penais do Rio Grande do Sul &#8211; Seciju\/Governo do Tocantins\u00a0<\/p>\n","protected":false},"excerpt":{"rendered":"<p>Diante da necessidade do emprego r\u00e1pido de a\u00e7\u00f5es que contribuam com o resgate, o aux\u00edlio e o acompanhamento das v\u00edtimas atingidas pelas enchentes e pelas fortes chuvas registradas nos \u00faltimos dias no Rio Grande do Sul, policiais penais do Tocantins, que integram a For\u00e7a Penal Nacional (FPN), est\u00e3o atuando em a\u00e7\u00f5es humanit\u00e1rias no estado ga\u00facho. [&hellip;]<\/p>\n","protected":false},"author":2,"featured_media":19673,"comment_status":"open","ping_status":"open","sticky":false,"template":"","format":"standard","meta":[],"categories":[3],"tags":[13],"_links":{"self":[{"href":"https:\/\/dgospel.com.br\/portal\/index.php\/wp-json\/wp\/v2\/posts\/19672"}],"collection":[{"href":"https:\/\/dgospel.com.br\/portal\/index.php\/wp-json\/wp\/v2\/posts"}],"about":[{"href":"https:\/\/dgospel.com.br\/portal\/index.php\/wp-json\/wp\/v2\/types\/post"}],"author":[{"embeddable":true,"href":"https:\/\/dgospel.com.br\/portal\/index.php\/wp-json\/wp\/v2\/users\/2"}],"replies":[{"embeddable":true,"href":"https:\/\/dgospel.com.br\/portal\/index.php\/wp-json\/wp\/v2\/comments?post=19672"}],"version-history":[{"count":1,"href":"https:\/\/dgospel.com.br\/portal\/index.php\/wp-json\/wp\/v2\/posts\/19672\/revisions"}],"predecessor-version":[{"id":19674,"href":"https:\/\/dgospel.com.br\/portal\/index.php\/wp-json\/wp\/v2\/posts\/19672\/revisions\/19674"}],"wp:featuredmedia":[{"embeddable":true,"href":"https:\/\/dgospel.com.br\/portal\/index.php\/wp-json\/wp\/v2\/media\/19673"}],"wp:attachment":[{"href":"https:\/\/dgospel.com.br\/portal\/index.php\/wp-json\/wp\/v2\/media?parent=19672"}],"wp:term":[{"taxonomy":"category","embeddable":true,"href":"https:\/\/dgospel.com.br\/portal\/index.php\/wp-json\/wp\/v2\/categories?post=19672"},{"taxonomy":"post_tag","embeddable":true,"href":"https:\/\/dgospel.com.br\/portal\/index.php\/wp-json\/wp\/v2\/tags?post=19672"}],"curies":[{"name":"wp","href":"https:\/\/api.w.org\/{rel}","templated":true}]}}