{"id":19675,"date":"2024-05-22T22:30:09","date_gmt":"2024-05-23T01:30:09","guid":{"rendered":"https:\/\/dgospel.com.br\/portal\/?p=19675"},"modified":"2024-05-22T22:30:10","modified_gmt":"2024-05-23T01:30:10","slug":"camara-comissao-aprova-mocao-de-repudio-a-show-da-madonna","status":"publish","type":"post","link":"https:\/\/dgospel.com.br\/portal\/index.php\/2024\/05\/22\/camara-comissao-aprova-mocao-de-repudio-a-show-da-madonna\/","title":{"rendered":"C\u00e2mara: Comiss\u00e3o aprova mo\u00e7\u00e3o de rep\u00fadio a show da Madonna"},"content":{"rendered":"\n<p>Nesta quarta-feira (22), a Comiss\u00e3o de Previd\u00eancia, Assist\u00eancia Social, Inf\u00e2ncia, Adolesc\u00eancia e Fam\u00edlia da C\u00e2mara dos Deputados aprovou uma mo\u00e7\u00e3o de rep\u00fadio ao show da cantorra Madonna, realizado no Rio de Janeiro em 4 de maio. O pedido foi apresentado ao colegiado por deputados aliados ao ex-presidente Jair Bolsonaro.<\/p>\n\n\n\n<p>No pedido, os parlamentares afirma que o show, realizado na praia de Copacabana, promoveu \u201cvilip\u00eandio \u00e0 f\u00e9 da maioria da popula\u00e7\u00e3o brasileira, e do conte\u00fado nocivo apresentado, de forte vi\u00e9s er\u00f3tico\u201d.<\/p>\n\n\n\n<p>O requerimento \u00e9 dos deputados Chris Tonietto (PL-RJ), Cristiane Lopes (Uni\u00e3o-RO), Clarissa T\u00e9rcio (PP-PE), Dr. Allan Garc\u00eas (PP-MA) e Julia Zanatta (PL-SC). Al\u00e9m do show da Madonna, foram alvo de rep\u00fadio Anitta, Pabllo Vittar, o prefeito do Rio de Janeiro, Eduardo Paes (PSD), e o governador do estado, Claudio Castro (PL).<\/p>\n\n\n\n<p>\u2013 Em sua apresenta\u00e7\u00e3o, a referida cantora utilizou-se de s\u00edmbolos e elementos de ritos sat\u00e2nicos, em claro deboche \u00e0 religi\u00e3o crist\u00e3, majorit\u00e1ria em todo o territ\u00f3rio nacional. Ademais, o car\u00e1ter er\u00f3tico e de inspira\u00e7\u00e3o pornogr\u00e1fica de suas coreografias \u2013 que simulavam posi\u00e7\u00f5es sexuais e verdadeiras orgias no palco \u2013, al\u00e9m de torn\u00e1-las impr\u00f3prias \u00e0 audi\u00eancia mais jovem da apresenta\u00e7\u00e3o \u2013 que foi transmitida em rede nacional, sendo acompanhada por milh\u00f5es de brasileiros de todas as idades, inclusive crian\u00e7as \u2013, ofende gravemente os princ\u00edpios morais da maioria da popula\u00e7\u00e3o brasileira, e mesmo o m\u00ednimo padr\u00e3o de dec\u00eancia necess\u00e1rio a uma conviv\u00eancia social harmoniosa \u2013 apontaram os deputados no pedido.<\/p>\n","protected":false},"excerpt":{"rendered":"<p>Nesta quarta-feira (22), a Comiss\u00e3o de Previd\u00eancia, Assist\u00eancia Social, Inf\u00e2ncia, Adolesc\u00eancia e Fam\u00edlia da C\u00e2mara dos Deputados aprovou uma mo\u00e7\u00e3o de rep\u00fadio ao show da cantorra Madonna, realizado no Rio de Janeiro em 4 de maio. O pedido foi apresentado ao colegiado por deputados aliados ao ex-presidente Jair Bolsonaro. No pedido, os parlamentares afirma que [&hellip;]<\/p>\n","protected":false},"author":2,"featured_media":19676,"comment_status":"open","ping_status":"open","sticky":false,"template":"","format":"standard","meta":[],"categories":[8],"tags":[],"_links":{"self":[{"href":"https:\/\/dgospel.com.br\/portal\/index.php\/wp-json\/wp\/v2\/posts\/19675"}],"collection":[{"href":"https:\/\/dgospel.com.br\/portal\/index.php\/wp-json\/wp\/v2\/posts"}],"about":[{"href":"https:\/\/dgospel.com.br\/portal\/index.php\/wp-json\/wp\/v2\/types\/post"}],"author":[{"embeddable":true,"href":"https:\/\/dgospel.com.br\/portal\/index.php\/wp-json\/wp\/v2\/users\/2"}],"replies":[{"embeddable":true,"href":"https:\/\/dgospel.com.br\/portal\/index.php\/wp-json\/wp\/v2\/comments?post=19675"}],"version-history":[{"count":1,"href":"https:\/\/dgospel.com.br\/portal\/index.php\/wp-json\/wp\/v2\/posts\/19675\/revisions"}],"predecessor-version":[{"id":19677,"href":"https:\/\/dgospel.com.br\/portal\/index.php\/wp-json\/wp\/v2\/posts\/19675\/revisions\/19677"}],"wp:featuredmedia":[{"embeddable":true,"href":"https:\/\/dgospel.com.br\/portal\/index.php\/wp-json\/wp\/v2\/media\/19676"}],"wp:attachment":[{"href":"https:\/\/dgospel.com.br\/portal\/index.php\/wp-json\/wp\/v2\/media?parent=19675"}],"wp:term":[{"taxonomy":"category","embeddable":true,"href":"https:\/\/dgospel.com.br\/portal\/index.php\/wp-json\/wp\/v2\/categories?post=19675"},{"taxonomy":"post_tag","embeddable":true,"href":"https:\/\/dgospel.com.br\/portal\/index.php\/wp-json\/wp\/v2\/tags?post=19675"}],"curies":[{"name":"wp","href":"https:\/\/api.w.org\/{rel}","templated":true}]}}