{"id":19693,"date":"2024-05-23T17:39:30","date_gmt":"2024-05-23T20:39:30","guid":{"rendered":"https:\/\/dgospel.com.br\/portal\/?p=19693"},"modified":"2024-05-23T17:39:31","modified_gmt":"2024-05-23T20:39:31","slug":"carreta-enviada-por-igreja-ao-rs-ja-doou-8-mil-refeicoes-e-lavou-14-mil-kg-de-roupas","status":"publish","type":"post","link":"https:\/\/dgospel.com.br\/portal\/index.php\/2024\/05\/23\/carreta-enviada-por-igreja-ao-rs-ja-doou-8-mil-refeicoes-e-lavou-14-mil-kg-de-roupas\/","title":{"rendered":"Carreta enviada por igreja ao RS j\u00e1 doou 8 mil refei\u00e7\u00f5es e lavou 14 mil kg de roupas"},"content":{"rendered":"\n<p>Assim que as enchentes come\u00e7aram a devastar o Rio Grande do Sul, a&nbsp;<strong><a href=\"https:\/\/guiame.com.br\/gospel\/missoes-acao-social\/carreta-de-igreja-doa-mais-de-10-mil-marmitas-afetados-pelas-tempestades-no-pr.html\">carreta solid\u00e1ria<\/a><\/strong>&nbsp;da Ag\u00eancia Adventista de Desenvolvimento e Recursos Assistenciais (ADRA) foi enviada ao estado para ajudar os moradores atingidos.<\/p>\n\n\n\n<p>O ve\u00edculo, que serve em crises humanit\u00e1rias, \u00e9 equipado para preparar refei\u00e7\u00f5es quentes e lavar roupas.<\/p>\n\n\n\n<p>A carreta&nbsp;<strong><a href=\"https:\/\/guiame.com.br\/gospel\/missoes-acao-social\/igreja-envia-carreta-ao-rs-para-fazer-refeicoes-e-lavagem-de-roupas.html\">chegou ao RS<\/a><\/strong>&nbsp;no dia 5 de maio e passou pelas cidades de S\u00e3o Leopoldo, Igrejinha, Canoas e, agora, est\u00e1 em Porto Alegre, ajudando os moradores acolhidos em&nbsp;<strong><a href=\"https:\/\/guiame.com.br\/gospel\/missoes-acao-social\/igreja-distribui-500-novos-testamentos-e-evangeliza-em-abrigos-no-rs.html\">abrigos<\/a><\/strong>.<\/p>\n\n\n\n<p>Com uma equipe formada por 8 especialistas em emerg\u00eancias e 210 volunt\u00e1rios, a carreta solid\u00e1ria j\u00e1 entregou 8.640 refei\u00e7\u00f5es quentes e 14.240 quilos de roupa lavada nas cidades atendidas.<\/p>\n\n\n\n<p>Al\u00e9m disso, em parceria com empresas e institui\u00e7\u00f5es, a ADRA entregou 3.811 litros de \u00e1gua, 24.715 pe\u00e7as de roupa, 4.408 cestas b\u00e1sicas e 3.241 kits de higiene.<\/p>\n\n\n\n<p><strong>Gest\u00e3o de abrigos<\/strong><\/p>\n\n\n\n<p>Al\u00e9m disso, em parceria com a Secretaria Municipal de Desenvolvimento Social, a equipe da ADRA realizar\u00e1 a gest\u00e3o dos abrigos que est\u00e3o recebendo pessoas desalojadas em Porto Alegre.<\/p>\n\n\n\n<p>A ADRA iniciou uma campanha de doa\u00e7\u00e3o nacional atrav\u00e9s de seu pix sos@adra.org.br.<\/p>\n\n\n\n<p>\u201cO objetivo \u00e9 oferecer vouchers multiprop\u00f3sito \u00e0s fam\u00edlias para que possam comprar alimentos, itens de higiene, itens de limpeza e at\u00e9 utens\u00edlios para o lar, ajuda que acreditamos ser fundamental nesse primeiro momento da resposta\u201d, explicou o coordenador de Emerg\u00eancias da ADRA Brasil, Andr\u00e9 Alencar.<\/p>\n\n\n\n<p><strong>Trag\u00e9dia no RS<\/strong><\/p>\n\n\n\n<p>Segundo o \u00faltimo boletim da Defesa Civil, 157 pessoas morreram, 806 ficaram feridas e 88 moradores ainda est\u00e3o desaparecidos devido \u00e0s inunda\u00e7\u00f5es.&nbsp;<\/p>\n\n\n\n<p>Mais de 600 mil ga\u00fachos est\u00e3o desabrigados em 461 cidades atingidas. No total, mais de 2 milh\u00f5es de pessoas foram afetadas pelas fortes chuvas. A popula\u00e7\u00e3o ainda enfrenta a falta de \u00e1gua, energia el\u00e9trica e sinal de internet.<\/p>\n","protected":false},"excerpt":{"rendered":"<p>Assim que as enchentes come\u00e7aram a devastar o Rio Grande do Sul, a&nbsp;carreta solid\u00e1ria&nbsp;da Ag\u00eancia Adventista de Desenvolvimento e Recursos Assistenciais (ADRA) foi enviada ao estado para ajudar os moradores atingidos. O ve\u00edculo, que serve em crises humanit\u00e1rias, \u00e9 equipado para preparar refei\u00e7\u00f5es quentes e lavar roupas. A carreta&nbsp;chegou ao RS&nbsp;no dia 5 de maio [&hellip;]<\/p>\n","protected":false},"author":2,"featured_media":19694,"comment_status":"open","ping_status":"open","sticky":false,"template":"","format":"standard","meta":[],"categories":[12,5],"tags":[],"_links":{"self":[{"href":"https:\/\/dgospel.com.br\/portal\/index.php\/wp-json\/wp\/v2\/posts\/19693"}],"collection":[{"href":"https:\/\/dgospel.com.br\/portal\/index.php\/wp-json\/wp\/v2\/posts"}],"about":[{"href":"https:\/\/dgospel.com.br\/portal\/index.php\/wp-json\/wp\/v2\/types\/post"}],"author":[{"embeddable":true,"href":"https:\/\/dgospel.com.br\/portal\/index.php\/wp-json\/wp\/v2\/users\/2"}],"replies":[{"embeddable":true,"href":"https:\/\/dgospel.com.br\/portal\/index.php\/wp-json\/wp\/v2\/comments?post=19693"}],"version-history":[{"count":1,"href":"https:\/\/dgospel.com.br\/portal\/index.php\/wp-json\/wp\/v2\/posts\/19693\/revisions"}],"predecessor-version":[{"id":19695,"href":"https:\/\/dgospel.com.br\/portal\/index.php\/wp-json\/wp\/v2\/posts\/19693\/revisions\/19695"}],"wp:featuredmedia":[{"embeddable":true,"href":"https:\/\/dgospel.com.br\/portal\/index.php\/wp-json\/wp\/v2\/media\/19694"}],"wp:attachment":[{"href":"https:\/\/dgospel.com.br\/portal\/index.php\/wp-json\/wp\/v2\/media?parent=19693"}],"wp:term":[{"taxonomy":"category","embeddable":true,"href":"https:\/\/dgospel.com.br\/portal\/index.php\/wp-json\/wp\/v2\/categories?post=19693"},{"taxonomy":"post_tag","embeddable":true,"href":"https:\/\/dgospel.com.br\/portal\/index.php\/wp-json\/wp\/v2\/tags?post=19693"}],"curies":[{"name":"wp","href":"https:\/\/api.w.org\/{rel}","templated":true}]}}