{"id":19699,"date":"2024-05-24T21:41:45","date_gmt":"2024-05-25T00:41:45","guid":{"rendered":"https:\/\/dgospel.com.br\/portal\/?p=19699"},"modified":"2024-05-24T21:41:47","modified_gmt":"2024-05-25T00:41:47","slug":"tarcisio-recusa-convite-para-subir-ao-palanque-de-lula-em-sp","status":"publish","type":"post","link":"https:\/\/dgospel.com.br\/portal\/index.php\/2024\/05\/24\/tarcisio-recusa-convite-para-subir-ao-palanque-de-lula-em-sp\/","title":{"rendered":"Tarc\u00edsio recusa convite para subir ao palanque de Lula em SP"},"content":{"rendered":"\n<p>O governador de S\u00e3o Paulo, Tarc\u00edsio de Freitas (Republicanos), recusou o convite feito pelo presidente Lula (PT) para participar da cerim\u00f4nia de inaugura\u00e7\u00e3o de obras na rodovia Presidente Dutra, em Guarulhos (SP).<\/p>\n\n\n\n<p>A solenidade est\u00e1 marcada para este s\u00e1bado (25), \u00e0s 10h. O cerimonial contratado pelo governo federal convidou o governador de S\u00e3o Paulo para subir ao palanque de Lula e ministros de Estado.<\/p>\n\n\n\n<p>Ainda que ausente o governador do estado, Lula estar\u00e1 acompanhado por uma s\u00e9rie de autoridades. Entre elas estar\u00e3o o vice-presidente e ministro do Desenvolvimento, Ind\u00fastria, Com\u00e9rcio e Servi\u00e7os, Geraldo Alckmin, bem como ministros como Rui Costa, respons\u00e1vel pela Casa Civil, Renan Filho, encarregado dos Transportes, Jader Filho, \u00e0 frente das Cidades, Fernando Haddad, incumbido da Fazenda, Luiz Marinho, no comando do Trabalho e Emprego, M\u00e1rcio Fran\u00e7a, liderando a \u00e1rea de Empreendedorismo, Microempresa e Empresa de Pequeno Porte, Paulo Teixeira, \u00e0 frente do Desenvolvimento Agr\u00e1rio e Agricultura Familiar, e Alexandre Padilha, respons\u00e1vel pela Secretaria de Rela\u00e7\u00f5es Institucionais.<\/p>\n\n\n\n<p>O governo petista enfrenta problemas fiscais e caminha para uma crise or\u00e7ament\u00e1ria. Com a baixa aprova\u00e7\u00e3o de sua gest\u00e3o, Lula v\u00ea sua popularidade despencar e busca com urg\u00eancia medidas estrat\u00e9gicas para evitar a perda ainda maior de seu capital pol\u00edtico.<\/p>\n","protected":false},"excerpt":{"rendered":"<p>O governador de S\u00e3o Paulo, Tarc\u00edsio de Freitas (Republicanos), recusou o convite feito pelo presidente Lula (PT) para participar da cerim\u00f4nia de inaugura\u00e7\u00e3o de obras na rodovia Presidente Dutra, em Guarulhos (SP). A solenidade est\u00e1 marcada para este s\u00e1bado (25), \u00e0s 10h. O cerimonial contratado pelo governo federal convidou o governador de S\u00e3o Paulo para [&hellip;]<\/p>\n","protected":false},"author":2,"featured_media":19700,"comment_status":"open","ping_status":"open","sticky":false,"template":"","format":"standard","meta":[],"categories":[4],"tags":[],"_links":{"self":[{"href":"https:\/\/dgospel.com.br\/portal\/index.php\/wp-json\/wp\/v2\/posts\/19699"}],"collection":[{"href":"https:\/\/dgospel.com.br\/portal\/index.php\/wp-json\/wp\/v2\/posts"}],"about":[{"href":"https:\/\/dgospel.com.br\/portal\/index.php\/wp-json\/wp\/v2\/types\/post"}],"author":[{"embeddable":true,"href":"https:\/\/dgospel.com.br\/portal\/index.php\/wp-json\/wp\/v2\/users\/2"}],"replies":[{"embeddable":true,"href":"https:\/\/dgospel.com.br\/portal\/index.php\/wp-json\/wp\/v2\/comments?post=19699"}],"version-history":[{"count":1,"href":"https:\/\/dgospel.com.br\/portal\/index.php\/wp-json\/wp\/v2\/posts\/19699\/revisions"}],"predecessor-version":[{"id":19701,"href":"https:\/\/dgospel.com.br\/portal\/index.php\/wp-json\/wp\/v2\/posts\/19699\/revisions\/19701"}],"wp:featuredmedia":[{"embeddable":true,"href":"https:\/\/dgospel.com.br\/portal\/index.php\/wp-json\/wp\/v2\/media\/19700"}],"wp:attachment":[{"href":"https:\/\/dgospel.com.br\/portal\/index.php\/wp-json\/wp\/v2\/media?parent=19699"}],"wp:term":[{"taxonomy":"category","embeddable":true,"href":"https:\/\/dgospel.com.br\/portal\/index.php\/wp-json\/wp\/v2\/categories?post=19699"},{"taxonomy":"post_tag","embeddable":true,"href":"https:\/\/dgospel.com.br\/portal\/index.php\/wp-json\/wp\/v2\/tags?post=19699"}],"curies":[{"name":"wp","href":"https:\/\/api.w.org\/{rel}","templated":true}]}}