{"id":19705,"date":"2024-05-24T21:49:07","date_gmt":"2024-05-25T00:49:07","guid":{"rendered":"https:\/\/dgospel.com.br\/portal\/?p=19705"},"modified":"2024-05-24T21:49:08","modified_gmt":"2024-05-25T00:49:08","slug":"calamidade-no-rio-grande-do-sul-80-dos-gauchos-veem-responsabilidade-do-governo-federal-aponta-pesquisa","status":"publish","type":"post","link":"https:\/\/dgospel.com.br\/portal\/index.php\/2024\/05\/24\/calamidade-no-rio-grande-do-sul-80-dos-gauchos-veem-responsabilidade-do-governo-federal-aponta-pesquisa\/","title":{"rendered":"Calamidade no Rio Grande do Sul: 80% dos ga\u00fachos veem responsabilidade do governo federal, aponta pesquisa"},"content":{"rendered":"\n<p>Em meio \u00e0 calamidade no Rio Grande do Sul, uma pesquisa realizada pela AtlasIntel\/CNN revela que a maioria dos ga\u00fachos acredita que o governo federal tem alguma responsabilidade pela falta de preven\u00e7\u00e3o e gest\u00e3o ambiental. Os dados, coletados entre os dias 14 e 21 de maio, apresentam as seguintes percep\u00e7\u00f5es:<\/p>\n\n\n\n<ul><li><strong>51,4%<\/strong>&nbsp;dos entrevistados consideram que a administra\u00e7\u00e3o de Luiz In\u00e1cio Lula da Silva (PT) teve alguma culpa, mas n\u00e3o foi o fator determinante.<\/li><li><strong>29,9%<\/strong>&nbsp;atribuem grande culpa ao governo petista.<\/li><li><strong>18,6%<\/strong>&nbsp;n\u00e3o culpam a Uni\u00e3o pelo cen\u00e1rio.<\/li><\/ul>\n\n\n\n<p>A pesquisa tem uma margem de erro de 2,2 pontos percentuais para mais ou para menos.<\/p>\n\n\n\n<p>Entre os eleitores que votaram em Lula no segundo turno das elei\u00e7\u00f5es de 2022 no Rio Grande do Sul, as opini\u00f5es s\u00e3o as seguintes:<\/p>\n\n\n\n<ul><li><strong>53%<\/strong>&nbsp;afirmam que o governo federal teve alguma culpa, mas n\u00e3o foi decisivo.<\/li><li><strong>13%<\/strong>&nbsp;consideram que a culpa \u00e9 grande.<\/li><li><strong>34%<\/strong>&nbsp;entendem que a Uni\u00e3o n\u00e3o tem nenhuma responsabilidade na calamidade.<\/li><\/ul>\n\n\n\n<p>A percep\u00e7\u00e3o de responsabilidade do governo federal \u00e9 alta, mesmo entre os apoiadores de Lula, refletindo uma insatisfa\u00e7\u00e3o generalizada com a gest\u00e3o de crises ambientais no estado.<\/p>\n","protected":false},"excerpt":{"rendered":"<p>Em meio \u00e0 calamidade no Rio Grande do Sul, uma pesquisa realizada pela AtlasIntel\/CNN revela que a maioria dos ga\u00fachos acredita que o governo federal tem alguma responsabilidade pela falta de preven\u00e7\u00e3o e gest\u00e3o ambiental. Os dados, coletados entre os dias 14 e 21 de maio, apresentam as seguintes percep\u00e7\u00f5es: 51,4%&nbsp;dos entrevistados consideram que a [&hellip;]<\/p>\n","protected":false},"author":2,"featured_media":19706,"comment_status":"open","ping_status":"open","sticky":false,"template":"","format":"standard","meta":[],"categories":[10],"tags":[],"_links":{"self":[{"href":"https:\/\/dgospel.com.br\/portal\/index.php\/wp-json\/wp\/v2\/posts\/19705"}],"collection":[{"href":"https:\/\/dgospel.com.br\/portal\/index.php\/wp-json\/wp\/v2\/posts"}],"about":[{"href":"https:\/\/dgospel.com.br\/portal\/index.php\/wp-json\/wp\/v2\/types\/post"}],"author":[{"embeddable":true,"href":"https:\/\/dgospel.com.br\/portal\/index.php\/wp-json\/wp\/v2\/users\/2"}],"replies":[{"embeddable":true,"href":"https:\/\/dgospel.com.br\/portal\/index.php\/wp-json\/wp\/v2\/comments?post=19705"}],"version-history":[{"count":1,"href":"https:\/\/dgospel.com.br\/portal\/index.php\/wp-json\/wp\/v2\/posts\/19705\/revisions"}],"predecessor-version":[{"id":19707,"href":"https:\/\/dgospel.com.br\/portal\/index.php\/wp-json\/wp\/v2\/posts\/19705\/revisions\/19707"}],"wp:featuredmedia":[{"embeddable":true,"href":"https:\/\/dgospel.com.br\/portal\/index.php\/wp-json\/wp\/v2\/media\/19706"}],"wp:attachment":[{"href":"https:\/\/dgospel.com.br\/portal\/index.php\/wp-json\/wp\/v2\/media?parent=19705"}],"wp:term":[{"taxonomy":"category","embeddable":true,"href":"https:\/\/dgospel.com.br\/portal\/index.php\/wp-json\/wp\/v2\/categories?post=19705"},{"taxonomy":"post_tag","embeddable":true,"href":"https:\/\/dgospel.com.br\/portal\/index.php\/wp-json\/wp\/v2\/tags?post=19705"}],"curies":[{"name":"wp","href":"https:\/\/api.w.org\/{rel}","templated":true}]}}