{"id":19714,"date":"2024-05-28T22:29:23","date_gmt":"2024-05-29T01:29:23","guid":{"rendered":"https:\/\/dgospel.com.br\/portal\/?p=19714"},"modified":"2024-05-28T22:29:25","modified_gmt":"2024-05-29T01:29:25","slug":"tocantins-lidera-evolucao-da-alfabetizacao-de-criancas-no-brasil-segundo-dados-do-governo-federal","status":"publish","type":"post","link":"https:\/\/dgospel.com.br\/portal\/index.php\/2024\/05\/28\/tocantins-lidera-evolucao-da-alfabetizacao-de-criancas-no-brasil-segundo-dados-do-governo-federal\/","title":{"rendered":"Tocantins lidera evolu\u00e7\u00e3o da alfabetiza\u00e7\u00e3o de crian\u00e7as no Brasil, segundo dados do governo federal"},"content":{"rendered":"\n<p>O governador do Tocantins, Wanderlei Barbosa, participou nesta ter\u00e7a-feira, 28, no Pal\u00e1cio do Planalto, em Bras\u00edlia\/DF, da cerim\u00f4nia de divulga\u00e7\u00e3o de resultados parciais do&nbsp;<em>Compromisso Nacional Crian\u00e7a Alfabetizada<\/em>, um programa do governo federal que estabelece metas anuais para garantir o direito \u00e0 alfabetiza\u00e7\u00e3o a todas as crian\u00e7as do pa\u00eds, em regime de colabora\u00e7\u00e3o entre a Uni\u00e3o, os estados, o Distrito Federal e munic\u00edpios. &nbsp;<\/p>\n\n\n\n<p>O evento, que reuniu governadores e secret\u00e1rios estaduais de educa\u00e7\u00e3o de todo o pa\u00eds, contou com a presen\u00e7a do ministro da Educa\u00e7\u00e3o, Camilo Santana; e do presidente da Rep\u00fablica, Luiz In\u00e1cio Lula da Silva. O governador Wanderlei Barbosa estava acompanhado&nbsp;do secret\u00e1rio de Estado da Educa\u00e7\u00e3o, F\u00e1bio Vaz; e do secret\u00e1rio&nbsp;extraordin\u00e1rio de Representa\u00e7\u00e3o do Tocantins em Bras\u00edlia, Carlos Manzini J\u00fanior.<\/p>\n\n\n\n<p>O governador Wanderlei Barbosa destacou que o Tocantins cumpre com excel\u00eancia as metas do&nbsp;<em>Compromisso Nacional Crian\u00e7a Alfabetizada<\/em>. \u201cA alfabetiza\u00e7\u00e3o \u00e9 a base para o futuro das nossas crian\u00e7as e, consequentemente, para o desenvolvimento do Estado. Hoje, garantimos aos munic\u00edpios uma s\u00e9rie de incentivos para que todas as crian\u00e7as tocantinenses, at\u00e9 sete anos, estejam alfabetizadas. Este alinhamento federal, estadual e municipal \u00e9 essencial para assegurar que nossas crian\u00e7as tenham as oportunidades que merecem\u201d, ressaltou.<\/p>\n\n\n\n<p>Para o Tocantins, foi estabelecida uma meta de 50% para o ano de 2024 e, at\u00e9 o final de 2023, o crescimento al\u00e7ado foi de 44% das crian\u00e7as alfabetizadas, com um aumento de&nbsp;cerca de 214% no comparativo com 2021. Com esse resultado, o Tocantins \u00e9 o estado que mais evoluiu, alcan\u00e7ando o primeiro lugar no ranking&nbsp;do crescimento percentual&nbsp;entre as unidades da Federa\u00e7\u00e3o.&nbsp;<\/p>\n\n\n\n<p>O resultado \u00e9 reflexo das a\u00e7\u00f5es implementadas pelo Governo do Tocantins desde 2022, por meio do&nbsp;<em>Programa de Fortalecimento da Educa\u00e7\u00e3o (Profe)<\/em>, que&nbsp;implementa&nbsp;medidas semelhantes ao que est\u00e1 sendo proposto pelo&nbsp;<em>Compromisso Nacional Crian\u00e7a Alfabetizada<\/em>.&nbsp;<\/p>\n\n\n\n<p>Como parte das a\u00e7\u00f5es do Profe, \u00e9 realizado o&nbsp;<em>Programa Alfabetiza Mais Tocantins: compromisso tocantinense crian\u00e7a alfabetizada<\/em>, que dentre uma s\u00e9rie de iniciativas premiou cinco munic\u00edpios com o Selo Profe de Gest\u00e3o em Educa\u00e7\u00e3o em reconhecimento aos melhores resultados na alfabetiza\u00e7\u00e3o de crian\u00e7as em 2023. Para esses munic\u00edpios, ser\u00e3o liberados recursos de at\u00e9 R$ 100 milh\u00f5es, por meio do ICMS educacional, que ir\u00e1 beneficiar mais de 56 mil estudantes.&nbsp;<\/p>\n\n\n\n<p>O secret\u00e1rio de Estado da Educa\u00e7\u00e3o, F\u00e1bio Vaz, destacou que o Estado caminha para superar as metas estabelecidas pelo governo federal. &#8220;Por meio do Profe, o Governo do Tocantins criou instrumentos para que possamos pactuar medidas com os munic\u00edpios, compartilhar recursos e reconhecer os melhores resultados, como forma de incentivo. O que est\u00e1 sendo proposto pelo governo federal j\u00e1 \u00e9 uma realidade no Tocantins e estamos sendo exemplo para outros estados. Com os resultados que alcan\u00e7amos antes do fim do primeiro semestre, temos tudo para superar a meta de 50% at\u00e9 o fim do ano\u201d, destacou.&nbsp;<\/p>\n\n\n\n<p><strong>Sobre&nbsp;o Crian\u00e7a&nbsp;Alfabetizada &nbsp;<\/strong><\/p>\n\n\n\n<p>O programa&nbsp;<em>Crian\u00e7a Alfabetizada&nbsp;<\/em>tem o objetivo de enfrentar tr\u00eas grandes desafios do sistema de alfabetiza\u00e7\u00e3o de crian\u00e7as nas escolas p\u00fablicas: a redu\u00e7\u00e3o das defici\u00eancias t\u00e9cnicas e or\u00e7ament\u00e1rias dos munic\u00edpios; a amplia\u00e7\u00e3o do envolvimento dos governos estaduais na garantia do direito \u00e0 alfabetiza\u00e7\u00e3o; e o fortalecimento do papel do Minist\u00e9rio da Educa\u00e7\u00e3o (MEC) na indu\u00e7\u00e3o, na coordena\u00e7\u00e3o e na assist\u00eancia t\u00e9cnica e financeira da alfabetiza\u00e7\u00e3o.&nbsp;<\/p>\n\n\n\n<p>O foco da pol\u00edtica est\u00e1 em assegurar que todos os estudantes brasileiros estejam alfabetizados ao final do 2\u00b0 ano do ensino fundamental. O\u00a0<em>Indicador Crian\u00e7a Alfabetizada<\/em>\u00a0\u00e9 calculado pelo Instituto Nacional de Pesquisas Educacionais An\u00edsio Teixeira (Inep), a partir do alinhamento nacional dos dados coletados pelos estados e pelos munic\u00edpios. O resultado parcial \u00e9 resultado dos dados apurados pelas avalia\u00e7\u00f5es aplicadas pelo Sistema de Avalia\u00e7\u00e3o da Educa\u00e7\u00e3o B\u00e1sica (Saeb) em 2023.\u00a0<\/p>\n\n\n\n<p><img src=\"https:\/\/central.to.gov.br\/image\/379225?w=670&amp;h=383\"><\/p>\n\n\n\n<p>O governador do Tocantins, Wanderlei Barbosa, afirmou que est\u00e1 cada vez mais pr\u00f3ximo dos munic\u00edpios e que o governo tem implementado diversos programas para melhorar a educa\u00e7\u00e3o &#8211; Vin\u00edcius Santa Rosa\/Governo do Tocantins\u00a0<\/p>\n\n\n\n<p><img src=\"https:\/\/central.to.gov.br\/image\/379226?w=670&amp;h=383\"><\/p>\n\n\n\n<p>O Governador Wanderlei Barbosa fala aos presentes sobre os programas do governo do Tocantins que est\u00e3o contribuindo para o alcance das metas &#8211; Vin\u00edcius Santa Rosa\/Governo do Tocantins\u00a0<\/p>\n","protected":false},"excerpt":{"rendered":"<p>O governador do Tocantins, Wanderlei Barbosa, participou nesta ter\u00e7a-feira, 28, no Pal\u00e1cio do Planalto, em Bras\u00edlia\/DF, da cerim\u00f4nia de divulga\u00e7\u00e3o de resultados parciais do&nbsp;Compromisso Nacional Crian\u00e7a Alfabetizada, um programa do governo federal que estabelece metas anuais para garantir o direito \u00e0 alfabetiza\u00e7\u00e3o a todas as crian\u00e7as do pa\u00eds, em regime de colabora\u00e7\u00e3o entre a Uni\u00e3o, [&hellip;]<\/p>\n","protected":false},"author":2,"featured_media":19715,"comment_status":"open","ping_status":"open","sticky":false,"template":"","format":"standard","meta":[],"categories":[3],"tags":[13],"_links":{"self":[{"href":"https:\/\/dgospel.com.br\/portal\/index.php\/wp-json\/wp\/v2\/posts\/19714"}],"collection":[{"href":"https:\/\/dgospel.com.br\/portal\/index.php\/wp-json\/wp\/v2\/posts"}],"about":[{"href":"https:\/\/dgospel.com.br\/portal\/index.php\/wp-json\/wp\/v2\/types\/post"}],"author":[{"embeddable":true,"href":"https:\/\/dgospel.com.br\/portal\/index.php\/wp-json\/wp\/v2\/users\/2"}],"replies":[{"embeddable":true,"href":"https:\/\/dgospel.com.br\/portal\/index.php\/wp-json\/wp\/v2\/comments?post=19714"}],"version-history":[{"count":1,"href":"https:\/\/dgospel.com.br\/portal\/index.php\/wp-json\/wp\/v2\/posts\/19714\/revisions"}],"predecessor-version":[{"id":19716,"href":"https:\/\/dgospel.com.br\/portal\/index.php\/wp-json\/wp\/v2\/posts\/19714\/revisions\/19716"}],"wp:featuredmedia":[{"embeddable":true,"href":"https:\/\/dgospel.com.br\/portal\/index.php\/wp-json\/wp\/v2\/media\/19715"}],"wp:attachment":[{"href":"https:\/\/dgospel.com.br\/portal\/index.php\/wp-json\/wp\/v2\/media?parent=19714"}],"wp:term":[{"taxonomy":"category","embeddable":true,"href":"https:\/\/dgospel.com.br\/portal\/index.php\/wp-json\/wp\/v2\/categories?post=19714"},{"taxonomy":"post_tag","embeddable":true,"href":"https:\/\/dgospel.com.br\/portal\/index.php\/wp-json\/wp\/v2\/tags?post=19714"}],"curies":[{"name":"wp","href":"https:\/\/api.w.org\/{rel}","templated":true}]}}