{"id":19742,"date":"2024-06-03T22:38:49","date_gmt":"2024-06-04T01:38:49","guid":{"rendered":"https:\/\/dgospel.com.br\/portal\/?p=19742"},"modified":"2024-06-03T22:38:51","modified_gmt":"2024-06-04T01:38:51","slug":"parada-lgbtq-de-sao-paulo-tem-bloco-com-criancas-trans","status":"publish","type":"post","link":"https:\/\/dgospel.com.br\/portal\/index.php\/2024\/06\/03\/parada-lgbtq-de-sao-paulo-tem-bloco-com-criancas-trans\/","title":{"rendered":"Parada LGBTQ+ de S\u00e3o Paulo tem bloco com \u201ccrian\u00e7as trans\u201d"},"content":{"rendered":"\n<p>Um bloco formado por \u201ccrian\u00e7as trans\u201d marcou presen\u00e7a na Parada LGBT+ na Avenida Paulista, em S\u00e3o Paulo, neste domingo (2), atraindo dezenas de crian\u00e7as e adolescentes com roupas nas cores da bandeira trans, rosa e azul. Algumas faixas e cartazes declaravam que \u201ccrian\u00e7as e adolescentes trans existem\u201d.<\/p>\n\n\n\n<p>O ato \u00e9 promovido pela ONG Minha Crian\u00e7a Trans, presidida por Thamirys Nunes, 34 anos, m\u00e3e de uma crian\u00e7a de 9 anos que nasceu menino, mas adotou a identidade de g\u00eanero feminina.<\/p>\n\n\n\n<p>No perfil da ONG no Instagram, foi publicado um v\u00eddeo do bloco de \u201ccrian\u00e7as trans\u201d, mostrando o ato que aconteceu na maior Parada Gay do pa\u00eds. Segundo a entidade, a participa\u00e7\u00e3o \u00e9 uma forma de \u201clutar pelos direitos dos nossos filhos e filhas\u201d.<\/p>\n","protected":false},"excerpt":{"rendered":"<p>Um bloco formado por \u201ccrian\u00e7as trans\u201d marcou presen\u00e7a na Parada LGBT+ na Avenida Paulista, em S\u00e3o Paulo, neste domingo (2), atraindo dezenas de crian\u00e7as e adolescentes com roupas nas cores da bandeira trans, rosa e azul. Algumas faixas e cartazes declaravam que \u201ccrian\u00e7as e adolescentes trans existem\u201d. O ato \u00e9 promovido pela ONG Minha Crian\u00e7a [&hellip;]<\/p>\n","protected":false},"author":2,"featured_media":19743,"comment_status":"open","ping_status":"open","sticky":false,"template":"","format":"standard","meta":[],"categories":[10],"tags":[],"_links":{"self":[{"href":"https:\/\/dgospel.com.br\/portal\/index.php\/wp-json\/wp\/v2\/posts\/19742"}],"collection":[{"href":"https:\/\/dgospel.com.br\/portal\/index.php\/wp-json\/wp\/v2\/posts"}],"about":[{"href":"https:\/\/dgospel.com.br\/portal\/index.php\/wp-json\/wp\/v2\/types\/post"}],"author":[{"embeddable":true,"href":"https:\/\/dgospel.com.br\/portal\/index.php\/wp-json\/wp\/v2\/users\/2"}],"replies":[{"embeddable":true,"href":"https:\/\/dgospel.com.br\/portal\/index.php\/wp-json\/wp\/v2\/comments?post=19742"}],"version-history":[{"count":1,"href":"https:\/\/dgospel.com.br\/portal\/index.php\/wp-json\/wp\/v2\/posts\/19742\/revisions"}],"predecessor-version":[{"id":19744,"href":"https:\/\/dgospel.com.br\/portal\/index.php\/wp-json\/wp\/v2\/posts\/19742\/revisions\/19744"}],"wp:featuredmedia":[{"embeddable":true,"href":"https:\/\/dgospel.com.br\/portal\/index.php\/wp-json\/wp\/v2\/media\/19743"}],"wp:attachment":[{"href":"https:\/\/dgospel.com.br\/portal\/index.php\/wp-json\/wp\/v2\/media?parent=19742"}],"wp:term":[{"taxonomy":"category","embeddable":true,"href":"https:\/\/dgospel.com.br\/portal\/index.php\/wp-json\/wp\/v2\/categories?post=19742"},{"taxonomy":"post_tag","embeddable":true,"href":"https:\/\/dgospel.com.br\/portal\/index.php\/wp-json\/wp\/v2\/tags?post=19742"}],"curies":[{"name":"wp","href":"https:\/\/api.w.org\/{rel}","templated":true}]}}