{"id":19748,"date":"2024-06-03T22:43:03","date_gmt":"2024-06-04T01:43:03","guid":{"rendered":"https:\/\/dgospel.com.br\/portal\/?p=19748"},"modified":"2024-06-03T22:43:04","modified_gmt":"2024-06-04T01:43:04","slug":"queimadas-no-pantanal-aumentaram-898-segundo-ong-wwf-brasil","status":"publish","type":"post","link":"https:\/\/dgospel.com.br\/portal\/index.php\/2024\/06\/03\/queimadas-no-pantanal-aumentaram-898-segundo-ong-wwf-brasil\/","title":{"rendered":"Queimadas no Pantanal aumentaram 898%, segundo ONG WWF-Brasil"},"content":{"rendered":"\n<p>O clima \u00e9 de alerta extremo no Pantanal. Com chuvas abaixo das m\u00e9dias hist\u00f3ricas desde o ano passado e a seca extrema impulsionada pelo El Ni\u00f1o, o bioma registrou neste ano um aumento de 898% no n\u00famero de queimadas em compara\u00e7\u00e3o com o mesmo per\u00edodo de 2023. Uma an\u00e1lise da ONG WWF-Brasil, baseada em dados do Programa Queimadas do Instituto Nacional de Pesquisas Espaciais (Inpe), aponta que foram registrados 880 focos de inc\u00eandio nos primeiros cinco meses de 2024. Esse \u00e9 o segundo maior n\u00famero dos \u00faltimos 15 anos, ficando atr\u00e1s apenas de 2020, quando foram reportados 2.128 casos.<\/p>\n\n\n\n<p>O cen\u00e1rio de seca severa no bioma preocupa ambientalistas que temem um aumento no n\u00famero de inc\u00eandios de grande escala, semelhantes aos que devastaram 30% da \u00e1rea natural do Pantanal em 2020. No m\u00eas passado, foram registrados 246 focos de queimadas, contra 33 em maio de 2023. A preocupa\u00e7\u00e3o se intensifica porque a temporada de seca ainda est\u00e1 no in\u00edcio, com os inc\u00eandios no bioma se concentrando entre agosto e outubro, com pico em setembro.<\/p>\n\n\n\n<p>\u201cEm 2020, tivemos aquele fogo catastr\u00f3fico e as an\u00e1lises atuais mostram que os n\u00fameros est\u00e3o muito parecidos com o que t\u00ednhamos naquele ano,\u201d alerta Cyntia Santos, analista de conserva\u00e7\u00e3o da WWF. Santos enfatiza a necessidade de a\u00e7\u00f5es r\u00e1pidas, refor\u00e7ando as brigadas de combate a inc\u00eandios e contando com o apoio das comunidades locais para \u201cevitar uma cat\u00e1strofe\u201d. Ela destaca que a falta de chuvas, a pouca quantidade de \u00e1gua no territ\u00f3rio e o ac\u00famulo de mat\u00e9ria org\u00e2nica seca s\u00e3o condi\u00e7\u00f5es prop\u00edcias para queimadas no solo pantaneiro.<\/p>\n\n\n\n<p>A an\u00e1lise tamb\u00e9m indica que as chuvas escassas e irregulares nos primeiros meses do ano foram insuficientes para transbordar rios e conectar lagos e o Rio Paran\u00e1, o principal do bioma.<\/p>\n\n\n\n<p>Os dados do Inpe mostram um crescimento do n\u00famero de focos de queimada em outros biomas brasileiros. Na Amaz\u00f4nia, foram registrados 10.647 casos nos primeiros cinco meses deste ano, um aumento de 107% em rela\u00e7\u00e3o ao mesmo per\u00edodo do ano passado (5.103), e 131% superior \u00e0 m\u00e9dia dos tr\u00eas anos anteriores (4.580).<\/p>\n\n\n\n<p>No Cerrado, foram registrados 8.012 focos de queimadas nos primeiros cinco meses do ano, um aumento de 37% em compara\u00e7\u00e3o com o mesmo per\u00edodo do ano passado (5.850) e 35% superior \u00e0 m\u00e9dia dos tr\u00eas anos anteriores (5.956).<\/p>\n\n\n\n<p>Daniel Silva, especialista em conserva\u00e7\u00e3o do WWF-Brasil, ressalta a import\u00e2ncia de pol\u00edticas p\u00fablicas de preserva\u00e7\u00e3o de todos os biomas para combater os efeitos das mudan\u00e7as clim\u00e1ticas. \u201cOs biomas s\u00e3o interdependentes quando se trata das consequ\u00eancias da crise clim\u00e1tica. Assim, a convers\u00e3o e o desmatamento do Cerrado geram desequil\u00edbrios para a Amaz\u00f4nia e o Pantanal, afetam a disponibilidade h\u00eddrica em outros ecossistemas e contribuem at\u00e9 para tempestades como as que afetaram o Rio Grande do Sul no m\u00eas passado,\u201d explica Silva.<\/p>\n","protected":false},"excerpt":{"rendered":"<p>O clima \u00e9 de alerta extremo no Pantanal. Com chuvas abaixo das m\u00e9dias hist\u00f3ricas desde o ano passado e a seca extrema impulsionada pelo El Ni\u00f1o, o bioma registrou neste ano um aumento de 898% no n\u00famero de queimadas em compara\u00e7\u00e3o com o mesmo per\u00edodo de 2023. Uma an\u00e1lise da ONG WWF-Brasil, baseada em dados [&hellip;]<\/p>\n","protected":false},"author":2,"featured_media":19749,"comment_status":"open","ping_status":"closed","sticky":false,"template":"","format":"standard","meta":[],"categories":[10],"tags":[],"_links":{"self":[{"href":"https:\/\/dgospel.com.br\/portal\/index.php\/wp-json\/wp\/v2\/posts\/19748"}],"collection":[{"href":"https:\/\/dgospel.com.br\/portal\/index.php\/wp-json\/wp\/v2\/posts"}],"about":[{"href":"https:\/\/dgospel.com.br\/portal\/index.php\/wp-json\/wp\/v2\/types\/post"}],"author":[{"embeddable":true,"href":"https:\/\/dgospel.com.br\/portal\/index.php\/wp-json\/wp\/v2\/users\/2"}],"replies":[{"embeddable":true,"href":"https:\/\/dgospel.com.br\/portal\/index.php\/wp-json\/wp\/v2\/comments?post=19748"}],"version-history":[{"count":1,"href":"https:\/\/dgospel.com.br\/portal\/index.php\/wp-json\/wp\/v2\/posts\/19748\/revisions"}],"predecessor-version":[{"id":19750,"href":"https:\/\/dgospel.com.br\/portal\/index.php\/wp-json\/wp\/v2\/posts\/19748\/revisions\/19750"}],"wp:featuredmedia":[{"embeddable":true,"href":"https:\/\/dgospel.com.br\/portal\/index.php\/wp-json\/wp\/v2\/media\/19749"}],"wp:attachment":[{"href":"https:\/\/dgospel.com.br\/portal\/index.php\/wp-json\/wp\/v2\/media?parent=19748"}],"wp:term":[{"taxonomy":"category","embeddable":true,"href":"https:\/\/dgospel.com.br\/portal\/index.php\/wp-json\/wp\/v2\/categories?post=19748"},{"taxonomy":"post_tag","embeddable":true,"href":"https:\/\/dgospel.com.br\/portal\/index.php\/wp-json\/wp\/v2\/tags?post=19748"}],"curies":[{"name":"wp","href":"https:\/\/api.w.org\/{rel}","templated":true}]}}