{"id":1975,"date":"2018-11-29T17:26:54","date_gmt":"2018-11-29T19:26:54","guid":{"rendered":"http:\/\/dgospel.com.br\/portal\/?p=1975"},"modified":"2018-11-29T17:26:54","modified_gmt":"2018-11-29T19:26:54","slug":"desmentindo-estadao-bancada-evangelica-diz-que-nao-esta-em-guerra-com-bolsonaro","status":"publish","type":"post","link":"https:\/\/dgospel.com.br\/portal\/index.php\/2018\/11\/29\/desmentindo-estadao-bancada-evangelica-diz-que-nao-esta-em-guerra-com-bolsonaro\/","title":{"rendered":"Desmentindo Estad\u00e3o, bancada evang\u00e9lica diz que n\u00e3o est\u00e1 em guerra com Bolsonaro"},"content":{"rendered":"<p>A informa\u00e7\u00e3o de que a bancada evang\u00e9lica ficou irritada pela indica\u00e7\u00e3o de Osmar Terra para o Minist\u00e9rio da Cidadania, publicada nesta quinta-feira (29) pela Coluna do Estad\u00e3o, foi desmentida pela Frente Parlamentar.<\/p>\n<p>De acordo com a publica\u00e7\u00e3o, um grupo de 180 deputados foi consultado pelo presidente eleito\u00a0<a href=\"https:\/\/guiame.com.br\/gospel\/noticias\/bolsonaro-diz-que-ira-seguir-os-ensinamentos-de-deus-em-seu-governo.html\"><strong>Jair Bolsonaro<\/strong><\/a>\u00a0(PSL) sobre nomes para a nova pasta, mas acabou surpreendido com a escolha e amea\u00e7ou \u201cse rebelar caso n\u00e3o tenha cargos na Esplanada\u201d.<\/p>\n<p>Em reuni\u00e3o com a equipe de transi\u00e7\u00e3o, o presidente da Frente Parlamentar Evang\u00e9lica, deputado federal Hidekazu\u00a0Takayama (PSC-PR), citou os nomes dos deputados Roberto de Lucena (PODE-SP) e Leonardo Quint\u00e3o (MDB-MG), al\u00e9m dos j\u00e1 comentados Ronaldo Nogueira (PTB-RS), Marco Feliciano (PODE-SP) e Gilberto Nascimento (PSC-SP) como sugest\u00f5es.<\/p>\n<p>Nesta quinta, a Frente Parlamentar Evang\u00e9lica divulgou uma nota repudiando \u201cqualquer tentativa de desestabiliza\u00e7\u00e3o do apoio\u201d do grupo ao governo Bolsonaro. A bancada esclareceu n\u00e3o ir\u00e1 \u201camea\u00e7ar\u201d o futuro governo se n\u00e3o for atendida com cargos.<\/p>\n<p>A nota ainda esclarece que a bancada indicou nomes de poss\u00edveis ministros sem \u201co intuito de obrigar o Presidente a nome\u00e1-los\u201d. \u201cMuito embora entendamos que a composi\u00e7\u00e3o de um quadro t\u00e9cnico e preparado auxiliar\u00e1 na nova forma de governar, neste sentido estamos unidos e atentos \u00e0s escolhas do Presidente\u201d, diz Takayama no texto.<\/p>\n<p><strong>Envolvimento da bancada<\/strong><\/p>\n<p>As especula\u00e7\u00f5es tamb\u00e9m foram desmentidas pelo deputado\u00a0<a href=\"https:\/\/guiame.com.br\/gospel\/mundo-cristao\/muitos-passos-de-bolsonaro-estao-virando-chaves-espirituais-diz-roberto-de-lucena.html\"><strong>Roberto de Lucena<\/strong><\/a>, um dos l\u00edderes da Frente Parlamentar que teve nome cotado pelo governo. \u201cN\u00e3o existe guerra de bancada evang\u00e9lica contra Bolsonaro, pelo contr\u00e1rio. A bancada \u00e9 patriota, nacionalista. Apoiar\u00e1 o governo Bolsonaro porque isso \u00e9 bom para o Brasil. Apoiar\u00e1 Bolsonaro enquanto ele se mantiver lutando por um Pa\u00eds melhor\u201d, disse ele ao\u00a0<strong>Guiame<\/strong>.<\/p>\n<p>Lucena, que j\u00e1 atuou como secret\u00e1rio de Turismo do Estado de S\u00e3o Paulo, acredita que n\u00e3o \u00e9 papel da bancada evang\u00e9lica indicar nomes para cargos no governo. \u201cN\u00e3o se trata apenas de fazer pol\u00edtica. Trata-se de posi\u00e7\u00e3o prof\u00e9tica. Se h\u00e1 um movimento para indica\u00e7\u00e3o de nomes por parte da bancada evang\u00e9lica esse movimento est\u00e1 equivocado\u201d, destacou.<\/p>\n<p><sup>Roberto de Lucena na sala da presid\u00eancia da C\u00e2mara, em encontro com l\u00edderes evang\u00e9licos. (Foto: Guiame\/Marcos Paulo Corr\u00eaa)<\/sup><\/p>\n<p>O parlamentar observa que a bancada evang\u00e9lica pode \u201cendossar um nome\u201d, mas isso \u00e9 diferente de indicar. \u201cQuem indica torna-se base. A bancada evang\u00e9lica n\u00e3o \u00e9 base do governo, nem ser\u00e1, ainda que a maioria absoluta dos seus integrantes possam s\u00ea-lo. A bancada evang\u00e9lica \u00e9 base de sua pr\u00f3pria agenda priorit\u00e1ria, que \u00e9 a defesa da fam\u00edlia e de um Brasil mais justo socialmente, mais \u00e9tico, mais eficiente e desenvolvido\u201d.<\/p>\n<p>Como pastor e l\u00edder da Igreja O Brasil Para Cristo, Lucena afirma que todos os membros que comp\u00f5em a bancada evang\u00e9lica devem estar envolvidos na agenda. \u201c\u00c9 necess\u00e1rio que todos os membros da bancada sejam consultados pelo presidente da Frente Parlamentar Evang\u00e9lica nos temas que excederem os alcan\u00e7ados pela agenda j\u00e1 pacificada\u201d.<\/p>\n<p>Na fase de transi\u00e7\u00e3o de governo, Bolsonaro tem dialogado com as bancadas tem\u00e1ticas, ao inv\u00e9s de buscar acordos com partidos. Na opini\u00e3o de Lucena, o presidente eleito tem \u201cmontado um bom time de primeiro escal\u00e3o e tomado decis\u00f5es acertad\u00edssimas at\u00e9 o momento\u201d.<\/p>\n<p>\u201cN\u00e3o sei como ser\u00e1 o seu di\u00e1logo com o Congresso sem que isso tamb\u00e9m passe pelos partidos, conforme ele tem feito at\u00e9 agora, pois n\u00e3o vejo muito como isso possa se dar, mas ele sabe o que est\u00e1 fazendo. Bolsonaro \u00e9 um parlamentar. S\u00e3o sete mandatos como deputado federal e sabe melhor que eu como esse di\u00e1logo deve se dar\u201d, afirma.<\/p>\n<p>FONTE: GUIAME<\/p>\n","protected":false},"excerpt":{"rendered":"<p>A informa\u00e7\u00e3o de que a bancada evang\u00e9lica ficou irritada pela indica\u00e7\u00e3o de Osmar Terra para o Minist\u00e9rio da Cidadania, publicada nesta quinta-feira (29) pela Coluna do Estad\u00e3o, foi desmentida pela Frente Parlamentar. De acordo com a publica\u00e7\u00e3o, um grupo de 180 deputados foi consultado pelo presidente eleito\u00a0Jair Bolsonaro\u00a0(PSL) sobre nomes para a nova pasta, mas [&hellip;]<\/p>\n","protected":false},"author":2,"featured_media":1976,"comment_status":"open","ping_status":"open","sticky":false,"template":"","format":"standard","meta":[],"categories":[2,6,4],"tags":[],"_links":{"self":[{"href":"https:\/\/dgospel.com.br\/portal\/index.php\/wp-json\/wp\/v2\/posts\/1975"}],"collection":[{"href":"https:\/\/dgospel.com.br\/portal\/index.php\/wp-json\/wp\/v2\/posts"}],"about":[{"href":"https:\/\/dgospel.com.br\/portal\/index.php\/wp-json\/wp\/v2\/types\/post"}],"author":[{"embeddable":true,"href":"https:\/\/dgospel.com.br\/portal\/index.php\/wp-json\/wp\/v2\/users\/2"}],"replies":[{"embeddable":true,"href":"https:\/\/dgospel.com.br\/portal\/index.php\/wp-json\/wp\/v2\/comments?post=1975"}],"version-history":[{"count":1,"href":"https:\/\/dgospel.com.br\/portal\/index.php\/wp-json\/wp\/v2\/posts\/1975\/revisions"}],"predecessor-version":[{"id":1977,"href":"https:\/\/dgospel.com.br\/portal\/index.php\/wp-json\/wp\/v2\/posts\/1975\/revisions\/1977"}],"wp:featuredmedia":[{"embeddable":true,"href":"https:\/\/dgospel.com.br\/portal\/index.php\/wp-json\/wp\/v2\/media\/1976"}],"wp:attachment":[{"href":"https:\/\/dgospel.com.br\/portal\/index.php\/wp-json\/wp\/v2\/media?parent=1975"}],"wp:term":[{"taxonomy":"category","embeddable":true,"href":"https:\/\/dgospel.com.br\/portal\/index.php\/wp-json\/wp\/v2\/categories?post=1975"},{"taxonomy":"post_tag","embeddable":true,"href":"https:\/\/dgospel.com.br\/portal\/index.php\/wp-json\/wp\/v2\/tags?post=1975"}],"curies":[{"name":"wp","href":"https:\/\/api.w.org\/{rel}","templated":true}]}}