{"id":19751,"date":"2024-06-03T22:45:48","date_gmt":"2024-06-04T01:45:48","guid":{"rendered":"https:\/\/dgospel.com.br\/portal\/?p=19751"},"modified":"2024-06-03T22:45:49","modified_gmt":"2024-06-04T01:45:49","slug":"governo-lula-nomeia-mst-para-elaboracao-do-plano-safra-da-agricultura-familiar","status":"publish","type":"post","link":"https:\/\/dgospel.com.br\/portal\/index.php\/2024\/06\/03\/governo-lula-nomeia-mst-para-elaboracao-do-plano-safra-da-agricultura-familiar\/","title":{"rendered":"Governo Lula nomeia MST para elabora\u00e7\u00e3o do Plano Safra da Agricultura Familiar"},"content":{"rendered":"\n<p>Ap\u00f3s derrotas nas recentes vota\u00e7\u00f5es no Congresso Nacional que buscam limitar a influ\u00eancia do Movimento dos Trabalhadores Rurais Sem Terra (MST), o governo do presidente Luiz In\u00e1cio Lula da Silva (PT) incluiu o grupo na equipe respons\u00e1vel pela elabora\u00e7\u00e3o do Plano Safra da Agricultura Familiar (Pronaf) para o ciclo 2024\/2025. O programa deve disponibilizar mais de R$ 70 bilh\u00f5es para pequenos agricultores.<\/p>\n\n\n\n<p>Na \u00faltima ter\u00e7a-feira (28), o Congresso derrubou um veto presidencial que proibia a Uni\u00e3o de financiar invas\u00f5es de propriedades rurais privadas. \u201cPor mais que o MST cometa toda sorte de crimes e irregularidades, jamais o PT ir\u00e1 se afastar ou punir o movimento\u201d, criticou o deputado Luciano Zucco (PL-RS), presidente da Frente Parlamentar Mista Invas\u00e3o Zero.<\/p>\n\n\n\n<p>H\u00e1 duas semanas, a C\u00e2mara dos Deputados aprovou um projeto de lei que impede invasores de terra de participarem de programas assistenciais como o Minha Casa, Minha Vida. A mat\u00e9ria ainda ser\u00e1 analisada pelo Senado.<\/p>\n\n\n\n<p>Durante os quatro anos do governo Jair Bolsonaro, o MST enfrentou dificuldades. O movimento estima que 70% de seus integrantes n\u00e3o tiveram acesso ao Pronaf devido a quest\u00f5es burocr\u00e1ticas e baixa capilaridade.<\/p>\n\n\n\n<p>No terceiro mandato de Lula, o cr\u00e9dito do Pronaf aumentou 34% em compara\u00e7\u00e3o ao per\u00edodo 2022-2023. Al\u00e9m do MST, o governo petista beneficiou ind\u00edgenas e quilombolas. Por meio do Minist\u00e9rio do Desenvolvimento Agr\u00e1rio, comandado pelo petista Paulo Teixeira, o governo justificou a inclus\u00e3o do MST na equipe que formatar\u00e1 as pol\u00edticas do Plano Safra, destacando a \u201crelev\u00e2ncia das organiza\u00e7\u00f5es representativas\u201d. Al\u00e9m do MST, a equipe contar\u00e1 com cooperativas que atuam no setor agropecu\u00e1rio.<\/p>\n","protected":false},"excerpt":{"rendered":"<p>Ap\u00f3s derrotas nas recentes vota\u00e7\u00f5es no Congresso Nacional que buscam limitar a influ\u00eancia do Movimento dos Trabalhadores Rurais Sem Terra (MST), o governo do presidente Luiz In\u00e1cio Lula da Silva (PT) incluiu o grupo na equipe respons\u00e1vel pela elabora\u00e7\u00e3o do Plano Safra da Agricultura Familiar (Pronaf) para o ciclo 2024\/2025. O programa deve disponibilizar mais [&hellip;]<\/p>\n","protected":false},"author":2,"featured_media":19752,"comment_status":"open","ping_status":"open","sticky":false,"template":"","format":"standard","meta":[],"categories":[4],"tags":[],"_links":{"self":[{"href":"https:\/\/dgospel.com.br\/portal\/index.php\/wp-json\/wp\/v2\/posts\/19751"}],"collection":[{"href":"https:\/\/dgospel.com.br\/portal\/index.php\/wp-json\/wp\/v2\/posts"}],"about":[{"href":"https:\/\/dgospel.com.br\/portal\/index.php\/wp-json\/wp\/v2\/types\/post"}],"author":[{"embeddable":true,"href":"https:\/\/dgospel.com.br\/portal\/index.php\/wp-json\/wp\/v2\/users\/2"}],"replies":[{"embeddable":true,"href":"https:\/\/dgospel.com.br\/portal\/index.php\/wp-json\/wp\/v2\/comments?post=19751"}],"version-history":[{"count":1,"href":"https:\/\/dgospel.com.br\/portal\/index.php\/wp-json\/wp\/v2\/posts\/19751\/revisions"}],"predecessor-version":[{"id":19753,"href":"https:\/\/dgospel.com.br\/portal\/index.php\/wp-json\/wp\/v2\/posts\/19751\/revisions\/19753"}],"wp:featuredmedia":[{"embeddable":true,"href":"https:\/\/dgospel.com.br\/portal\/index.php\/wp-json\/wp\/v2\/media\/19752"}],"wp:attachment":[{"href":"https:\/\/dgospel.com.br\/portal\/index.php\/wp-json\/wp\/v2\/media?parent=19751"}],"wp:term":[{"taxonomy":"category","embeddable":true,"href":"https:\/\/dgospel.com.br\/portal\/index.php\/wp-json\/wp\/v2\/categories?post=19751"},{"taxonomy":"post_tag","embeddable":true,"href":"https:\/\/dgospel.com.br\/portal\/index.php\/wp-json\/wp\/v2\/tags?post=19751"}],"curies":[{"name":"wp","href":"https:\/\/api.w.org\/{rel}","templated":true}]}}