{"id":19754,"date":"2024-06-03T22:49:26","date_gmt":"2024-06-04T01:49:26","guid":{"rendered":"https:\/\/dgospel.com.br\/portal\/?p=19754"},"modified":"2024-06-03T22:49:27","modified_gmt":"2024-06-04T01:49:27","slug":"estamos-aqui-para-proteger-as-familias-diz-ministro-dos-direitos-humanos-na-parada-lgbtqiapn","status":"publish","type":"post","link":"https:\/\/dgospel.com.br\/portal\/index.php\/2024\/06\/03\/estamos-aqui-para-proteger-as-familias-diz-ministro-dos-direitos-humanos-na-parada-lgbtqiapn\/","title":{"rendered":"\u201cEstamos aqui para proteger as fam\u00edlias\u201d, diz ministro dos Direitos Humanos na Parada LGBTQIAPN+"},"content":{"rendered":"\n<p>O ministro dos Direitos Humanos, Silvio Almeida, declarou aos participantes da Parada LGBT+ que foram \u00e0 Avenida Paulista neste domingo (2) para \u201cproteger as fam\u00edlias\u201d. Em seu discurso, Almeida ressaltou a import\u00e2ncia de garantir seguran\u00e7a e dignidade para todos, independentemente de orienta\u00e7\u00e3o sexual ou identidade de g\u00eanero.<\/p>\n\n\n\n<p>\u201cEstamos aqui, ao contr\u00e1rio do que dizem, para proteger as fam\u00edlias. Eu n\u00e3o quero que nenhuma m\u00e3e tenha que chorar a morte de um filho. Eu n\u00e3o quero que nenhum pai tenha que chorar a morte do seu filho. Quero que todas as m\u00e3es e os pais possam saber que seus filhos, independente de quem eles sejam, de como eles quiserem amar, que eles v\u00e3o voltar pra casa vivos. V\u00e3o ter uma vida digna, v\u00e3o ser respeitados\u201d, afirmou o ministro durante sua fala em um dos trios el\u00e9tricos do evento.<\/p>\n\n\n\n<p>Com o tema pol\u00edtico-eleitoral \u201cbasta de neglig\u00eancia e retrocesso legislativo\u201d e \u201cvoto consciente por direitos da popula\u00e7\u00e3o LGBT+\u201d, a Parada deste ano tamb\u00e9m tentou a \u2018reapropria\u00e7\u00e3o\u2019 das cores da bandeira do Brasil, tradicionalmente associadas aos conservadores nos \u00faltimos anos. O evento reuniu milhares de pessoas vestidas de verde e amarelo na regi\u00e3o central de S\u00e3o Paulo.<\/p>\n\n\n\n<p>A defesa da fam\u00edlia \u00e9 frequentemente usada por grupos pol\u00edticos conservadores e lideran\u00e7as religiosas para atacar direitos da popula\u00e7\u00e3o LGBT+, como o casamento homoafetivo. A fala de Silvio Almeida contrasta com essa vis\u00e3o, destacando que proteger as fam\u00edlias significa garantir que todos os filhos, independentemente de sua orienta\u00e7\u00e3o sexual ou identidade de g\u00eanero, possam viver com dignidade e respeito.<\/p>\n","protected":false},"excerpt":{"rendered":"<p>O ministro dos Direitos Humanos, Silvio Almeida, declarou aos participantes da Parada LGBT+ que foram \u00e0 Avenida Paulista neste domingo (2) para \u201cproteger as fam\u00edlias\u201d. Em seu discurso, Almeida ressaltou a import\u00e2ncia de garantir seguran\u00e7a e dignidade para todos, independentemente de orienta\u00e7\u00e3o sexual ou identidade de g\u00eanero. \u201cEstamos aqui, ao contr\u00e1rio do que dizem, para [&hellip;]<\/p>\n","protected":false},"author":2,"featured_media":19755,"comment_status":"open","ping_status":"open","sticky":false,"template":"","format":"standard","meta":[],"categories":[4],"tags":[],"_links":{"self":[{"href":"https:\/\/dgospel.com.br\/portal\/index.php\/wp-json\/wp\/v2\/posts\/19754"}],"collection":[{"href":"https:\/\/dgospel.com.br\/portal\/index.php\/wp-json\/wp\/v2\/posts"}],"about":[{"href":"https:\/\/dgospel.com.br\/portal\/index.php\/wp-json\/wp\/v2\/types\/post"}],"author":[{"embeddable":true,"href":"https:\/\/dgospel.com.br\/portal\/index.php\/wp-json\/wp\/v2\/users\/2"}],"replies":[{"embeddable":true,"href":"https:\/\/dgospel.com.br\/portal\/index.php\/wp-json\/wp\/v2\/comments?post=19754"}],"version-history":[{"count":1,"href":"https:\/\/dgospel.com.br\/portal\/index.php\/wp-json\/wp\/v2\/posts\/19754\/revisions"}],"predecessor-version":[{"id":19756,"href":"https:\/\/dgospel.com.br\/portal\/index.php\/wp-json\/wp\/v2\/posts\/19754\/revisions\/19756"}],"wp:featuredmedia":[{"embeddable":true,"href":"https:\/\/dgospel.com.br\/portal\/index.php\/wp-json\/wp\/v2\/media\/19755"}],"wp:attachment":[{"href":"https:\/\/dgospel.com.br\/portal\/index.php\/wp-json\/wp\/v2\/media?parent=19754"}],"wp:term":[{"taxonomy":"category","embeddable":true,"href":"https:\/\/dgospel.com.br\/portal\/index.php\/wp-json\/wp\/v2\/categories?post=19754"},{"taxonomy":"post_tag","embeddable":true,"href":"https:\/\/dgospel.com.br\/portal\/index.php\/wp-json\/wp\/v2\/tags?post=19754"}],"curies":[{"name":"wp","href":"https:\/\/api.w.org\/{rel}","templated":true}]}}