{"id":19757,"date":"2024-06-03T22:52:03","date_gmt":"2024-06-04T01:52:03","guid":{"rendered":"https:\/\/dgospel.com.br\/portal\/?p=19757"},"modified":"2024-06-03T22:52:05","modified_gmt":"2024-06-04T01:52:05","slug":"governo-do-tocantins-convoca-para-posse-os-132-aprovados-no-concurso-publico-para-professor-efetivo-da-unitins","status":"publish","type":"post","link":"https:\/\/dgospel.com.br\/portal\/index.php\/2024\/06\/03\/governo-do-tocantins-convoca-para-posse-os-132-aprovados-no-concurso-publico-para-professor-efetivo-da-unitins\/","title":{"rendered":"Governo do Tocantins convoca para posse os 132 aprovados no concurso p\u00fablico para professor efetivo da Unitins"},"content":{"rendered":"\n<p>O Governo do Tocantins, por meio da Universidade Estadual do Tocantins (Unitins), convocou para nomea\u00e7\u00e3o os aprovados no concurso p\u00fablico para professor efetivo da Universidade. A lista com os nomes est\u00e1 dispon\u00edvel no&nbsp;<a href=\"https:\/\/www.unitins.br\/Concursos\/Publico\/Home\/S\/6cde4a06e4a14024fe34f2cd93bac7d2\">Portal da Unitins<\/a>.<\/p>\n\n\n\n<p>Os candidatos aprovados no certame t\u00eam 30 dias corridos para tomar posse, a contar da publica\u00e7\u00e3o da nomea\u00e7\u00e3o e da convoca\u00e7\u00e3o. Os documentos,&nbsp;exames m\u00e9dicos periciais exigidos e procedimentos&nbsp;est\u00e3o listados no&nbsp;<a href=\"https:\/\/www.unitins.br\/Concursos\/download\/arquivos\/%5B638530100578811769%5D04_editaldeconvoca_concurso_professor_2022.pdf\">edital<\/a>&nbsp;de Convoca\u00e7\u00e3o para a Posse n\u00b0 04\/2024.&nbsp;<\/p>\n\n\n\n<p>O governador Wanderlei Barbosa destaca&nbsp;que a convoca\u00e7\u00e3o atende os cinco c\u00e2mpus da Unitins, presentes em todas as regi\u00f5es do Estado. \u201cA Unitins tem a nossa confian\u00e7a para convocar os professores e dar a eles a seguran\u00e7a jur\u00eddica que precisam para trabalharem pelo nosso Tocantins\u201d, refor\u00e7a.<\/p>\n\n\n\n<p>O reitor da Unitins, professor Augusto Rezende, ressalta que esse \u00e9 um momento hist\u00f3rico e agradece o apoio do Governo do Tocantins. &#8220;Esse \u00e9 o primeiro concurso para docente da Institui\u00e7\u00e3o que chega no interior&nbsp;do Estado.&nbsp;Isso traz mais maturidade para os colegiados de cursos e fortalece os N\u00facleos Docentes Estruturantes, al\u00e9m de permitir trabalhar melhor a parte pedag\u00f3gica que inclui, n\u00e3o s\u00f3 o&nbsp;ensino, mas tamb\u00e9m a pesquisa e a extens\u00e3o. A Unitins agradece o apoio do governador Wanderlei Barbosa, que entra para a hist\u00f3ria como o governador que proporcionou o concurso p\u00fablico para toda a universidade\u201d, completa.<\/p>\n\n\n\n<p>Esse foi o primeiro concurso para professor efetivo da Unitins que ofertou vagas para todos os cinco c\u00e2mpus da Universidade, localizados em Araguatins, Augustin\u00f3polis, Dian\u00f3polis, Palmas e Para\u00edso. As vagas est\u00e3o distribu\u00eddas em dez cursos de gradua\u00e7\u00e3o: Administra\u00e7\u00e3o, Ci\u00eancias Cont\u00e1beis, Direito, Enfermagem, Letras, Medicina, Pedagogia, Servi\u00e7o Social, Sistemas de Informa\u00e7\u00e3o e Tecnologia em Gest\u00e3o do Agroneg\u00f3cio.<\/p>\n\n\n\n<p><img src=\"https:\/\/central.to.gov.br\/image\/379587?w=670&amp;h=383\"><\/p>\n\n\n\n<p>Esse foi o primeiro concurso para professor efetivo da Unitins que ofertou vagas para todos os cinco c\u00e2mpus da Universidade &#8211; Nonato Silva\/Governo do Tocantins)&nbsp;<\/p>\n","protected":false},"excerpt":{"rendered":"<p>O Governo do Tocantins, por meio da Universidade Estadual do Tocantins (Unitins), convocou para nomea\u00e7\u00e3o os aprovados no concurso p\u00fablico para professor efetivo da Universidade. A lista com os nomes est\u00e1 dispon\u00edvel no&nbsp;Portal da Unitins. Os candidatos aprovados no certame t\u00eam 30 dias corridos para tomar posse, a contar da publica\u00e7\u00e3o da nomea\u00e7\u00e3o e da [&hellip;]<\/p>\n","protected":false},"author":2,"featured_media":19758,"comment_status":"open","ping_status":"open","sticky":false,"template":"","format":"standard","meta":[],"categories":[3],"tags":[13],"_links":{"self":[{"href":"https:\/\/dgospel.com.br\/portal\/index.php\/wp-json\/wp\/v2\/posts\/19757"}],"collection":[{"href":"https:\/\/dgospel.com.br\/portal\/index.php\/wp-json\/wp\/v2\/posts"}],"about":[{"href":"https:\/\/dgospel.com.br\/portal\/index.php\/wp-json\/wp\/v2\/types\/post"}],"author":[{"embeddable":true,"href":"https:\/\/dgospel.com.br\/portal\/index.php\/wp-json\/wp\/v2\/users\/2"}],"replies":[{"embeddable":true,"href":"https:\/\/dgospel.com.br\/portal\/index.php\/wp-json\/wp\/v2\/comments?post=19757"}],"version-history":[{"count":1,"href":"https:\/\/dgospel.com.br\/portal\/index.php\/wp-json\/wp\/v2\/posts\/19757\/revisions"}],"predecessor-version":[{"id":19759,"href":"https:\/\/dgospel.com.br\/portal\/index.php\/wp-json\/wp\/v2\/posts\/19757\/revisions\/19759"}],"wp:featuredmedia":[{"embeddable":true,"href":"https:\/\/dgospel.com.br\/portal\/index.php\/wp-json\/wp\/v2\/media\/19758"}],"wp:attachment":[{"href":"https:\/\/dgospel.com.br\/portal\/index.php\/wp-json\/wp\/v2\/media?parent=19757"}],"wp:term":[{"taxonomy":"category","embeddable":true,"href":"https:\/\/dgospel.com.br\/portal\/index.php\/wp-json\/wp\/v2\/categories?post=19757"},{"taxonomy":"post_tag","embeddable":true,"href":"https:\/\/dgospel.com.br\/portal\/index.php\/wp-json\/wp\/v2\/tags?post=19757"}],"curies":[{"name":"wp","href":"https:\/\/api.w.org\/{rel}","templated":true}]}}