{"id":19760,"date":"2024-06-03T22:56:28","date_gmt":"2024-06-04T01:56:28","guid":{"rendered":"https:\/\/dgospel.com.br\/portal\/?p=19760"},"modified":"2024-06-03T22:56:30","modified_gmt":"2024-06-04T01:56:30","slug":"wanderlei-barbosa-inaugura-comando-regional-de-policiamento-e-base-da-forca-tatica-em-araguaina-para-atender-mais-de-40-municipios","status":"publish","type":"post","link":"https:\/\/dgospel.com.br\/portal\/index.php\/2024\/06\/03\/wanderlei-barbosa-inaugura-comando-regional-de-policiamento-e-base-da-forca-tatica-em-araguaina-para-atender-mais-de-40-municipios\/","title":{"rendered":"Wanderlei Barbosa inaugura Comando Regional de Policiamento e base da For\u00e7a T\u00e1tica em Aragua\u00edna para atender mais de 40 munic\u00edpios"},"content":{"rendered":"\n<p>A cidade de Aragua\u00edna conta agora com uma nova sede do Comando Regional de Policiamento da 2\u00aa Regi\u00e3o (CRP-2), inaugurada nesta segunda-feira, 3, pelo governador do Tocantins, Wanderlei Barbosa. Na oportunidade, foi entregue tamb\u00e9m a base da For\u00e7a T\u00e1tica do 2\u00b0 Batalh\u00e3o da Pol\u00edcia Militar (BPM). As novas unidades\u00a0fazem parte de um conjunto de medidas do Governo do Tocantins para fortalecer a seguran\u00e7a p\u00fablica, garantindo recursos e estruturas adequadas para a atua\u00e7\u00e3o da Pol\u00edcia Militar do Tocantins.<br><br>Durante a solenidade, o governador Wanderlei Barbosa destacou a import\u00e2ncia do fortalecimento da seguran\u00e7a p\u00fablica na regi\u00e3o norte do Tocantins. \u201cEsta inaugura\u00e7\u00e3o representa um marco na seguran\u00e7a p\u00fablica do nosso Estado. Com a nova base da For\u00e7a T\u00e1tica e a sede do CRP-2, estamos investindo na prote\u00e7\u00e3o e no bem-estar dos cidad\u00e3os. Estamos trazendo benef\u00edcios para a popula\u00e7\u00e3o, que necessita e clama por seguran\u00e7a. Nosso governo tem investido nesse setor, pois queremos uma presen\u00e7a policial mais efetiva e bem-estruturada para garantir a paz e a ordem em nossos munic\u00edpios\u201d, afirmou o governador.<br><br><strong>Comando Regional de Policiamento<\/strong><br><br>A nova sede do CRP-2, em Aragua\u00edna, \u00e9 respons\u00e1vel pelo comando, pelo planejamento, pela supervis\u00e3o, pela coordena\u00e7\u00e3o e pelo controle de emprego das unidades do norte do Estado. A \u00e1rea atendida pelo CRP-2 abrange 55.921,087 km\u00b2, distribu\u00edda em mais de 40 munic\u00edpios, com uma popula\u00e7\u00e3o de 531.751 pessoas. A unidade \u00e9 composta por tr\u00eas batalh\u00f5es e tr\u00eas companhias independentes: o 2\u00b0 BPM, o 9\u00b0 BPM, o 14\u00b0 BPM, a 2\u00aa Companhia Independente de Pol\u00edcia Militar (CIPM), a 3\u00aa CIPM e a 5\u00aa CIPM.<br><br>O comandante-geral da Pol\u00edcia Militar do Tocantins (PMTO), coronel M\u00e1rcio Ant\u00f4nio Barbosa, tamb\u00e9m ressaltou a relev\u00e2ncia da nova estrutura para a Pol\u00edcia Militar e para a sociedade. \u201cA inaugura\u00e7\u00e3o desta base e do comando regional \u00e9 um avan\u00e7o significativo para a nossa corpora\u00e7\u00e3o. \u00c9 uma satisfa\u00e7\u00e3o estarmos aqui entregando obras importantes para a popula\u00e7\u00e3o. Estamos melhor equipados e preparados para enfrentar os desafios da seguran\u00e7a p\u00fablica, o que demonstra o empenho e os investimentos da gest\u00e3o Wanderlei com a seguran\u00e7a p\u00fablica\u201d,\u00a0 frisou o coronel M\u00e1rcio Ant\u00f4nio Barbosa.<br><br>O comandante do CRP-2, tenente-coronel Abner Alves,\u00a0expressou sua satisfa\u00e7\u00e3o com a nova instala\u00e7\u00e3o e a base da For\u00e7a T\u00e1tica. \u201cEstamos extremamente contentes com essa conquista. A nova sede e a Base da For\u00e7a T\u00e1tica representam um refor\u00e7o na nossa capacidade de resposta e na atua\u00e7\u00e3o em prol da seguran\u00e7a da comunidade. Estamos agora mais pr\u00f3ximos das unidades, a comunidade pode contar conosco e estamos aqui para dar todo o suporte necess\u00e1rio\u201d, declarou o tenente-coronel Abner Alves.<br><br>O Governo do Tocantins\u00a0entregou ainda nesta segunda-feira, 3, uma viatura nova para o 2\u00b0 BPM. O ve\u00edculo modelo S10 \u00e9 equipado com r\u00e1dio, estribo, giroflex e ser\u00e1 destinado para a Patrulha Rural.<br><br><strong>Base da For\u00e7a T\u00e1tica<\/strong><br><br>A base da For\u00e7a T\u00e1tica do 2\u00b0 BPM tamb\u00e9m foi inaugurada pelo governador Wanderlei Barbosa. O espa\u00e7o \u00e9 dividido em alojamento masculino e feminino, banheiros, cantina, cl\u00ednica veterin\u00e1ria, dep\u00f3sitos e canil, al\u00e9m de espa\u00e7o para treinamento de animais.<br><br>A nova estrutura promete aumentar a efic\u00e1cia das a\u00e7\u00f5es policiais na regi\u00e3o, proporcionando mais seguran\u00e7a e tranquilidade para os moradores. As equipes de For\u00e7a T\u00e1tica s\u00e3o respons\u00e1veis por realizar o patrulhamento ostensivo em \u00e1reas com alto \u00edndice de criminalidade, al\u00e9m de conduzir opera\u00e7\u00f5es de Controle de Dist\u00farbios Civis (CDC), resgates de ref\u00e9ns, interven\u00e7\u00f5es em sequestros, execu\u00e7\u00e3o de mandados de pris\u00e3o e manuten\u00e7\u00e3o da ordem p\u00fablica.<\/p>\n\n\n\n<p><img src=\"https:\/\/central.to.gov.br\/image\/379612?w=670&amp;h=383\"><\/p>\n\n\n\n<p>Governador Wanderlei Barbosa realiza o descerramento da fita inaugural da nova sede do CRP-2 em Aragua\u00edna &#8211; Ademir dos Anjos \/Governo do Tocantins&nbsp;<a href=\"https:\/\/central.to.gov.br\/image\/379612?f=1\" target=\"_blank\" rel=\"noreferrer noopener\"><em>file_download<\/em><\/a><\/p>\n\n\n\n<p><img src=\"https:\/\/central.to.gov.br\/image\/379610?w=670&amp;h=383\"><\/p>\n\n\n\n<p>Cerim\u00f4nia de inaugura\u00e7\u00e3o da base da For\u00e7a T\u00e1tica do 2\u00b0 BPM, com a presen\u00e7a de autoridades locais e estaduais &#8211; Ademir dos Anjos \/Governo do Tocantins&nbsp;<a href=\"https:\/\/central.to.gov.br\/image\/379610?f=1\" target=\"_blank\" rel=\"noreferrer noopener\"><em>file_download<\/em><\/a><\/p>\n\n\n\n<p><img src=\"https:\/\/central.to.gov.br\/image\/379611?w=670&amp;h=383\"><\/p>\n\n\n\n<p>Cerim\u00f4nia de inaugura\u00e7\u00e3o da base da For\u00e7a T\u00e1tica do 2\u00b0 BPM, com a presen\u00e7a de autoridades locais e estaduais &#8211; Ademir dos Anjos\/Governo do Tocantins&nbsp;<a href=\"https:\/\/central.to.gov.br\/image\/379611?f=1\" target=\"_blank\" rel=\"noreferrer noopener\"><em>file_download<\/em><\/a><\/p>\n\n\n\n<p><img src=\"https:\/\/central.to.gov.br\/image\/379609?w=670&amp;h=383\"><\/p>\n\n\n\n<p>Governador Wanderlei Barbosa discursa sobre a import\u00e2ncia da nova estrutura para a seguran\u00e7a p\u00fablica do Tocantins &#8211; Ademir dos Anjos \/Governo do Tocantins&nbsp;<a href=\"https:\/\/central.to.gov.br\/image\/379609?f=1\" target=\"_blank\" rel=\"noreferrer noopener\"><em>file_download<\/em><\/a><\/p>\n\n\n\n<p><img src=\"https:\/\/central.to.gov.br\/image\/379608?w=670&amp;h=383\"><\/p>\n\n\n\n<p>O Comandante-geral da PM-TO, coronel M\u00e1rcio Ant\u00f4nio Barbosa, falou sobre os avan\u00e7os na seguran\u00e7a p\u00fablica proporcionados pelas novas instala\u00e7\u00f5es &#8211; Ademir dos Anjos\/ Governo do Tocantins.&nbsp;<a href=\"https:\/\/central.to.gov.br\/image\/379608?f=1\" target=\"_blank\" rel=\"noreferrer noopener\"><em>file_download<\/em><\/a><\/p>\n\n\n\n<p><img src=\"https:\/\/central.to.gov.br\/image\/379607?w=670&amp;h=383\"><\/p>\n\n\n\n<p>Tenente-coronel Abner Alves, comandante do CRP-2, expressou satisfa\u00e7\u00e3o com as novas instala\u00e7\u00f5es durante a cerim\u00f4nia &#8211; Ademir dos Anjos\/ Governo do Tocantins.&nbsp;<a href=\"https:\/\/central.to.gov.br\/image\/379607?f=1\" target=\"_blank\" rel=\"noreferrer noopener\"><em>file_download<\/em><\/a><\/p>\n\n\n\n<p><img src=\"https:\/\/central.to.gov.br\/image\/379606?w=670&amp;h=383\"><\/p>\n\n\n\n<p>Nova viatura modelo S10, equipada para a Patrulha Rural, sendo entregue ao 2\u00b0 BPM &#8211; Ademir dos Anjos\/Governo do Tocantins&nbsp;<a href=\"https:\/\/central.to.gov.br\/image\/379606?f=1\" target=\"_blank\" rel=\"noreferrer noopener\"><em>file_download<\/em><\/a><\/p>\n\n\n\n<p><img src=\"https:\/\/central.to.gov.br\/image\/379605?w=670&amp;h=383\"><\/p>\n\n\n\n<p>Inaugura\u00e7\u00e3o da base da For\u00e7a T\u00e1tica do 2\u00b0 BPM, em Aragua\u00edna &#8211; Ademir dos Anjos \/Governo do Tocantins&nbsp;<a href=\"https:\/\/central.to.gov.br\/image\/379605?f=1\" target=\"_blank\" rel=\"noreferrer noopener\"><em>file_download<\/em><\/a><\/p>\n\n\n\n<p><img src=\"https:\/\/central.to.gov.br\/image\/379604?w=670&amp;h=383\"><\/p>\n\n\n\n<p>Inaugura\u00e7\u00e3o da nova sede do CRP-2, em Aragua\u00edna &#8211; Ademir dos Anjos\/Governo do Tocantins&nbsp;<a href=\"https:\/\/central.to.gov.br\/image\/379604?f=1\" target=\"_blank\" rel=\"noreferrer noopener\"><em>file_download<\/em><\/a><a href=\"javascript:\"><em>keyboard_arrow_up<\/em><\/a><\/p>\n","protected":false},"excerpt":{"rendered":"<p>A cidade de Aragua\u00edna conta agora com uma nova sede do Comando Regional de Policiamento da 2\u00aa Regi\u00e3o (CRP-2), inaugurada nesta segunda-feira, 3, pelo governador do Tocantins, Wanderlei Barbosa. Na oportunidade, foi entregue tamb\u00e9m a base da For\u00e7a T\u00e1tica do 2\u00b0 Batalh\u00e3o da Pol\u00edcia Militar (BPM). As novas unidades\u00a0fazem parte de um conjunto de medidas [&hellip;]<\/p>\n","protected":false},"author":2,"featured_media":19761,"comment_status":"open","ping_status":"open","sticky":false,"template":"","format":"standard","meta":[],"categories":[3],"tags":[13],"_links":{"self":[{"href":"https:\/\/dgospel.com.br\/portal\/index.php\/wp-json\/wp\/v2\/posts\/19760"}],"collection":[{"href":"https:\/\/dgospel.com.br\/portal\/index.php\/wp-json\/wp\/v2\/posts"}],"about":[{"href":"https:\/\/dgospel.com.br\/portal\/index.php\/wp-json\/wp\/v2\/types\/post"}],"author":[{"embeddable":true,"href":"https:\/\/dgospel.com.br\/portal\/index.php\/wp-json\/wp\/v2\/users\/2"}],"replies":[{"embeddable":true,"href":"https:\/\/dgospel.com.br\/portal\/index.php\/wp-json\/wp\/v2\/comments?post=19760"}],"version-history":[{"count":1,"href":"https:\/\/dgospel.com.br\/portal\/index.php\/wp-json\/wp\/v2\/posts\/19760\/revisions"}],"predecessor-version":[{"id":19762,"href":"https:\/\/dgospel.com.br\/portal\/index.php\/wp-json\/wp\/v2\/posts\/19760\/revisions\/19762"}],"wp:featuredmedia":[{"embeddable":true,"href":"https:\/\/dgospel.com.br\/portal\/index.php\/wp-json\/wp\/v2\/media\/19761"}],"wp:attachment":[{"href":"https:\/\/dgospel.com.br\/portal\/index.php\/wp-json\/wp\/v2\/media?parent=19760"}],"wp:term":[{"taxonomy":"category","embeddable":true,"href":"https:\/\/dgospel.com.br\/portal\/index.php\/wp-json\/wp\/v2\/categories?post=19760"},{"taxonomy":"post_tag","embeddable":true,"href":"https:\/\/dgospel.com.br\/portal\/index.php\/wp-json\/wp\/v2\/tags?post=19760"}],"curies":[{"name":"wp","href":"https:\/\/api.w.org\/{rel}","templated":true}]}}