{"id":19769,"date":"2024-06-05T17:10:18","date_gmt":"2024-06-05T20:10:18","guid":{"rendered":"https:\/\/dgospel.com.br\/portal\/?p=19769"},"modified":"2024-06-05T20:01:19","modified_gmt":"2024-06-05T23:01:19","slug":"ex-presidente-jair-bolsonaro-participa-de-encontro-com-lideres-evangelicos-nesta-sexta-feira-em-palmas","status":"publish","type":"post","link":"https:\/\/dgospel.com.br\/portal\/index.php\/2024\/06\/05\/ex-presidente-jair-bolsonaro-participa-de-encontro-com-lideres-evangelicos-nesta-sexta-feira-em-palmas\/","title":{"rendered":"Ex-presidente Jair Bolsonaro participa de encontro com l\u00edderes evang\u00e9licos nesta sexta-feira em Palmas"},"content":{"rendered":"\n<p>Nesta sexta-feira, 07 de junho, a capital do Tocantins ser\u00e1 palco de um importante evento para a comunidade evang\u00e9lica local. Ser\u00e1 realizado um grande encontro de lideran\u00e7as evang\u00e9licas com o ex-presidente Jair Bolsonaro. O evento ser\u00e1 organizado pela Ordem de Ministros do Evangelho de Palmas (OMEP), e reunir\u00e1 pastores e l\u00edderes crist\u00e3os de todo o estado.<\/p>\n\n\n\n<p>O encontro acontecer\u00e1 no Prince Eventos, localizado na 512 Sul, Rodovia TO 010, Marginal Oeste, pr\u00f3ximo ao S\u00f3 Filtros, e ter\u00e1 in\u00edcio \u00e0s 19:00 horas.<\/p>\n\n\n\n<p><strong>Presen\u00e7a de Autoridades<\/strong><\/p>\n\n\n\n<p>Al\u00e9m de Jair Bolsonaro, o evento contar\u00e1 com a presen\u00e7a de v\u00e1rias autoridades pol\u00edticas importantes, como o senador Eduardo Gomes, deputado federal Eli Dias Borges e deputada estadual e pr\u00e9-candidata \u00e0 Prefeitura de Palmas, Janad Valcari<\/p>\n\n\n\n<p><strong>Um Marco para a Comunidade Crist\u00e3<\/strong><\/p>\n\n\n\n<p>Este encontro promete ser um marco para a comunidade crist\u00e3 de Palmas, oferecendo um espa\u00e7o para discuss\u00f5es profundas sobre temas relevantes como f\u00e9, fam\u00edlia, liberdade e p\u00e1tria. O ex-presidente Bolsonaro, conhecido por seu forte posicionamento em defesa dos valores crist\u00e3os, ser\u00e1 o principal orador da noite.<\/p>\n\n\n\n<p><strong>Expectativas Elevadas<\/strong><\/p>\n\n\n\n<p>O Ap\u00f3stolo Sebasti\u00e3o Tertuliano, presidente da OMEP, expressou grande expectativa para este encontro. \u201cEstamos muito animados para receber l\u00edderes de toda a regi\u00e3o e ouvir as palavras de Jair Bolsonaro e das outras autoridades presentes. Este evento ser\u00e1 uma grande oportunidade para fortalecer a nossa f\u00e9 e discutir importantes quest\u00f5es sociais e pol\u00edticas sob a perspectiva crist\u00e3\u201d, afirmou Tertuliano.<\/p>\n\n\n\n<p><strong>Programa\u00e7\u00e3o e Temas<\/strong><\/p>\n\n\n\n<p>Os participantes poder\u00e3o esperar uma programa\u00e7\u00e3o rica e diversificada, abordando subtemas de grande interesse, como:<\/p>\n\n\n\n<p>&nbsp;&nbsp;&nbsp; F\u00e9 e Espiritualidade: A Import\u00e2ncia da F\u00e9 na Vida Moderna<\/p>\n\n\n\n<p>&nbsp; &nbsp;&nbsp;Fam\u00edlia e Valores: Protegendo os Valores da Fam\u00edlia Tradicional<\/p>\n\n\n\n<p>&nbsp;&nbsp;&nbsp; Liberdade e Direitos: Defendendo a Liberdade Religiosa no Brasil<\/p>\n\n\n\n<p>&nbsp;&nbsp;&nbsp; P\u00e1tria e Cidadania: Patriotismo e Dever C\u00edvico no Brasil Atual<\/p>\n\n\n\n<p>&nbsp;&nbsp;&nbsp; Futuro e Esperan\u00e7a: Vis\u00f5es e Desafios para o Futuro do Brasil<\/p>\n\n\n\n<p>&nbsp;&nbsp;&nbsp; Unidade e Coopera\u00e7\u00e3o: A Coopera\u00e7\u00e3o entre Igreja e Estado<\/p>\n\n\n\n<p><strong>Expectativas para o Evento<\/strong><\/p>\n\n\n\n<p>Os organizadores do evento esperam uma grande participa\u00e7\u00e3o da comunidade evang\u00e9lica e dos l\u00edderes religiosos de Palmas e regi\u00e3o. A presen\u00e7a de Jair Bolsonaro, juntamente com outras figuras pol\u00edticas de destaque, \u00e9 vista como uma oportunidade \u00fanica para discutir quest\u00f5es fundamentais para a sociedade brasileira sob a perspectiva crist\u00e3.<\/p>\n\n\n\n<p><strong>Seguran\u00e7a e Log\u00edstica<\/strong><\/p>\n\n\n\n<p>Para garantir a seguran\u00e7a de todos os participantes, a organiza\u00e7\u00e3o do evento est\u00e1 tomando todas as medidas necess\u00e1rias, incluindo a coordena\u00e7\u00e3o com as autoridades locais. Recomenda-se que os participantes cheguem com anteced\u00eancia para evitar transtornos.<\/p>\n\n\n\n<p><strong>Servi\u00e7o<\/strong><\/p>\n\n\n\n<p>&nbsp;&nbsp;Evento: Encontro de L\u00edderes e Ministros do Evangelho &#8211; OMEP com Jair Bolsonaro<\/p>\n\n\n\n<p>&nbsp;&nbsp;&nbsp; Data: 07 de junho de 2024<\/p>\n\n\n\n<p>&nbsp;&nbsp;&nbsp; Hor\u00e1rio: 19:00 horas<\/p>\n\n\n\n<p>&nbsp;&nbsp;&nbsp; Local: Prince Eventos &#8211; 512 Sul, Rodovia TO 010, Marginal Oeste, Pr\u00f3ximo ao S\u00f3 Filtros, Palmas, TO, Brasil<\/p>\n\n\n\n<p>O Encontro de L\u00edderes e Ministros do Evangelho com Jair Bolsonaro promete ser uma noite memor\u00e1vel de f\u00e9, reflex\u00e3o e uni\u00e3o para todos os presentes.<\/p>\n","protected":false},"excerpt":{"rendered":"<p>Nesta sexta-feira, 07 de junho, a capital do Tocantins ser\u00e1 palco de um importante evento para a comunidade evang\u00e9lica local. Ser\u00e1 realizado um grande encontro de lideran\u00e7as evang\u00e9licas com o ex-presidente Jair Bolsonaro. O evento ser\u00e1 organizado pela Ordem de Ministros do Evangelho de Palmas (OMEP), e reunir\u00e1 pastores e l\u00edderes crist\u00e3os de todo o [&hellip;]<\/p>\n","protected":false},"author":2,"featured_media":19772,"comment_status":"open","ping_status":"open","sticky":false,"template":"","format":"standard","meta":[],"categories":[5],"tags":[13],"_links":{"self":[{"href":"https:\/\/dgospel.com.br\/portal\/index.php\/wp-json\/wp\/v2\/posts\/19769"}],"collection":[{"href":"https:\/\/dgospel.com.br\/portal\/index.php\/wp-json\/wp\/v2\/posts"}],"about":[{"href":"https:\/\/dgospel.com.br\/portal\/index.php\/wp-json\/wp\/v2\/types\/post"}],"author":[{"embeddable":true,"href":"https:\/\/dgospel.com.br\/portal\/index.php\/wp-json\/wp\/v2\/users\/2"}],"replies":[{"embeddable":true,"href":"https:\/\/dgospel.com.br\/portal\/index.php\/wp-json\/wp\/v2\/comments?post=19769"}],"version-history":[{"count":2,"href":"https:\/\/dgospel.com.br\/portal\/index.php\/wp-json\/wp\/v2\/posts\/19769\/revisions"}],"predecessor-version":[{"id":19773,"href":"https:\/\/dgospel.com.br\/portal\/index.php\/wp-json\/wp\/v2\/posts\/19769\/revisions\/19773"}],"wp:featuredmedia":[{"embeddable":true,"href":"https:\/\/dgospel.com.br\/portal\/index.php\/wp-json\/wp\/v2\/media\/19772"}],"wp:attachment":[{"href":"https:\/\/dgospel.com.br\/portal\/index.php\/wp-json\/wp\/v2\/media?parent=19769"}],"wp:term":[{"taxonomy":"category","embeddable":true,"href":"https:\/\/dgospel.com.br\/portal\/index.php\/wp-json\/wp\/v2\/categories?post=19769"},{"taxonomy":"post_tag","embeddable":true,"href":"https:\/\/dgospel.com.br\/portal\/index.php\/wp-json\/wp\/v2\/tags?post=19769"}],"curies":[{"name":"wp","href":"https:\/\/api.w.org\/{rel}","templated":true}]}}