{"id":19777,"date":"2024-06-05T20:47:30","date_gmt":"2024-06-05T23:47:30","guid":{"rendered":"https:\/\/dgospel.com.br\/portal\/?p=19777"},"modified":"2024-06-05T20:47:31","modified_gmt":"2024-06-05T23:47:31","slug":"especialistas-rechacam-arrozbras-do-governo-lula-erro-historico","status":"publish","type":"post","link":"https:\/\/dgospel.com.br\/portal\/index.php\/2024\/06\/05\/especialistas-rechacam-arrozbras-do-governo-lula-erro-historico\/","title":{"rendered":"Especialistas recha\u00e7am Arrozbras do governo Lula: \u201cErro hist\u00f3rico\u201d"},"content":{"rendered":"\n<p>In\u00fameros especialistas t\u00eam alertado para os perigos envolvendo \u00e0 mobiliza\u00e7\u00e3o do governo Lula (PT) para importar arroz e vender no mercado interno abaixo do pre\u00e7o e com sua pr\u00f3pria logomarca. Para os analistas, trata-se de um \u201cgrande erro na pol\u00edtica agr\u00edcola\u201d, que gerar\u00e1 consequ\u00eancias como a desorganiza\u00e7\u00e3o do mercado, eleva\u00e7\u00e3o de pre\u00e7os e preju\u00edzos para os pr\u00f3prios produtores do Rio Grande do Sul.<\/p>\n\n\n\n<p>\u00c9 o que argumenta o produtor rural e ex-ministro da Agricultura do governo Collor (1990-1992), Ant\u00f4nio Cabrera. Em entrevista ao Gazeta do Povo, ele afirma que \u201cse for pensar numa jogada em que tudo est\u00e1 errado, \u00e9 exatamente essa do governo\u201d. Em sua vis\u00e3o, a \u201cagricultura se vingar\u00e1 no ano seguinte\u201d, pois a iniciativa causar\u00e1 desest\u00edmulo para o plantio da pr\u00f3xima safra.<\/p>\n\n\n\n<p>\u2013 Muita gente j\u00e1 n\u00e3o vai plantar mais arroz, porque se sentiu inseguro. Se for para cometer um erro, vamos tentar cometer um erro novo. Mas o governo est\u00e1 repetindo, e isso, desculpa a express\u00e3o um pouco forte, \u00e9 uma estupidez \u2013 frisou.<\/p>\n\n\n\n<p>Em coluna ao Estad\u00e3o, o jornalista Fausto Macedo, que escreve sobre pol\u00edtica, direito do consumidor e sociedade, discursou no mesmo sentido e chegou a comparar a medida com a que Nicol\u00e1s Maduro tomou ao decidir vender gasolina abaixo do pre\u00e7o de mercado.<\/p>\n\n\n\n<p>\u2013 Essa interven\u00e7\u00e3o no mercado vai representar um desest\u00edmulo \u00e0 planta\u00e7\u00e3o de arroz no Brasil, porque os agricultores ter\u00e3o preju\u00edzos. Ao fazer esse tabelamento, que desestimula o plantio, possivelmente ficaremos dependentes da importa\u00e7\u00e3o de arroz, quando somos autossuficientes e exportadores. Isso representa uma interven\u00e7\u00e3o semelhante \u00e0quela que vimos Nicol\u00e1s Maduro fazer na Venezuela, quando resolveu vender a gasolina t\u00e3o barata e muito abaixo do pre\u00e7o de mercado. Apesar de o pa\u00eds ter a maior reserva de petr\u00f3leo do mundo, a medida desestruturou toda a ind\u00fastria petrol\u00edfera do pa\u00eds \u2013 enfatizou.<\/p>\n\n\n\n<p>Gede\u00e3o Pereira, presidente da Federa\u00e7\u00e3o da Agricultura do estado (Farsul), tamb\u00e9m destacou a autossufici\u00eancia do Brasil no abastecimento de arroz. Para ele, a importa\u00e7\u00e3o \u00e9 \u201cdesnecess\u00e1ria\u201d, pois aproximadamente 84% da safra ga\u00facha de arroz j\u00e1 havia sido colhida antes das enchentes, segundo dados do IBGE (Instituto Brasileiro de Geografia e Estat\u00edstica).<\/p>\n\n\n\n<p>Em sua an\u00e1lise, Cabrera foi mais um a expressar preocupa\u00e7\u00e3o com o destino do arroz excedente. Ele recorda que a campanha de Collor \u00e0 presid\u00eancia teve como uma das bandeiras o discurso contra esse tipo de iniciativa. \u00c0 \u00e9poca, o candidato \u00e0 presid\u00eancia exibiu imagens de arroz apodrecendo nos armaz\u00e9ns estatais da Companhia Nacional de Abastecimento (Conab) e de 100 mil toneladas de carne importada contaminada pelo acidente nuclear de Chernobyl.<\/p>\n\n\n\n<p>\u2013 O resultado foi catastr\u00f3fico. Tomamos a decis\u00e3o de que o governo n\u00e3o iria mais importar alimentos e que tal iniciativa, se necess\u00e1ria, seria tomada pela iniciativa privada. A partir de Collor, o governo n\u00e3o teve mais estoques p\u00fablicos e esse foi um dos motivos para o agro ter se tornado o que \u00e9 hoje \u2013 acrescentou.<\/p>\n\n\n\n<p><strong>ABUSO DE PODER POL\u00cdTICO?<\/strong><br>Outra problem\u00e1tica enxergada pelo ex-ministro \u00e9 o fato de o governo estar planejando vender arroz com sua logomarca em ano de elei\u00e7\u00f5es. Ele questiona uma suposta in\u00e9rcia do Tribunal Superior Eleitoral (TSE) diante desse caso.<\/p>\n\n\n\n<p>\u2013 Nunca vi um abuso pol\u00edtico como esse. O governo vender arroz no mercado, embalado com marca pr\u00f3pria, \u00e0s v\u00e9speras de uma elei\u00e7\u00e3o, \u00e9 algo inacredit\u00e1vel. Eu diria que um TSE [Tribunal Superior Eleitoral] s\u00e9rio deveria dar 24h para o governo se explicar \u2013 destacou.<\/p>\n\n\n\n<p>Presidente da Frente Parlamentar da Agropecu\u00e1ria (FPA), o deputado Pedro Lupion (PL-PR) demonstrou a mesma preocupa\u00e7\u00e3o.<\/p>\n\n\n\n<p>\u2013 Vender arroz com a marca do governo federal \u00e9 abuso de poder pol\u00edtico \u2013 assinalou.<\/p>\n\n\n\n<p><strong>STF E TCU S\u00c3O ACIONADOS<\/strong><br>Nos \u00faltimos dias, a pr\u00f3pria Confedera\u00e7\u00e3o da Agricultura e Pecu\u00e1ria (CNA) recorreu ao Supremo Tribunal Federal (STF) por meio de uma A\u00e7\u00e3o Direta de Inconstitucionalidade (ADI).<\/p>\n\n\n\n<p>Para a entidade, a chamada \u201cArrozbras\u201d do governo deve desestabilizar a cadeia produtiva, \u201ccriando instabilidade de pre\u00e7os, prejudicando produtores locais de arroz, desconsiderando os gr\u00e3os j\u00e1 colhidos e armazenados, e, ainda, comprometendo as economias de produtores rurais que hoje j\u00e1 sofrem com a trag\u00e9dia e com os impactos das enchentes\u201d.<\/p>\n\n\n\n<p>Parlamentares do Partido Novo tamb\u00e9m se mobilizaram contra a a\u00e7\u00e3o do governo, acionando o Tribunal de Contas da Uni\u00e3o (TCU). Os representantes da sigla pedem a anula\u00e7\u00e3o do aviso de compra, utilizando como argumento o an\u00fancio oficial do governo ga\u00facho de que as enchentes n\u00e3o geraram risco para o abastecimento de arroz no Brasil.<\/p>\n\n\n\n<p><strong>\u201cERRO HIST\u00d3RICO\u201d<\/strong><br>Tamb\u00e9m ao Gazeta do Povo, o ex-servidor da Conab, Carlos Cogo, antecipa que o controle artificial do governo ao pre\u00e7o do arroz pode gerar tamb\u00e9m a diminui\u00e7\u00e3o da \u00e1rea de plantio do arroz, que antes tinha previs\u00e3o de aumentar de 8% a 10%.<\/p>\n\n\n\n<p>\u2013 Quem vai plantar arroz sabendo que o governo vai despejar depois um produto subsidiado com pre\u00e7o controlado? Ele quer estimular o arroz, mas se os pre\u00e7os subirem, vai entrar no mercado e derrubar o pre\u00e7o, \u00e9 isso? \u00c9 um erro hist\u00f3rico. N\u00f3s vamos contar para as pr\u00f3ximas gera\u00e7\u00f5es esse erro, \u00e9 daqueles que entram para o manual sobre o que n\u00e3o fazer numa economia de pol\u00edtica agr\u00edcola no pa\u00eds \u2013 frisa Cogo.<\/p>\n\n\n\n<p>Na vis\u00e3o de J.R. Guzzo, colunista do Gazeta do Povo, a \u201c\u2018Arrozbras\u2019 de Lula \u00e9 coisa de ditadura subdesenvolvida de terceira categoria\u201d e deve durar apenas at\u00e9 os \u201cestrategistas de comunica\u00e7\u00e3o de Bras\u00edlia acharem que\u201d a medida \u201cj\u00e1 rendeu o que tinha que render\u201d.<\/p>\n\n\n\n<p>Para ele, o governo simula uma crise de abastecimento para fingir que o presidente Lula (PT) conseguiu conter o pre\u00e7o do arroz.<\/p>\n\n\n\n<p>\u2013 A decis\u00e3o do governo, al\u00e9m de demagogia em estado bruto, tamb\u00e9m \u00e9 flagrantemente lesiva ao interesse p\u00fablico. (\u2026) O problema, nessa hist\u00f3ria toda, \u00e9 que o Brasil n\u00e3o precisa de um \u00fanico quilo de arroz importado. Ao contr\u00e1rio. A safra deste ano \u00e9 600 mil toneladas superior ao necess\u00e1rio para abastecer o mercado interno. Na verdade, os produtores ter\u00e3o de exportar esse excedente, ao mesmo tempo em que o governo estar\u00e1 comprando arroz no mercado externo. \u00c9 poss\u00edvel, at\u00e9, que os graneleiros se cruzem no mar, uns levando e outros trazendo arroz \u2013 ironizou.<\/p>\n","protected":false},"excerpt":{"rendered":"<p>In\u00fameros especialistas t\u00eam alertado para os perigos envolvendo \u00e0 mobiliza\u00e7\u00e3o do governo Lula (PT) para importar arroz e vender no mercado interno abaixo do pre\u00e7o e com sua pr\u00f3pria logomarca. Para os analistas, trata-se de um \u201cgrande erro na pol\u00edtica agr\u00edcola\u201d, que gerar\u00e1 consequ\u00eancias como a desorganiza\u00e7\u00e3o do mercado, eleva\u00e7\u00e3o de pre\u00e7os e preju\u00edzos para [&hellip;]<\/p>\n","protected":false},"author":2,"featured_media":19778,"comment_status":"open","ping_status":"open","sticky":false,"template":"","format":"standard","meta":[],"categories":[10],"tags":[],"_links":{"self":[{"href":"https:\/\/dgospel.com.br\/portal\/index.php\/wp-json\/wp\/v2\/posts\/19777"}],"collection":[{"href":"https:\/\/dgospel.com.br\/portal\/index.php\/wp-json\/wp\/v2\/posts"}],"about":[{"href":"https:\/\/dgospel.com.br\/portal\/index.php\/wp-json\/wp\/v2\/types\/post"}],"author":[{"embeddable":true,"href":"https:\/\/dgospel.com.br\/portal\/index.php\/wp-json\/wp\/v2\/users\/2"}],"replies":[{"embeddable":true,"href":"https:\/\/dgospel.com.br\/portal\/index.php\/wp-json\/wp\/v2\/comments?post=19777"}],"version-history":[{"count":1,"href":"https:\/\/dgospel.com.br\/portal\/index.php\/wp-json\/wp\/v2\/posts\/19777\/revisions"}],"predecessor-version":[{"id":19779,"href":"https:\/\/dgospel.com.br\/portal\/index.php\/wp-json\/wp\/v2\/posts\/19777\/revisions\/19779"}],"wp:featuredmedia":[{"embeddable":true,"href":"https:\/\/dgospel.com.br\/portal\/index.php\/wp-json\/wp\/v2\/media\/19778"}],"wp:attachment":[{"href":"https:\/\/dgospel.com.br\/portal\/index.php\/wp-json\/wp\/v2\/media?parent=19777"}],"wp:term":[{"taxonomy":"category","embeddable":true,"href":"https:\/\/dgospel.com.br\/portal\/index.php\/wp-json\/wp\/v2\/categories?post=19777"},{"taxonomy":"post_tag","embeddable":true,"href":"https:\/\/dgospel.com.br\/portal\/index.php\/wp-json\/wp\/v2\/tags?post=19777"}],"curies":[{"name":"wp","href":"https:\/\/api.w.org\/{rel}","templated":true}]}}