{"id":19784,"date":"2024-06-08T14:13:23","date_gmt":"2024-06-08T17:13:23","guid":{"rendered":"https:\/\/dgospel.com.br\/portal\/?p=19784"},"modified":"2024-06-08T14:14:54","modified_gmt":"2024-06-08T17:14:54","slug":"presidente-da-omep-apostolo-tertuliano-diz-durante-reuniao-que-o-ex-presidente-bolsonaro-influenciou-na-mobilizacao-politica","status":"publish","type":"post","link":"https:\/\/dgospel.com.br\/portal\/index.php\/2024\/06\/08\/presidente-da-omep-apostolo-tertuliano-diz-durante-reuniao-que-o-ex-presidente-bolsonaro-influenciou-na-mobilizacao-politica\/","title":{"rendered":"Presidente da OMEP Ap\u00f3stolo Tertuliano diz durante reuni\u00e3o que o ex-presidente Bolsonaro influenciou a mobiliza\u00e7\u00e3o pol\u00edtica dos evang\u00e9licos"},"content":{"rendered":"\n<p>Foi realizado um grande e importante evento religioso nesta sexta-feira, 7 de junho, em Palmas. O evento que contou com a presen\u00e7a do ex-presidente Jair Bolsonaro, teve significativo apoio da Ordem dos Ministros do Evangelho de Palmas (OMEP). A ocasi\u00e3o reuniu l\u00edderes religiosos e membros da comunidade evang\u00e9lica para um momento de reflex\u00e3o e debate sobre a participa\u00e7\u00e3o dos crist\u00e3os na pol\u00edtica.<\/p>\n\n\n\n<p><\/p>\n\n\n\n<figure class=\"wp-block-image size-large\"><img loading=\"lazy\" width=\"1024\" height=\"682\" src=\"https:\/\/dgospel.com.br\/portal\/wp-content\/uploads\/2024\/06\/000000000-1024x682.jpeg\" alt=\"\" class=\"wp-image-19786\" srcset=\"https:\/\/dgospel.com.br\/portal\/wp-content\/uploads\/2024\/06\/000000000-1024x682.jpeg 1024w, https:\/\/dgospel.com.br\/portal\/wp-content\/uploads\/2024\/06\/000000000-300x200.jpeg 300w, https:\/\/dgospel.com.br\/portal\/wp-content\/uploads\/2024\/06\/000000000-768x512.jpeg 768w, https:\/\/dgospel.com.br\/portal\/wp-content\/uploads\/2024\/06\/000000000.jpeg 1536w\" sizes=\"(max-width: 1024px) 100vw, 1024px\" \/><\/figure>\n\n\n\n<p>O evento destacou-se pela presen\u00e7a e discurso do presidente da OMEP, Ap\u00f3stolo Tertuliano. Em sua fala, o Ap\u00f3stolo Tertuliano ressaltou a influ\u00eancia do ex-presidente Jair Bolsonaro na mobiliza\u00e7\u00e3o pol\u00edtica dos evang\u00e9licos. &#8220;Bolsonaro despertou nos evang\u00e9licos o interesse pela pol\u00edtica, n\u00e3o s\u00f3 orando pelas autoridades como manda Romanos 13, mas tamb\u00e9m participando ativamente da pol\u00edtica em todo o Brasil,&#8221; afirmou o l\u00edder religioso.<\/p>\n\n\n\n<p><\/p>\n\n\n\n<figure class=\"wp-block-image size-large\"><img loading=\"lazy\" width=\"1024\" height=\"768\" src=\"https:\/\/dgospel.com.br\/portal\/wp-content\/uploads\/2024\/06\/002-1024x768.jpg\" alt=\"\" class=\"wp-image-19787\" srcset=\"https:\/\/dgospel.com.br\/portal\/wp-content\/uploads\/2024\/06\/002-1024x768.jpg 1024w, https:\/\/dgospel.com.br\/portal\/wp-content\/uploads\/2024\/06\/002-300x225.jpg 300w, https:\/\/dgospel.com.br\/portal\/wp-content\/uploads\/2024\/06\/002-768x576.jpg 768w, https:\/\/dgospel.com.br\/portal\/wp-content\/uploads\/2024\/06\/002.jpg 1280w\" sizes=\"(max-width: 1024px) 100vw, 1024px\" \/><\/figure>\n\n\n\n<p>O Ap\u00f3stolo Tertuliano sublinhou a import\u00e2ncia de os crist\u00e3os se envolverem de forma mais direta na pol\u00edtica, n\u00e3o apenas intercedendo espiritualmente pelas autoridades, mas tamb\u00e9m assumindo pap\u00e9is ativos nas decis\u00f5es que afetam a sociedade. Este evento marcou um passo significativo na consolida\u00e7\u00e3o do papel dos evang\u00e9licos no cen\u00e1rio pol\u00edtico nacional, promovendo um di\u00e1logo sobre a f\u00e9 e o compromisso c\u00edvico.<\/p>\n\n\n\n<p><\/p>\n\n\n\n<figure class=\"wp-block-image size-large\"><img loading=\"lazy\" width=\"473\" height=\"1024\" src=\"https:\/\/dgospel.com.br\/portal\/wp-content\/uploads\/2024\/06\/0003-473x1024.jpg\" alt=\"\" class=\"wp-image-19788\" srcset=\"https:\/\/dgospel.com.br\/portal\/wp-content\/uploads\/2024\/06\/0003-473x1024.jpg 473w, https:\/\/dgospel.com.br\/portal\/wp-content\/uploads\/2024\/06\/0003-139x300.jpg 139w, https:\/\/dgospel.com.br\/portal\/wp-content\/uploads\/2024\/06\/0003.jpg 591w\" sizes=\"(max-width: 473px) 100vw, 473px\" \/><\/figure>\n\n\n\n<p>A OMEP, sob a lideran\u00e7a do Ap\u00f3stolo Tertuliano, continua a incentivar a comunidade evang\u00e9lica a integrar-se mais profundamente nas esferas pol\u00edticas, buscando a constru\u00e7\u00e3o de um Brasil mais justo e alinhado com os valores crist\u00e3os.<\/p>\n","protected":false},"excerpt":{"rendered":"<p>Foi realizado um grande e importante evento religioso nesta sexta-feira, 7 de junho, em Palmas. O evento que contou com a presen\u00e7a do ex-presidente Jair Bolsonaro, teve significativo apoio da Ordem dos Ministros do Evangelho de Palmas (OMEP). A ocasi\u00e3o reuniu l\u00edderes religiosos e membros da comunidade evang\u00e9lica para um momento de reflex\u00e3o e debate [&hellip;]<\/p>\n","protected":false},"author":2,"featured_media":19785,"comment_status":"open","ping_status":"open","sticky":false,"template":"","format":"standard","meta":[],"categories":[4],"tags":[13],"_links":{"self":[{"href":"https:\/\/dgospel.com.br\/portal\/index.php\/wp-json\/wp\/v2\/posts\/19784"}],"collection":[{"href":"https:\/\/dgospel.com.br\/portal\/index.php\/wp-json\/wp\/v2\/posts"}],"about":[{"href":"https:\/\/dgospel.com.br\/portal\/index.php\/wp-json\/wp\/v2\/types\/post"}],"author":[{"embeddable":true,"href":"https:\/\/dgospel.com.br\/portal\/index.php\/wp-json\/wp\/v2\/users\/2"}],"replies":[{"embeddable":true,"href":"https:\/\/dgospel.com.br\/portal\/index.php\/wp-json\/wp\/v2\/comments?post=19784"}],"version-history":[{"count":2,"href":"https:\/\/dgospel.com.br\/portal\/index.php\/wp-json\/wp\/v2\/posts\/19784\/revisions"}],"predecessor-version":[{"id":19790,"href":"https:\/\/dgospel.com.br\/portal\/index.php\/wp-json\/wp\/v2\/posts\/19784\/revisions\/19790"}],"wp:featuredmedia":[{"embeddable":true,"href":"https:\/\/dgospel.com.br\/portal\/index.php\/wp-json\/wp\/v2\/media\/19785"}],"wp:attachment":[{"href":"https:\/\/dgospel.com.br\/portal\/index.php\/wp-json\/wp\/v2\/media?parent=19784"}],"wp:term":[{"taxonomy":"category","embeddable":true,"href":"https:\/\/dgospel.com.br\/portal\/index.php\/wp-json\/wp\/v2\/categories?post=19784"},{"taxonomy":"post_tag","embeddable":true,"href":"https:\/\/dgospel.com.br\/portal\/index.php\/wp-json\/wp\/v2\/tags?post=19784"}],"curies":[{"name":"wp","href":"https:\/\/api.w.org\/{rel}","templated":true}]}}