{"id":19791,"date":"2024-06-10T10:32:10","date_gmt":"2024-06-10T13:32:10","guid":{"rendered":"https:\/\/dgospel.com.br\/portal\/?p=19791"},"modified":"2024-06-10T10:32:12","modified_gmt":"2024-06-10T13:32:12","slug":"macron-aplica-golpe-na-franca-apos-vitoria-da-direita-e-dissolve-parlamento","status":"publish","type":"post","link":"https:\/\/dgospel.com.br\/portal\/index.php\/2024\/06\/10\/macron-aplica-golpe-na-franca-apos-vitoria-da-direita-e-dissolve-parlamento\/","title":{"rendered":"Macron aplica golpe na Fran\u00e7a, ap\u00f3s vit\u00f3ria da direita, e dissolve parlamento"},"content":{"rendered":"\n<p>O presidente da Fran\u00e7a, Emmanuel Macron, anunciou neste domingo, 9, a dissolu\u00e7\u00e3o da Assembleia Nacional ap\u00f3s a vit\u00f3ria da direita nas elei\u00e7\u00f5es para o Parlamento Europeu. \u201cDecidi devolver-lhes a escolha do futuro parlamentar\u201d, afirmou o presidente franc\u00eas, acrescentando: \u201cEsta decis\u00e3o \u00e9 s\u00e9ria, pesada mas acima de tudo \u00e9 um ato de confian\u00e7a\u201d.<\/p>\n\n\n\n<p>Macron convocou elei\u00e7\u00f5es legislativas antecipadas para os dias 30 de junho e 7 de julho.<\/p>\n\n\n\n<p>O an\u00fancio ocorreu ap\u00f3s as primeiras proje\u00e7\u00f5es da imprensa francesa indicarem que o Reuni\u00e3o Nacional, liderado por Marine Le Pen e Jordan Bardella, obteve 31,5% dos votos, quase um ter\u00e7o do total. O resultado \u00e9 mais do que o dobro dos votos previstos para a legenda de Macron, que alcan\u00e7ou apenas 15,2%.<\/p>\n\n\n\n<p>Durante seu discurso, Macron declarou que o resultado \u201cn\u00e3o \u00e9 bom para os partidos que defendem a Europa\u201d.<\/p>\n\n\n\n<p>Marine Le Pen classificou a vit\u00f3ria de seu partido como um acontecimento \u201chist\u00f3rico\u201d. \u201cEstamos prontos para assumir o poder se os franceses nos derem a sua confian\u00e7a nas pr\u00f3ximas elei\u00e7\u00f5es nacionais\u201d, disse Le Pen.<\/p>\n","protected":false},"excerpt":{"rendered":"<p>O presidente da Fran\u00e7a, Emmanuel Macron, anunciou neste domingo, 9, a dissolu\u00e7\u00e3o da Assembleia Nacional ap\u00f3s a vit\u00f3ria da direita nas elei\u00e7\u00f5es para o Parlamento Europeu. \u201cDecidi devolver-lhes a escolha do futuro parlamentar\u201d, afirmou o presidente franc\u00eas, acrescentando: \u201cEsta decis\u00e3o \u00e9 s\u00e9ria, pesada mas acima de tudo \u00e9 um ato de confian\u00e7a\u201d. Macron convocou elei\u00e7\u00f5es [&hellip;]<\/p>\n","protected":false},"author":2,"featured_media":19792,"comment_status":"open","ping_status":"open","sticky":false,"template":"","format":"standard","meta":[],"categories":[16],"tags":[13],"_links":{"self":[{"href":"https:\/\/dgospel.com.br\/portal\/index.php\/wp-json\/wp\/v2\/posts\/19791"}],"collection":[{"href":"https:\/\/dgospel.com.br\/portal\/index.php\/wp-json\/wp\/v2\/posts"}],"about":[{"href":"https:\/\/dgospel.com.br\/portal\/index.php\/wp-json\/wp\/v2\/types\/post"}],"author":[{"embeddable":true,"href":"https:\/\/dgospel.com.br\/portal\/index.php\/wp-json\/wp\/v2\/users\/2"}],"replies":[{"embeddable":true,"href":"https:\/\/dgospel.com.br\/portal\/index.php\/wp-json\/wp\/v2\/comments?post=19791"}],"version-history":[{"count":1,"href":"https:\/\/dgospel.com.br\/portal\/index.php\/wp-json\/wp\/v2\/posts\/19791\/revisions"}],"predecessor-version":[{"id":19793,"href":"https:\/\/dgospel.com.br\/portal\/index.php\/wp-json\/wp\/v2\/posts\/19791\/revisions\/19793"}],"wp:featuredmedia":[{"embeddable":true,"href":"https:\/\/dgospel.com.br\/portal\/index.php\/wp-json\/wp\/v2\/media\/19792"}],"wp:attachment":[{"href":"https:\/\/dgospel.com.br\/portal\/index.php\/wp-json\/wp\/v2\/media?parent=19791"}],"wp:term":[{"taxonomy":"category","embeddable":true,"href":"https:\/\/dgospel.com.br\/portal\/index.php\/wp-json\/wp\/v2\/categories?post=19791"},{"taxonomy":"post_tag","embeddable":true,"href":"https:\/\/dgospel.com.br\/portal\/index.php\/wp-json\/wp\/v2\/tags?post=19791"}],"curies":[{"name":"wp","href":"https:\/\/api.w.org\/{rel}","templated":true}]}}