{"id":19796,"date":"2024-06-10T21:32:51","date_gmt":"2024-06-11T00:32:51","guid":{"rendered":"https:\/\/dgospel.com.br\/portal\/?p=19796"},"modified":"2024-06-10T21:32:52","modified_gmt":"2024-06-11T00:32:52","slug":"direita-ganha-forca-nas-eleicoes-europeias-com-vitoria-na-franca-espanha-italia-e-belgica","status":"publish","type":"post","link":"https:\/\/dgospel.com.br\/portal\/index.php\/2024\/06\/10\/direita-ganha-forca-nas-eleicoes-europeias-com-vitoria-na-franca-espanha-italia-e-belgica\/","title":{"rendered":"<strong>Direita ganha for\u00e7a nas elei\u00e7\u00f5es europeias com vit\u00f3ria na Fran\u00e7a, Espanha, It\u00e1lia e B\u00e9lgica<\/strong>"},"content":{"rendered":"\n<p>As elei\u00e7\u00f5es europeias deste domingo (9) revelaram uma onda crescente da direita pol\u00edtica em diversos pa\u00edses. Na\u00e7\u00f5es como Fran\u00e7a, Espanha, It\u00e1lia e B\u00e9lgica observaram um not\u00e1vel fortalecimento dos partidos de centro-direita e direita.<\/p>\n\n\n\n<p>Na Fran\u00e7a, o Reagrupamento Nacional (RN) deu um salto consider\u00e1vel, alcan\u00e7ando o dobro do desempenho do Partido Socialista (PS) do presidente Emmanuel Macron. De acordo com os primeiros resultados divulgados pela ag\u00eancia EFE, o partido de Marine Le Pen e Jordan Bardella conquistou cerca de 32,4% dos votos, enquanto a sigla de Macron conseguiu apenas 15,2%. Em resposta aos resultados, Macron decidiu dissolver o parlamento e convocar novas elei\u00e7\u00f5es.<\/p>\n\n\n\n<p>Na B\u00e9lgica, o Partido Popular Europeu (PPE) emergiu vitorioso sobre a Alian\u00e7a dos Socialistas e Democratas (S&amp;D), assegurando mais cadeiras no Parlamento Europeu. O PPE garantiu 181 assentos, enquanto o S&amp;D ficou com 82.<\/p>\n\n\n\n<p>Na Espanha, o Partido Popular (PP), de centro-direita, saiu vitorioso, obtendo 34,18% dos votos em compara\u00e7\u00e3o aos 30,19% do Partido Socialista (PSOE). O partido de extrema-direita Vox assegurou o terceiro lugar, com 9,62%.<\/p>\n\n\n\n<p>Na It\u00e1lia, o partido Irm\u00e3os de It\u00e1lia (FDI), liderado pela primeira-ministra Giorgia Meloni, superou o Partido Democr\u00e1tico (PD), de centro-esquerda. Estes dados foram baseados nas pesquisas de boca de urna divulgadas pela imprensa local e reportadas pela ag\u00eancia EFE.<\/p>\n\n\n\n<p>Outros pa\u00edses que viram a ascens\u00e3o da direita incluem Gr\u00e9cia, Bulg\u00e1ria, Hungria, Finl\u00e2ndia, Cro\u00e1cia, \u00c1ustria e Alemanha.<\/p>\n\n\n\n<p><strong>Disputa acirrada em Portugal<\/strong><\/p>\n\n\n\n<p>At\u00e9 o fechamento desta mat\u00e9ria, a apura\u00e7\u00e3o dos votos em Portugal indicava uma disputa acirrada entre o Partido Socialista (PS) e a coaliz\u00e3o de centro-direita Alian\u00e7a Democr\u00e1tica (AD), liderada pelo primeiro-ministro Lu\u00eds Montenegro.<\/p>\n\n\n\n<p>Com 97,07% dos votos contados, o PS detinha 32,28%, seguido de perto pela AD, com 31,64%. Em terceiro lugar, o partido de extrema-direita Chega alcan\u00e7ou 9,84% dos votos e garantiu um assento, enquanto a Iniciativa Liberal (IL) conquistou 8,69% e tamb\u00e9m uma cadeira.<\/p>\n\n\n\n<p><strong>Alemanha descarta antecipa\u00e7\u00e3o<\/strong><\/p>\n\n\n\n<p>Nesta segunda-feira, o governo alem\u00e3o rejeitou a ideia de convocar elei\u00e7\u00f5es antecipadas, ao contr\u00e1rio do presidente franc\u00eas, Emmanuel Macron, que tomou essa decis\u00e3o ap\u00f3s ser derrotado pela extrema-direita nas elei\u00e7\u00f5es para o Parlamento Europeu. Berlim tamb\u00e9m observou um aumento da influ\u00eancia de seus radicais no cen\u00e1rio europeu.<\/p>\n\n\n\n<p>\u201cA data regular das elei\u00e7\u00f5es est\u00e1 marcada para o pr\u00f3ximo outono [segundo semestre de 2025]. E \u00e9 isso que pretendemos seguir,\u201d declarou Steffen Hebestreit, porta-voz do governo, em uma coletiva de imprensa.<\/p>\n\n\n\n<p><strong>R\u00fassia se diz atenta<\/strong><\/p>\n\n\n\n<p>O Kremlin declarou nesta segunda-feira (10) que observa \u201ccom aten\u00e7\u00e3o\u201d a ascens\u00e3o dos partidos de extrema direita, frequentemente vistos como simp\u00e1ticos \u00e0 R\u00fassia, na Europa e na Fran\u00e7a ap\u00f3s as elei\u00e7\u00f5es europeias.<\/p>\n\n\n\n<p>\u201cA maioria [no Parlamento Europeu] ser\u00e1 pr\u00f3-Europa e pr\u00f3-Ucr\u00e2nia [\u2026] mas podemos notar a crescente popularidade dos partidos de direita,\u201d afirmou Dmitri Peskov, porta-voz da presid\u00eancia russa.<\/p>\n\n\n\n<p>\u201cCom o passar do tempo, parece que os partidos de direita estar\u00e3o pr\u00f3ximos [dos partidos pr\u00f3-europeus] e estamos acompanhando esse desenvolvimento com cuidado,\u201d adicionou.<\/p>\n","protected":false},"excerpt":{"rendered":"<p>As elei\u00e7\u00f5es europeias deste domingo (9) revelaram uma onda crescente da direita pol\u00edtica em diversos pa\u00edses. Na\u00e7\u00f5es como Fran\u00e7a, Espanha, It\u00e1lia e B\u00e9lgica observaram um not\u00e1vel fortalecimento dos partidos de centro-direita e direita. Na Fran\u00e7a, o Reagrupamento Nacional (RN) deu um salto consider\u00e1vel, alcan\u00e7ando o dobro do desempenho do Partido Socialista (PS) do presidente Emmanuel [&hellip;]<\/p>\n","protected":false},"author":2,"featured_media":19797,"comment_status":"open","ping_status":"open","sticky":false,"template":"","format":"standard","meta":[],"categories":[12,16],"tags":[],"_links":{"self":[{"href":"https:\/\/dgospel.com.br\/portal\/index.php\/wp-json\/wp\/v2\/posts\/19796"}],"collection":[{"href":"https:\/\/dgospel.com.br\/portal\/index.php\/wp-json\/wp\/v2\/posts"}],"about":[{"href":"https:\/\/dgospel.com.br\/portal\/index.php\/wp-json\/wp\/v2\/types\/post"}],"author":[{"embeddable":true,"href":"https:\/\/dgospel.com.br\/portal\/index.php\/wp-json\/wp\/v2\/users\/2"}],"replies":[{"embeddable":true,"href":"https:\/\/dgospel.com.br\/portal\/index.php\/wp-json\/wp\/v2\/comments?post=19796"}],"version-history":[{"count":1,"href":"https:\/\/dgospel.com.br\/portal\/index.php\/wp-json\/wp\/v2\/posts\/19796\/revisions"}],"predecessor-version":[{"id":19798,"href":"https:\/\/dgospel.com.br\/portal\/index.php\/wp-json\/wp\/v2\/posts\/19796\/revisions\/19798"}],"wp:featuredmedia":[{"embeddable":true,"href":"https:\/\/dgospel.com.br\/portal\/index.php\/wp-json\/wp\/v2\/media\/19797"}],"wp:attachment":[{"href":"https:\/\/dgospel.com.br\/portal\/index.php\/wp-json\/wp\/v2\/media?parent=19796"}],"wp:term":[{"taxonomy":"category","embeddable":true,"href":"https:\/\/dgospel.com.br\/portal\/index.php\/wp-json\/wp\/v2\/categories?post=19796"},{"taxonomy":"post_tag","embeddable":true,"href":"https:\/\/dgospel.com.br\/portal\/index.php\/wp-json\/wp\/v2\/tags?post=19796"}],"curies":[{"name":"wp","href":"https:\/\/api.w.org\/{rel}","templated":true}]}}