{"id":198,"date":"2018-05-16T13:54:38","date_gmt":"2018-05-16T16:54:38","guid":{"rendered":"http:\/\/dgospel.com.br\/portal\/?p=198"},"modified":"2018-05-16T13:54:38","modified_gmt":"2018-05-16T16:54:38","slug":"candidatura-de-katia-abreu-ao-governo-do-estado-e-aprovada-pelo-tribunal-regional-eleitoral","status":"publish","type":"post","link":"https:\/\/dgospel.com.br\/portal\/index.php\/2018\/05\/16\/candidatura-de-katia-abreu-ao-governo-do-estado-e-aprovada-pelo-tribunal-regional-eleitoral\/","title":{"rendered":"Candidatura  de K\u00e1tia Abreu  ao governo do Estado \u00e9 aprovada pelo Tribunal Regional Eleitoral"},"content":{"rendered":"<p>A candidatura de K\u00e1tia Abreu (PDT) teve o registro de candidatura aprovado por unanimidade pelo Tribunal Regional Eleitoral do Tocantins. O julgamento ocorreu na manh\u00e3 desta quarta-feira (16). O pedido de impugna\u00e7\u00e3o da candidatura foi feito pelo candidato M\u00e1rlon Reis (Rede sustentabilidade) e pela coliga\u00e7\u00e3o de Carlos Amastha (PSB).<\/p>\n<p>A candidatura de K\u00e1tia Abreu foi questionada porque ela n\u00e3o cumpriu o prazo de filia\u00e7\u00e3o partid\u00e1ria de seis meses e tamb\u00e9m porque n\u00e3o deixou a presid\u00eancia da Federa\u00e7\u00e3o da Agricultura e Pecu\u00e1ria do Tocantins (Faet) no prazo legal de quatro meses.<\/p>\n<p>O procurador eleitoral \u00c1lvaro Manzano afirmou durante o julgamento que estes prazos n\u00e3o devem ser aplicados no caso das elei\u00e7\u00f5es suplementares, que n\u00e3o poderiam ser previstas. Este foi o mesmo entendimento do relator Henrique Pereira dos Santos, que foi acompanhado por unanimidade.<\/p>\n<p>Segundo os ju\u00edzes, o caso \u00e9 diferente dos motivos que levaram a impugna\u00e7\u00e3o\u00a0<a href=\"https:\/\/g1.globo.com\/to\/tocantins\/eleicao-suplementar\/2018\/noticia\/carlos-amashta-tem-candidatura-ao-governo-do-estado-negada-pelo-tre.ghtml\">da candidatura de Carlos Amastha<\/a>. Pois no caso do ex-prefeito de Palmas, o prazo de desincompatibiliza\u00e7\u00e3o do cargo \u00e9 determinado pela Constitui\u00e7\u00e3o Federal.<\/p>\n<p>A elei\u00e7\u00e3o suplementar est\u00e1 marcada para o dia 3 de junho. Tamb\u00e9m foi autorizada nesta quarta-feira (14) a candidatura Mauro Carlesse (PHS). Na ter\u00e7a-feira (15), foram aprovadas as candidaturas\u00a0<a href=\"https:\/\/g1.globo.com\/to\/tocantins\/noticia\/candidatura-de-marlon-reis-ao-governo-do-tocantins-e-deferida-pelo-tre.ghtml\">de M\u00e1rlon Reis (Rede)<\/a>e de<a href=\"https:\/\/g1.globo.com\/to\/tocantins\/eleicao-suplementar\/2018\/noticia\/registro-da-candidatura-de-vicentinho-alves-e-autorizado-pelo-tre.ghtml\">\u00a0Vicentinho Alves (PR).<\/a><\/p>\n<p>J\u00e1 o registro de Carlos Amastha (PSB) foi negado pelo tribunal com\u00a0<a href=\"https:\/\/g1.globo.com\/to\/tocantins\/eleicao-suplementar\/2018\/noticia\/carlos-amashta-tem-candidatura-ao-governo-do-estado-negada-pelo-tre.ghtml\">base nos prazos de desincompatibiliza\u00e7\u00e3o<\/a>. O julgamento do registro de M\u00e1rcio L\u00facio Avelar (PSOL) foi suspenso e deve prosseguir nos pr\u00f3ximos dias.<\/p>\n<p>Perfil<\/p>\n<p>A senadora K\u00e1tia Abreu era pecuarista e comandava fazendas no sul do Tocantins quando come\u00e7ou sua carreira pol\u00edtica. Ela passou pelo antigo PFL e foi filiada ao DEM, PSD e PMDB.<\/p>\n<p>A primeira elei\u00e7\u00e3o que ela venceu foi em 2002, para deputada federal. Em 2006 se tornou senadora pelo Tocantins e foi reeleita em 2014, o \u00fanico per\u00edodo em que ficou afastada do Senado foi enquanto esteve no comando do Minist\u00e9rio da Agricultura, durante o segundo mandato de Dilma Rousseff (PT).<\/p>\n<p>Ao longo da carreira, K\u00e1tia Abreu se envolveu em v\u00e1rias pol\u00eamicas com ambientalistas. Ela tamb\u00e9m foi citada na opera\u00e7\u00e3o Lava Jato durante as dela\u00e7\u00f5es da Odebrecht, mas n\u00e3o chegou a ser indiciada.<\/p>\n<p>Fonte:\u00a0G1 Tocantins<\/p>\n","protected":false},"excerpt":{"rendered":"<p>A candidatura de K\u00e1tia Abreu (PDT) teve o registro de candidatura aprovado por unanimidade pelo Tribunal Regional Eleitoral do Tocantins. O julgamento ocorreu na manh\u00e3 desta quarta-feira (16). O pedido de impugna\u00e7\u00e3o da candidatura foi feito pelo candidato M\u00e1rlon Reis (Rede sustentabilidade) e pela coliga\u00e7\u00e3o de Carlos Amastha (PSB). A candidatura de K\u00e1tia Abreu foi [&hellip;]<\/p>\n","protected":false},"author":2,"featured_media":199,"comment_status":"open","ping_status":"open","sticky":false,"template":"","format":"standard","meta":[],"categories":[2,4],"tags":[],"_links":{"self":[{"href":"https:\/\/dgospel.com.br\/portal\/index.php\/wp-json\/wp\/v2\/posts\/198"}],"collection":[{"href":"https:\/\/dgospel.com.br\/portal\/index.php\/wp-json\/wp\/v2\/posts"}],"about":[{"href":"https:\/\/dgospel.com.br\/portal\/index.php\/wp-json\/wp\/v2\/types\/post"}],"author":[{"embeddable":true,"href":"https:\/\/dgospel.com.br\/portal\/index.php\/wp-json\/wp\/v2\/users\/2"}],"replies":[{"embeddable":true,"href":"https:\/\/dgospel.com.br\/portal\/index.php\/wp-json\/wp\/v2\/comments?post=198"}],"version-history":[{"count":1,"href":"https:\/\/dgospel.com.br\/portal\/index.php\/wp-json\/wp\/v2\/posts\/198\/revisions"}],"predecessor-version":[{"id":200,"href":"https:\/\/dgospel.com.br\/portal\/index.php\/wp-json\/wp\/v2\/posts\/198\/revisions\/200"}],"wp:featuredmedia":[{"embeddable":true,"href":"https:\/\/dgospel.com.br\/portal\/index.php\/wp-json\/wp\/v2\/media\/199"}],"wp:attachment":[{"href":"https:\/\/dgospel.com.br\/portal\/index.php\/wp-json\/wp\/v2\/media?parent=198"}],"wp:term":[{"taxonomy":"category","embeddable":true,"href":"https:\/\/dgospel.com.br\/portal\/index.php\/wp-json\/wp\/v2\/categories?post=198"},{"taxonomy":"post_tag","embeddable":true,"href":"https:\/\/dgospel.com.br\/portal\/index.php\/wp-json\/wp\/v2\/tags?post=198"}],"curies":[{"name":"wp","href":"https:\/\/api.w.org\/{rel}","templated":true}]}}