{"id":1980,"date":"2018-12-03T10:31:54","date_gmt":"2018-12-03T12:31:54","guid":{"rendered":"http:\/\/dgospel.com.br\/portal\/?p=1980"},"modified":"2018-12-03T10:31:54","modified_gmt":"2018-12-03T12:31:54","slug":"primeiro-ministro-israelense-diz-que-estara-na-posse-de-bolsonaro","status":"publish","type":"post","link":"https:\/\/dgospel.com.br\/portal\/index.php\/2018\/12\/03\/primeiro-ministro-israelense-diz-que-estara-na-posse-de-bolsonaro\/","title":{"rendered":"Primeiro-ministro israelense diz que estar\u00e1 na posse de Bolsonaro"},"content":{"rendered":"<p>O primeiro-ministro israelense, Benjamin Netanyahu, confirmou sua presen\u00e7a na posse de Jair Bolsonaro, no dia 1\u00ba de janeiro, segundo informou a assessoria do presidente eleito e pela embaixada de Israel nesta quinta-feira (29).<br \/>\nA presen\u00e7a de Netanyahu na cerim\u00f4nia de posse sela a aproxima\u00e7\u00e3o entre Brasil e Israel, impulsionada pela promessa de Bolsonaro de transferir a embaixada brasileira de Tel Aviv para Jerusal\u00e9m, reconhecendo a cidade como capital do Estado judeu.<\/p>\n<p>Desde sua elei\u00e7\u00e3o, Bolsonaro tem se reunido com o embaixador de Israel no Brasil, Yossi Shelley, por diversas vezes. A \u00faltima foi na quarta-feira (28) na Granja do Torto, um dia depois que o deputado federal Eduardo Bolsonaro (PSL-SP) declarou durante visita aos EUA, que a transfer\u00eancia da embaixada \u00e9 uma decis\u00e3o tomada.<\/p>\n<p>Netanyahu foi um dos primeiros l\u00edderes mundiais a parabenizar Bolsonaro por sua elei\u00e7\u00e3o. \u201cEstou certo de que sua elei\u00e7\u00e3o levar\u00e1 a uma grande amizade entre nossos povos e um estreitamento das rela\u00e7\u00f5es Brasil-Israel. Estamos esperando que ele [Bolsonaro] visite Israel!\u201d, escreveu o premi\u00ea no Twitter no dia 29 de outubro.<\/p>\n<p>Expectativa pela presen\u00e7a de Trump<\/p>\n<p>A pedido de Bolsonaro, o hor\u00e1rio da cerim\u00f4nia de posse em Bras\u00edlia deixar\u00e1 de ser \u00e0s 17h e ser\u00e1 antecipado para \u00e0s 15h no dia 1\u00ba. A mudan\u00e7a poder\u00e1 dificultar a presen\u00e7a de autoridades na capital federal por causa do curto tempo para deslocamentos ap\u00f3s a virada do ano.<\/p>\n<p>A expectativa \u00e9 que haja mais embaixadores na posse do que a presen\u00e7a dos l\u00edderes estrangeiros.<br \/>\nPara chegar \u00e0 posse, por exemplo, Netanyahu dever\u00e1 sair de Israel na madrugada do dia 1\u00ba de janeiro ou passar o Ano Novo em Bras\u00edlia, conforme sugere o UOL. A data n\u00e3o \u00e9 feriado nacional em Israel, que comemora o Ano Novo judaico em setembro ou outubro.<\/p>\n<p>O mesmo valeria para o presidente americano Donald Trump, que n\u00e3o confirmou sua presen\u00e7a na posse. No entanto, Bolsonaro disse nesta quinta que \u201cexiste a possibilidade\u201d de que ele v\u00e1 \u00e0 Bras\u00edlia.<br \/>\nDepois de seu encontro com o presidente eleito, John Bolton, assessor de Trump, usou as redes sociais para refor\u00e7ar o \u201cconvite feito por Trump a Bolsonaro\u201d, para que o pr\u00f3ximo presidente brasileiro visite Washington.<\/p>\n","protected":false},"excerpt":{"rendered":"<p>O primeiro-ministro israelense, Benjamin Netanyahu, confirmou sua presen\u00e7a na posse de Jair Bolsonaro, no dia 1\u00ba de janeiro, segundo informou a assessoria do presidente eleito e pela embaixada de Israel nesta quinta-feira (29). A presen\u00e7a de Netanyahu na cerim\u00f4nia de posse sela a aproxima\u00e7\u00e3o entre Brasil e Israel, impulsionada pela promessa de Bolsonaro de transferir [&hellip;]<\/p>\n","protected":false},"author":2,"featured_media":1981,"comment_status":"open","ping_status":"open","sticky":false,"template":"","format":"standard","meta":[],"categories":[2,10],"tags":[],"_links":{"self":[{"href":"https:\/\/dgospel.com.br\/portal\/index.php\/wp-json\/wp\/v2\/posts\/1980"}],"collection":[{"href":"https:\/\/dgospel.com.br\/portal\/index.php\/wp-json\/wp\/v2\/posts"}],"about":[{"href":"https:\/\/dgospel.com.br\/portal\/index.php\/wp-json\/wp\/v2\/types\/post"}],"author":[{"embeddable":true,"href":"https:\/\/dgospel.com.br\/portal\/index.php\/wp-json\/wp\/v2\/users\/2"}],"replies":[{"embeddable":true,"href":"https:\/\/dgospel.com.br\/portal\/index.php\/wp-json\/wp\/v2\/comments?post=1980"}],"version-history":[{"count":1,"href":"https:\/\/dgospel.com.br\/portal\/index.php\/wp-json\/wp\/v2\/posts\/1980\/revisions"}],"predecessor-version":[{"id":1982,"href":"https:\/\/dgospel.com.br\/portal\/index.php\/wp-json\/wp\/v2\/posts\/1980\/revisions\/1982"}],"wp:featuredmedia":[{"embeddable":true,"href":"https:\/\/dgospel.com.br\/portal\/index.php\/wp-json\/wp\/v2\/media\/1981"}],"wp:attachment":[{"href":"https:\/\/dgospel.com.br\/portal\/index.php\/wp-json\/wp\/v2\/media?parent=1980"}],"wp:term":[{"taxonomy":"category","embeddable":true,"href":"https:\/\/dgospel.com.br\/portal\/index.php\/wp-json\/wp\/v2\/categories?post=1980"},{"taxonomy":"post_tag","embeddable":true,"href":"https:\/\/dgospel.com.br\/portal\/index.php\/wp-json\/wp\/v2\/tags?post=1980"}],"curies":[{"name":"wp","href":"https:\/\/api.w.org\/{rel}","templated":true}]}}