{"id":19801,"date":"2024-06-10T21:46:36","date_gmt":"2024-06-11T00:46:36","guid":{"rendered":"https:\/\/dgospel.com.br\/portal\/?p=19801"},"modified":"2024-06-10T21:46:36","modified_gmt":"2024-06-11T00:46:36","slug":"indice-de-governabilidade-de-lula-atinge-pior-patamar-do-mandato","status":"publish","type":"post","link":"https:\/\/dgospel.com.br\/portal\/index.php\/2024\/06\/10\/indice-de-governabilidade-de-lula-atinge-pior-patamar-do-mandato\/","title":{"rendered":"\u00cdndice de governabilidade de Lula atinge pior patamar do mandato"},"content":{"rendered":"\n<p>A s\u00e9rie de crises do governo do presidente Luiz In\u00e1cio Lula da Silva (PT) com o Congresso tiveram impacto no \u00edndice de governabilidade (I-Gov) do petista e colocam sua gest\u00e3o em situa\u00e7\u00e3o \u201cde risco\u201d.<\/p>\n\n\n\n<p>A conclus\u00e3o est\u00e1 expressa em estudo elaborado pela empresa de intelig\u00eancia de dados 4Intelligence para o Estad\u00e3o. Segundo levantamento da empresa, o I-Gov de Lula registrou a taxa mais baixa em maio, atingindo 40,4%. \u00c9 o pior patamar no terceiro mandato do presidente.<\/p>\n\n\n\n<p>O \u00edndice de governabilidade \u00e9 resultado de levantamento para medir as condi\u00e7\u00f5es do governo de p\u00f4r em pr\u00e1tica suas prioridades e emplacar sua agenda em rela\u00e7\u00e3o aos demais Poderes e ainda sua repercuss\u00e3o na opini\u00e3o p\u00fablica.<\/p>\n\n\n\n<p>Segundo o estudo, a queda est\u00e1 \u201cfortemente impactada pela rela\u00e7\u00e3o com o Poder Legislativo\u201d. A empresa de intelig\u00eancia analisa tr\u00eas fatores para montar o \u00edndice: se o governo consegue aprovar MPs no Congresso; se sofre derrotas em julgamentos no Supremo Tribunal Federal; e como est\u00e1 seu \u00edndice de aprova\u00e7\u00e3o nas pesquisas de opini\u00e3o.<\/p>\n\n\n\n<p>O levantamento da empresa de intelig\u00eancia de dados aponta ainda que \u201c\u00e9 abaixo dos 40% que a situa\u00e7\u00e3o se torna insustent\u00e1vel e de onde um presidente teria que sair rapidamente\u201d. Em abril, o I-Gov foi de 43%. Segundo o levantamento, o \u00edndice de maio p\u00f5e Lula em \u201czona de risco\u201d.<\/p>\n\n\n\n<p>\u2013 Tal cita\u00e7\u00e3o est\u00e1 associada aos cinco meses em que Dilma ficou abaixo dos 40 pontos entre abril e agosto de 2015. Depois disso, o pedido de impeachment foi aceito pela C\u00e2mara em dezembro. A presidente seria afastada menos de um ano depois, em maio de 2016, para se defender. Bolsonaro passou um m\u00eas abaixo dos quarenta pontos, no final de 2021, depois do fat\u00eddico evento de 7 de Setembro daquele ano, em que atacou o STF e pediu a ajuda de Michel Temer para se livrar de problemas mais agudos. A partir de ent\u00e3o, se apegou ao Progressistas, ao or\u00e7amento secreto e \u00e0 necessidade de reelei\u00e7\u00e3o, escapando da zona aguda de desconforto. A pergunta, assim, \u00e9: o que far\u00e1 Lula para se distanciar desse perigoso resultado? \u2013 diz texto do relat\u00f3rio da pesquisa.<\/p>\n\n\n\n<p>Em rela\u00e7\u00e3o ao Legislativo, o governo teve nova queda em maio, com o I-Gov atingindo 14%, ante 18% do levantamento anterior. O estudo atribui o desempenho \u00e0 \u201cperda de 11 medidas provis\u00f3rias (MPs) e com o saldo de zero\u201d na aprova\u00e7\u00e3o desse tipo. De acordo com a 4Intelligence, o resultado deixa o governo com a pior marca na \u201cdimens\u00e3o do Legislativo\u201d.<\/p>\n\n\n\n<p>\u2013 Epis\u00f3dios recentes, envolvendo a negocia\u00e7\u00e3o de outras pautas, voltam a refor\u00e7ar a fragilidade do Executivo em construir a articula\u00e7\u00e3o pol\u00edtica junto ao Legislativo \u2013 afirma o levantamento.<\/p>\n\n\n\n<p>J\u00e1 no Judici\u00e1rio, houve uma queda de cinco pontos porcentuais, chegando a 60%. O estudo conclui que os desafios permanecem ligados \u00e0s dificuldades de uma \u201cpauta interrompida e de a\u00e7\u00f5es associadas a governos anteriores\u201d, apesar da vit\u00f3ria relativa \u00e0 reonera\u00e7\u00e3o da folha de pagamento.<\/p>\n\n\n\n<p>J\u00e1 em rela\u00e7\u00e3o \u00e0 opini\u00e3o p\u00fablica, o \u00edndice chegou a 47,1%, o terceiro m\u00eas consecutivo no patamar de 47% e o quarto abaixo de 50%. Segundo a pesquisa, \u201co resultado incomoda o Planalto, que busca reorganizar o trabalho de comunica\u00e7\u00e3o oficial em torno do desafio de aprimorar sua imagem junto a uma sociedade cindida politicamente\u201d.<\/p>\n\n\n\n<p>*AE<\/p>\n","protected":false},"excerpt":{"rendered":"<p>A s\u00e9rie de crises do governo do presidente Luiz In\u00e1cio Lula da Silva (PT) com o Congresso tiveram impacto no \u00edndice de governabilidade (I-Gov) do petista e colocam sua gest\u00e3o em situa\u00e7\u00e3o \u201cde risco\u201d. A conclus\u00e3o est\u00e1 expressa em estudo elaborado pela empresa de intelig\u00eancia de dados 4Intelligence para o Estad\u00e3o. Segundo levantamento da empresa, [&hellip;]<\/p>\n","protected":false},"author":2,"featured_media":19802,"comment_status":"open","ping_status":"open","sticky":false,"template":"","format":"standard","meta":[],"categories":[4],"tags":[],"_links":{"self":[{"href":"https:\/\/dgospel.com.br\/portal\/index.php\/wp-json\/wp\/v2\/posts\/19801"}],"collection":[{"href":"https:\/\/dgospel.com.br\/portal\/index.php\/wp-json\/wp\/v2\/posts"}],"about":[{"href":"https:\/\/dgospel.com.br\/portal\/index.php\/wp-json\/wp\/v2\/types\/post"}],"author":[{"embeddable":true,"href":"https:\/\/dgospel.com.br\/portal\/index.php\/wp-json\/wp\/v2\/users\/2"}],"replies":[{"embeddable":true,"href":"https:\/\/dgospel.com.br\/portal\/index.php\/wp-json\/wp\/v2\/comments?post=19801"}],"version-history":[{"count":1,"href":"https:\/\/dgospel.com.br\/portal\/index.php\/wp-json\/wp\/v2\/posts\/19801\/revisions"}],"predecessor-version":[{"id":19803,"href":"https:\/\/dgospel.com.br\/portal\/index.php\/wp-json\/wp\/v2\/posts\/19801\/revisions\/19803"}],"wp:featuredmedia":[{"embeddable":true,"href":"https:\/\/dgospel.com.br\/portal\/index.php\/wp-json\/wp\/v2\/media\/19802"}],"wp:attachment":[{"href":"https:\/\/dgospel.com.br\/portal\/index.php\/wp-json\/wp\/v2\/media?parent=19801"}],"wp:term":[{"taxonomy":"category","embeddable":true,"href":"https:\/\/dgospel.com.br\/portal\/index.php\/wp-json\/wp\/v2\/categories?post=19801"},{"taxonomy":"post_tag","embeddable":true,"href":"https:\/\/dgospel.com.br\/portal\/index.php\/wp-json\/wp\/v2\/tags?post=19801"}],"curies":[{"name":"wp","href":"https:\/\/api.w.org\/{rel}","templated":true}]}}